{"id":934,"date":"2022-02-16T10:00:56","date_gmt":"2022-02-16T09:00:56","guid":{"rendered":"https:\/\/www.u-bahn-muenchen.de\/blog\/?p=934"},"modified":"2024-10-07T13:27:58","modified_gmt":"2024-10-07T11:27:58","slug":"u5-sued-neues-gestaltungskonzept-vorgestellt","status":"publish","type":"post","link":"https:\/\/www.u-bahn-muenchen.de\/blog\/2022\/02\/u5-sued-neues-gestaltungskonzept-vorgestellt\/","title":{"rendered":"U5-S\u00fcd: Neues Gestaltungskonzept vorgestellt"},"content":{"rendered":"\n<p class=\"wp-block-paragraph\">Nachdem in den letzten Monaten bereits die bisherigen Gestaltungselemente und Hintergleisw\u00e4nde an den U-Bahnh\u00f6fen entlang des S\u00fcdastes der U5 entfernt wurden, wurden nun die k\u00fcnftigen individuellen Gestaltungen vorgestellt. <\/p>\n\n\n\n<p class=\"wp-block-paragraph\">Mit der Sanierung der sogenannten Hintergleisfassaden kommt erstmals ein neues Gestaltungskonzept zum Einsatz, das gemeinsam mit dem Architekturb\u00fcro allmannwappner entwickelt wurde und das bisherige Gestaltungsmuster aus den achtziger Jahren ersetzt. Die Neugestaltung der Hintergleisfassaden soll bis Juni 2022 abgeschlossen sein.<\/p>\n\n\n\n<p class=\"wp-block-paragraph\">Mit dem neuen Gestaltungskonzept setzt die MVG auf der U5 S\u00fcd auf individuelle Identit\u00e4ten f\u00fcr die U-Bahnh\u00f6fe [bflink id=MC], [bflink id=QI], [bflink id=NZ] und [bflink id=TG]. Die neuen Designs basieren auf der Farbe Gelb, die bereits an den \u00fcbrigen Bahnh\u00f6fen der <a href=\"\/netz\/u5\/\">U5<\/a> pr\u00e4gend ist.&nbsp;Individuelle Symbole und Bilder spiegeln k\u00fcnftig die Gegend vor Ort sowie ber\u00fchmte Namensgeber der Haltestellen wider. <\/p>\n\n\n\n<p class=\"wp-block-paragraph\"><\/p>\n\n\n\n<ul class=\"wp-block-list\">\n<li>Den U-Bahnhof [bflink id=MC] zieren in Zukunft Motive aus dem Schwimmsport \u2013 ein Verweis auf das nahegelegene Freizeitbad. <\/li>\n\n\n\n<li>Am Bahnhof [bflink id=QI], der nach dem Friedensnobelpreistr\u00e4ger Ludwig Quidde benannt ist, werden stilisierte Friedenstauben zu sehen sein. <\/li>\n\n\n\n<li>Die Gestaltung der Haltestelle [bflink id=NZ] als urbanem Mittelpunkt des Viertels ist von st\u00e4dtebaulichen Motiven gepr\u00e4gt. <\/li>\n\n\n\n<li>An der [bflink id=TG] blicken Fahrg\u00e4ste k\u00fcnftig auf abstrakte Portraits der M\u00fcnchner Schauspielerin.&nbsp;<\/li>\n<\/ul>\n\n\n<p>[imagelist col=2 comment=true]mc_neugestaltung_2022,qi_neugestaltung_2022,nz_neugestaltung_2022,tg_neugestaltung_2022[\/imagelist]<\/p>\n\n\n\n<p class=\"wp-block-paragraph\">Nachdem die Bezirksaussch\u00fcsse Ramersdorf-Perlach und Trudering den Entw\u00fcrfen der MVG zugestimmt hatten, k\u00f6nnen die Arbeiten f\u00fcr die Neugestaltung der U-Bahnh\u00f6fe Ende des Monats beginnen. In der Stadtgestaltungskommission wurde der \u00fcbergeordnete Gestaltungsleitfaden bereits Anfang 2021 vorgestellt.<\/p>\n\n\n\n<p class=\"wp-block-paragraph\">Die Sanierung der Hintergleisfassaden, die noch aus der Zeit der <a rel=\"noreferrer noopener\" href=\"\/geschichte\/netzausbau\/#u8\" data-type=\"URL\" data-id=\"\/geschichte\/netzausbau\/#u8\" target=\"_blank\">Streckener\u00f6ffnung im Jahr 1980 (damals als U8)<\/a> stammen, ist notwendig, da einzelne Bauteile nach mehr als 40 Jahren das Ende ihres Lebenszyklus erreicht hatten und daher ersetzt werden m\u00fcssen. Der R\u00fcckbau der bisherigen Fassadenteile l\u00e4uft bereits seit Dezember 2021.&nbsp;<\/p>\n\n\n\n<p class=\"wp-block-paragraph\">Im Unterschied zu den bisherigen Wandelementen wird die neue Gestaltung direkt auf die Sichtbetonw\u00e4nde angebracht.<\/p>\n\n\n\n<p class=\"wp-block-paragraph\">Die Pfeiler in Bahnsteigmitte sowie die Deckenelemente werden zu einem sp\u00e4teren Zeitpunkt erneuert. <\/p>\n\n\n\n<h3 class=\"wp-block-heading\" id=\"kommentar-des-autors\">Kommentar des Autors<\/h3>\n\n\n\n<p class=\"wp-block-paragraph\">Die Erneuerung der Gestaltung der \u00e4lteren U-Bahnh\u00f6fe ist ein begr\u00fc\u00dfenswerter Schritt. Nach den urspr\u00fcnglichen Ank\u00fcndigungen zum oben erw\u00e4hnten <a href=\"https:\/\/www.allmannwappner.com\/de\/projekte\/9115\/gestaltungsleitfaden-u-bahn-munchen\" data-type=\"URL\" data-id=\"https:\/\/www.allmannwappner.com\/de\/projekte\/9115\/gestaltungsleitfaden-u-bahn-munchen\" target=\"_blank\" rel=\"noreferrer noopener\">Gestaltungsleitfaden<\/a> war allerdings zu bef\u00fcrchten, dass kaum noch Raum f\u00fcr individuelle Gestaltungen \u2013 ja \u00fcberhaupt f\u00fcr Gestaltung der Hintergleisw\u00e4nde \u2013 vorhanden sein w\u00fcrde. Das hat sich zum Gl\u00fcck nicht bewahrheitet. Die hier vorgestellten Entw\u00fcrfe kn\u00fcpfen an die lokalen Gegebenheiten an und verj\u00fcngen die Optik der gezeigten Bahnh\u00f6fe deutlich. F\u00fcr die weiteren Bahnh\u00f6fe mit Er\u00f6ffnungsjahren in den 1970ern und fr\u00fchen 1980ern bleibt zu hoffen, dass hier \u00e4hnlich vorgegangen wird.<\/p>\n\n\n\n<p class=\"wp-block-paragraph\">\u00dcber Geschmack l\u00e4sst sich bekanntlich streiten, mir gefallen die Entw\u00fcrfe aber durchaus. Lediglich die Gestaltung der Pfeiler wirkt etwas belanglos, bisher waren diese ja doch immer ein gutes Unterscheidungsmerkmal zwischen den Bahnh\u00f6fen, sodass man die Bahnhofsnamen gar nicht lesen musste um zu wissen, wo man sich befindet. <\/p>\n\n\n\n<h3 class=\"wp-block-heading\" id=\"weitere-informationen\">Weitere Informationen<\/h3>\n\n\n\n<ul class=\"wp-block-list\">\n<li><a rel=\"noreferrer noopener\" href=\"https:\/\/www.mvg.de\/ueber\/mvg-projekte\/bauprojekte\/hintergleisfassaden-U5.html\" data-type=\"URL\" data-id=\"https:\/\/www.mvg.de\/ueber\/mvg-projekte\/bauprojekte\/hintergleisfassaden-U5.html\" target=\"_blank\">mvg.de: Individuelles Design f\u00fcr jede Station: Neues Gestaltungskonzept f\u00fcr vier U-Bahnh\u00f6fe auf der U5 S\u00fcd<\/a><\/li>\n<\/ul>\n","protected":false},"excerpt":{"rendered":"<p>Nachdem in den letzten Monaten bereits die bisherigen Gestaltungselemente und Hintergleisw\u00e4nde an den U-Bahnh\u00f6fen entlang des S\u00fcdastes der U5 entfernt wurden, wurden nun die k\u00fcnftigen individuellen Gestaltungen vorgestellt. Mit der Sanierung der sogenannten Hintergleisfassaden kommt erstmals ein neues Gestaltungskonzept zum Einsatz, das gemeinsam mit dem Architekturb\u00fcro allmannwappner entwickelt wurde und das bisherige Gestaltungsmuster aus den [&hellip;]<\/p>\n","protected":false},"author":2,"featured_media":0,"comment_status":"open","ping_status":"open","sticky":false,"template":"","format":"standard","meta":{"advanced_seo_description":"","jetpack_seo_html_title":"","jetpack_seo_noindex":false,"jetpack_seo_schema_type":"","_jetpack_newsletter_access":"","_jetpack_dont_email_post_to_subs":false,"_jetpack_newsletter_tier_id":0,"_jetpack_memberships_contains_paywalled_content":false,"_jetpack_feature_clip_id":0,"_jetpack_memberships_contains_paid_content":false,"footnotes":"","jetpack_post_was_ever_published":false},"categories":[2],"tags":[],"class_list":["post-934","post","type-post","status-publish","format-standard","hentry","category-u-bahnhofe"],"jetpack_shortlink":"https:\/\/wp.me\/p87CPJ-f4","jetpack-related-posts":[{"id":1197,"url":"https:\/\/www.u-bahn-muenchen.de\/blog\/2026\/07\/hauptbahnhof-neue-zugaenge-und-gestaltung-bis-2035-geplant\/","url_meta":{"origin":934,"position":0},"title":"Hauptbahnhof: Neue Zug\u00e4nge und Gestaltung bis 2035 geplant","author":"Florian Sch\u00fctz","date":"8. Juli 2026","format":false,"excerpt":"Der U-Bahnhof [bflink id=HO] der U4 und U5 unter der Bayerstra\u00dfe steht vor der gr\u00f6\u00dften Umgestaltung seiner Geschichte. Wie aus einer aktuellen Ausschreibung der Stadtwerke M\u00fcnchen (SWM) hervorgeht, soll die 1984 er\u00f6ffnete Station bis 2035 grundlegend erweitert und modernisiert werden \u2013 mit einer komplett neu zug\u00e4nglichen Ebene \u00fcber dem Bahnsteig,\u2026","rel":"","context":"In &quot;St\u00f6rungen und Bauarbeiten&quot;","block_context":{"text":"St\u00f6rungen und Bauarbeiten","link":"https:\/\/www.u-bahn-muenchen.de\/blog\/category\/storungen-und-bauarbeiten\/"},"img":{"alt_text":"","src":"","width":0,"height":0},"classes":[]},{"id":590,"url":"https:\/\/www.u-bahn-muenchen.de\/blog\/2021\/04\/u5-nach-pasing-letzter-abschnitt-ist-genehmigt\/","url_meta":{"origin":934,"position":1},"title":"U5 nach Pasing: letzter Abschnitt ist genehmigt","author":"Florian Sch\u00fctz","date":"27. April 2021","format":false,"excerpt":"Seit vielen Jahren wird \u00fcber die Verl\u00e4ngerung der U5 nach Pasing diskutiert und gestritten, mehr als einige bauvorbereitende Ma\u00dfnahmen sind auch noch nicht erfolgt. In dieser Woche ist f\u00fcr den letzten noch ausstehenden Abschnitt vom Bahnhof [bflink id=KI] bis [bflink id=PG] die Planfeststellungsgenehmigung erteilt worden. F\u00fcr beide vorigen Abschnitte der\u2026","rel":"","context":"In &quot;Netz&quot;","block_context":{"text":"Netz","link":"https:\/\/www.u-bahn-muenchen.de\/blog\/category\/netz\/"},"img":{"alt_text":"","src":"","width":0,"height":0},"classes":[]},{"id":387,"url":"https:\/\/www.u-bahn-muenchen.de\/blog\/2014\/02\/projekt-u9-entlastungsspange-fuer-die-innenstadt\/","url_meta":{"origin":934,"position":2},"title":"Projekt U9: Entlastungsspange f\u00fcr die Innenstadt","author":"Florian Sch\u00fctz","date":"11. Februar 2014","format":false,"excerpt":"Bereits seit einigen Jahren wird seitens der MVG eine weitere Innenstadtstrecke zur Entlastung der heutigen Strecken von U1\/U2 und U3\/U6 unter dem Arbeitstitel \"U9\" geplant. Am heutigen 11. Februar stellten die Stadtwerke M\u00fcnchen \/ M\u00fcnchner Verkehrsgesellschaft eine Machbarkeitsstudie vor, die diese \"U9-Spange\" genauer untersucht hat. Die Studie von SWM\/MVG und\u2026","rel":"","context":"In &quot;Betrieb&quot;","block_context":{"text":"Betrieb","link":"https:\/\/www.u-bahn-muenchen.de\/blog\/category\/betrieb\/"},"img":{"alt_text":"","src":"","width":0,"height":0},"classes":[]},{"id":4,"url":"https:\/\/www.u-bahn-muenchen.de\/blog\/2007\/01\/munchens-schonster-u-bahnhof\/","url_meta":{"origin":934,"position":3},"title":"M\u00fcnchens sch\u00f6nster U-Bahnhof?","author":"Florian Sch\u00fctz","date":"15. Januar 2007","format":false,"excerpt":"Ich werde immer wieder gefragt, was ich f\u00fcr M\u00fcnchens sch\u00f6nsten U-Bahnhof halte. Aber ich bin ehrlich gesagt nicht in der Lage, darauf eine definitive Antwort zu geben. M\u00fcnchen hat einfach zu viele sch\u00f6ne U-Bahnh\u00f6fe! Ich versuche mich hier mal in einer kleinen Aufz\u00e4hlung. [img id=gb_5 align=right] Georg-Brauchle-Ring Die Abendzeitung hat\u2026","rel":"","context":"In &quot;U-Bahnh\u00f6fe&quot;","block_context":{"text":"U-Bahnh\u00f6fe","link":"https:\/\/www.u-bahn-muenchen.de\/blog\/category\/u-bahnhofe\/"},"img":{"alt_text":"","src":"","width":0,"height":0},"classes":[]},{"id":1162,"url":"https:\/\/www.u-bahn-muenchen.de\/blog\/2026\/06\/u5-verlaengerung-durchstich-laimer-tunnel\/","url_meta":{"origin":934,"position":4},"title":"U5-Verl\u00e4ngerung nach Pasing: Durchstich im Laimer Tunnel","author":"Florian Sch\u00fctz","date":"17. Juni 2026","format":false,"excerpt":"Am 17. Juni 2026 ist im Baulos 1 unter der Gotthardstra\u00dfe der Durchstich des 1,1 Kilometer langen U5-Tunnels erreicht \u2013 das Bauwerk ist nun auf seiner gesamten L\u00e4nge begehbar.","rel":"","context":"In &quot;Netz&quot;","block_context":{"text":"Netz","link":"https:\/\/www.u-bahn-muenchen.de\/blog\/category\/netz\/"},"img":{"alt_text":"","src":"","width":0,"height":0},"classes":[]},{"id":104,"url":"https:\/\/www.u-bahn-muenchen.de\/blog\/2010\/08\/fraunhoferstrasse-und-hohenzollernplatz-anstehende-bauarbeiten\/","url_meta":{"origin":934,"position":5},"title":"Fraunhoferstra\u00dfe und Hohenzollernplatz: Anstehende Bauarbeiten","author":"Florian Sch\u00fctz","date":"4. August 2010","format":false,"excerpt":"Neben der Erneuerung der Rolltreppen an vielen Bahnh\u00f6fen inklusive der zeitweiligen Sperrung des Bahnhofs [bflink id=FH] m\u00fcssen demn\u00e4chst auch die Pfeilerverkleidungen am [bflink id=HZ] erneuert werden. Viele der M\u00fcnchner U-Bahnh\u00f6fe sind mittlerweile angesichts ihres Alters von 30 Jahren und mehr sanierungsbed\u00fcrftig. Am [bflink id=MP] wurde im Zuge des Neubaus der\u2026","rel":"","context":"In &quot;St\u00f6rungen und Bauarbeiten&quot;","block_context":{"text":"St\u00f6rungen und Bauarbeiten","link":"https:\/\/www.u-bahn-muenchen.de\/blog\/category\/storungen-und-bauarbeiten\/"},"img":{"alt_text":"","src":"","width":0,"height":0},"classes":[]}],"jetpack_sharing_enabled":true,"jetpack_featured_media_url":"","_links":{"self":[{"href":"https:\/\/www.u-bahn-muenchen.de\/blog\/wp-json\/wp\/v2\/posts\/934","targetHints":{"allow":["GET"]}}],"collection":[{"href":"https:\/\/www.u-bahn-muenchen.de\/blog\/wp-json\/wp\/v2\/posts"}],"about":[{"href":"https:\/\/www.u-bahn-muenchen.de\/blog\/wp-json\/wp\/v2\/types\/post"}],"author":[{"embeddable":true,"href":"https:\/\/www.u-bahn-muenchen.de\/blog\/wp-json\/wp\/v2\/users\/2"}],"replies":[{"embeddable":true,"href":"https:\/\/www.u-bahn-muenchen.de\/blog\/wp-json\/wp\/v2\/comments?post=934"}],"version-history":[{"count":14,"href":"https:\/\/www.u-bahn-muenchen.de\/blog\/wp-json\/wp\/v2\/posts\/934\/revisions"}],"predecessor-version":[{"id":1184,"href":"https:\/\/www.u-bahn-muenchen.de\/blog\/wp-json\/wp\/v2\/posts\/934\/revisions\/1184"}],"wp:attachment":[{"href":"https:\/\/www.u-bahn-muenchen.de\/blog\/wp-json\/wp\/v2\/media?parent=934"}],"wp:term":[{"taxonomy":"category","embeddable":true,"href":"https:\/\/www.u-bahn-muenchen.de\/blog\/wp-json\/wp\/v2\/categories?post=934"},{"taxonomy":"post_tag","embeddable":true,"href":"https:\/\/www.u-bahn-muenchen.de\/blog\/wp-json\/wp\/v2\/tags?post=934"}],"curies":[{"name":"wp","href":"https:\/\/api.w.org\/{rel}","templated":true}]}}