{"id":9,"date":"2007-03-26T20:50:21","date_gmt":"2007-03-26T19:50:21","guid":{"rendered":"http:\/\/www.muenchnerubahn.de\/blog\/2007\/03\/tv-tipp\/"},"modified":"2007-03-26T20:50:21","modified_gmt":"2007-03-26T19:50:21","slug":"tv-tipp","status":"publish","type":"post","link":"https:\/\/www.u-bahn-muenchen.de\/blog\/2007\/03\/tv-tipp\/","title":{"rendered":"TV-Tipp"},"content":{"rendered":"<p>Vor ein paar Monaten habe ich schon mal ein Telefonat mit einer Redakteurin von <a href=\"http:\/\/www.arte.tv\/\">arte<\/a> gef\u00fchrt, jetzt ist es wohl soweit und der damals angek\u00fcndigte Beitrag \u00fcber U-Bahn Architektur, speziell in M\u00fcnchen wird ausgestrahlt.<\/p>\n<p>Am <a href=\"http:\/\/www.arte.tv\/de\/woche\/244,broadcastingNum=645397,day=6,week=13,year=2007.html\">29. M\u00e4rz um 12:35 Uhr<\/a> wird die Sendung <a href=\"http:\/\/www.arte.tv\/de\/wissen-entdeckung\/chic\/1514210.html\">chic<\/a> ausgestrahlt, in der es unter anderem um folgendes geht:<\/p>\n<blockquote><p><em><span class=\"ArticleTexte\">Man sagt der Stadt M\u00fcnchen nach, ihre Architektur sei unter der Erde noch sehenswerter als \u00fcberirdisch! Die Stationen der U-Bahn wurden von renommierten Architekten unter Mitwirkung von Designern und K\u00fcnstlern gestaltet. Manche M\u00fcnchener U-Bahnh\u00f6fe sind wahre Schmuckst\u00fccke urbaner Architektur, zum Beispiel die Station St.-Quirin-Platz vom Rei\u00dfbrett der preisgekr\u00f6nten Architekten Hermann + \u00d6ttl.<\/span><\/em><\/p><\/blockquote>\n<p>Die ganze Sendung dauert 30 Minuten, der Bericht ist einer von vieren in der Sendung. Die Wiederholung wird am 5. April um 10:10 Uhr sein.<\/p>\n<p>Freundlicherweise verlinkt arte von seiner Website aus zu muenchnerubahn.de, deshalb bin ich jetzt auch auf die Sendung noch rechtzeitig aufmerksam geworden.<\/p>\n","protected":false},"excerpt":{"rendered":"<p>Vor ein paar Monaten habe ich schon mal ein Telefonat mit einer Redakteurin von arte gef\u00fchrt, jetzt ist es wohl soweit und der damals angek\u00fcndigte Beitrag \u00fcber U-Bahn Architektur, speziell in M\u00fcnchen wird ausgestrahlt. Am 29. M\u00e4rz um 12:35 Uhr wird die Sendung chic ausgestrahlt, in der es unter anderem um folgendes geht: Man sagt [&hellip;]<\/p>\n","protected":false},"author":2,"featured_media":0,"comment_status":"open","ping_status":"open","sticky":false,"template":"","format":"standard","meta":{"advanced_seo_description":"","jetpack_seo_html_title":"","jetpack_seo_noindex":false,"jetpack_seo_schema_type":"","_jetpack_newsletter_access":"","_jetpack_dont_email_post_to_subs":false,"_jetpack_newsletter_tier_id":0,"_jetpack_memberships_contains_paywalled_content":false,"_jetpack_feature_clip_id":0,"_jetpack_memberships_contains_paid_content":false,"footnotes":"","jetpack_post_was_ever_published":false},"categories":[1],"tags":[],"class_list":["post-9","post","type-post","status-publish","format-standard","hentry","category-ueber"],"jetpack_shortlink":"https:\/\/wp.me\/p87CPJ-9","jetpack-related-posts":[{"id":355,"url":"https:\/\/www.u-bahn-muenchen.de\/blog\/2012\/05\/u-bahnhof-munchner-freiheit-umbau-wird-mit-dem-local-rail-award-ausgezeichnet\/","url_meta":{"origin":9,"position":0},"title":"U-Bahnhof M\u00fcnchner Freiheit: Umbau wird mit dem Local Rail Award ausgezeichnet","author":"Florian Sch\u00fctz","date":"10. Mai 2012","format":false,"excerpt":"Die [bflink id=MU] ist jetzt preisgekr\u00f6nt: F\u00fcr die gelungene Erneuerung der Umsteigehaltestelle an der Oberfl\u00e4che und die Modernisierung der U-Bahnstation hat die M\u00fcnchner Verkehrsgesellschaft (MVG) am 9. Mai in Warschau den \u201eLocal Rail Award\u201c der UITP (Internationaler Verband f\u00fcr \u00f6ffentliches Verkehrswesen) in der Kategorie \u201eStops and stations\u201c erhalten. Gew\u00fcrdigt wird\u2026","rel":"","context":"In &quot;U-Bahnh\u00f6fe&quot;","block_context":{"text":"U-Bahnh\u00f6fe","link":"https:\/\/www.u-bahn-muenchen.de\/blog\/category\/u-bahnhofe\/"},"img":{"alt_text":"","src":"","width":0,"height":0},"classes":[]},{"id":8,"url":"https:\/\/www.u-bahn-muenchen.de\/blog\/2007\/02\/nichts-ist-fur-die-ewigkeit\/","url_meta":{"origin":9,"position":1},"title":"Nichts ist f\u00fcr die Ewigkeit","author":"Ben","date":"18. Februar 2007","format":false,"excerpt":"Pl\u00e4doyer f\u00fcr die Umgestaltung \u00e4lterer U-Bahnh\u00f6fe In der S\u00fcddeutschen Zeitung war vor einigen Wochen zu lesen, da\u00df in den n\u00e4chsten Jahren einige U-Bahnh\u00f6fe zur Sanierung anst\u00fcnden. Es wurde in erster Linie von den 1971\/72 er\u00f6ffneten Bahnh\u00f6fen gesprochen, namentlich wurde, wenn ich das richtig im Kopf habe (ich finde den Artikel\u2026","rel":"","context":"In &quot;U-Bahnh\u00f6fe&quot;","block_context":{"text":"U-Bahnh\u00f6fe","link":"https:\/\/www.u-bahn-muenchen.de\/blog\/category\/u-bahnhofe\/"},"img":{"alt_text":"","src":"","width":0,"height":0},"classes":[]},{"id":20,"url":"https:\/\/www.u-bahn-muenchen.de\/blog\/2010\/05\/paolo-nestler\/","url_meta":{"origin":9,"position":2},"title":"Paolo Nestler &#8211; Ein Nachruf","author":"Florian Sch\u00fctz","date":"8. Mai 2010","format":false,"excerpt":"Vor wenigen Wochen ist einer der Pioniere der M\u00fcnchner U-Bahn im Alter von 89 Jahren gestorben: Professor Paolo Nestler. Obwohl der Name vermutlich wenigen etwas sagt, kennt jeder M\u00fcnchner zahlreiche seiner Bauwerke: Paolo Nestler zeichnet sich f\u00fcr eine Vielzahl an U-Bahnh\u00f6fen in M\u00fcnchen verantwortlich, darunter fast alle des 1971 er\u00f6ffneten\u2026","rel":"","context":"In &quot;Geschichte&quot;","block_context":{"text":"Geschichte","link":"https:\/\/www.u-bahn-muenchen.de\/blog\/category\/geschichte\/"},"img":{"alt_text":"","src":"","width":0,"height":0},"classes":[]},{"id":961,"url":"https:\/\/www.u-bahn-muenchen.de\/blog\/2022\/02\/planung-aus-einer-hand-fur-kunftige-u-und-s-bahnstation-in-englschalking\/","url_meta":{"origin":9,"position":3},"title":"Planung aus einer Hand f\u00fcr k\u00fcnftige U- und S-Bahnstation in Englschalking","author":"Florian Sch\u00fctz","date":"28. Februar 2022","format":false,"excerpt":"Die DB Netz AG bindet in ihre laufende Planung f\u00fcr den viergleisigen Ausbau zwischen Daglfing und Johanneskirchen ab sofort die Planung f\u00fcr ein gemeinsames Kreuzungsbauwerk der S-Bahnlinie S8 und der U-Bahnlinie U4 in [bflink id=ES] ein. Das haben die Stadt M\u00fcnchen als zust\u00e4ndiger Vorhabentr\u00e4ger f\u00fcr den U-Bahn-Bau und die DB\u2026","rel":"","context":"In &quot;Netz&quot;","block_context":{"text":"Netz","link":"https:\/\/www.u-bahn-muenchen.de\/blog\/category\/netz\/"},"img":{"alt_text":"","src":"","width":0,"height":0},"classes":[]},{"id":611,"url":"https:\/\/www.u-bahn-muenchen.de\/blog\/2021\/05\/terminankuendigung-infoveranstaltung-u-bahn-betriebshof-sued\/","url_meta":{"origin":9,"position":4},"title":"Terminank\u00fcndigung: Infoveranstaltung U-Bahn-Betriebshof S\u00fcd","author":"Florian Sch\u00fctz","date":"3. Mai 2021","format":false,"excerpt":"Die M\u00fcnchner Verkehrs\u00adgesellschaft wird am 12. Mai um 18:30 Uhr in einer virtuellen Infor\u00admations\u00advorstellung zum Zukunfts\u00adprojekt \"U-Bahn-Betriebshof S\u00fcd\" informieren. Der neue Stand\u00adort in Neuperlach S\u00fcd schafft Platz und Werkstatt\u00adkapazit\u00e4ten f\u00fcr die wachsende Zahl an U-Bahnz\u00fcgen. Sie erm\u00f6glichen es, das U-Bahnangebot auszubauen, das Streckennetz zu erweitern und die Leistungsf\u00e4higkeit des U-Bahnsystems\u2026","rel":"","context":"In &quot;Betrieb&quot;","block_context":{"text":"Betrieb","link":"https:\/\/www.u-bahn-muenchen.de\/blog\/category\/betrieb\/"},"img":{"alt_text":"","src":"","width":0,"height":0},"classes":[]},{"id":532,"url":"https:\/\/www.u-bahn-muenchen.de\/blog\/2019\/11\/sendlinger-tor-umbau-nimmt-gestalt-an\/","url_meta":{"origin":9,"position":5},"title":"Sendlinger Tor: der Umbau nimmt Gestalt an","author":"Florian Sch\u00fctz","date":"3. November 2019","format":false,"excerpt":"Seit dem Jahr 2017 wird der U-Bahnhof am Sendlinger Tor umgebaut und erweitert. Bisher waren f\u00fcr Fahrg\u00e4ste der U-Bahn und alle, die gleich mit welchem Verkehrsmittel irgendwie am Sendlinger Tor vorbei mussten, prim\u00e4r die Einschr\u00e4nkungen und Baustellenfl\u00e4chen sichtbar. Allm\u00e4hlich \u00e4ndert sich das. [img id=zza_se_bauarbeiten_pendelbetrieb align=right]Seit einigen Tagen kann man bereits\u2026","rel":"","context":"In &quot;St\u00f6rungen und Bauarbeiten&quot;","block_context":{"text":"St\u00f6rungen und Bauarbeiten","link":"https:\/\/www.u-bahn-muenchen.de\/blog\/category\/storungen-und-bauarbeiten\/"},"img":{"alt_text":"","src":"","width":0,"height":0},"classes":[]}],"jetpack_sharing_enabled":true,"jetpack_featured_media_url":"","_links":{"self":[{"href":"https:\/\/www.u-bahn-muenchen.de\/blog\/wp-json\/wp\/v2\/posts\/9","targetHints":{"allow":["GET"]}}],"collection":[{"href":"https:\/\/www.u-bahn-muenchen.de\/blog\/wp-json\/wp\/v2\/posts"}],"about":[{"href":"https:\/\/www.u-bahn-muenchen.de\/blog\/wp-json\/wp\/v2\/types\/post"}],"author":[{"embeddable":true,"href":"https:\/\/www.u-bahn-muenchen.de\/blog\/wp-json\/wp\/v2\/users\/2"}],"replies":[{"embeddable":true,"href":"https:\/\/www.u-bahn-muenchen.de\/blog\/wp-json\/wp\/v2\/comments?post=9"}],"version-history":[{"count":0,"href":"https:\/\/www.u-bahn-muenchen.de\/blog\/wp-json\/wp\/v2\/posts\/9\/revisions"}],"wp:attachment":[{"href":"https:\/\/www.u-bahn-muenchen.de\/blog\/wp-json\/wp\/v2\/media?parent=9"}],"wp:term":[{"taxonomy":"category","embeddable":true,"href":"https:\/\/www.u-bahn-muenchen.de\/blog\/wp-json\/wp\/v2\/categories?post=9"},{"taxonomy":"post_tag","embeddable":true,"href":"https:\/\/www.u-bahn-muenchen.de\/blog\/wp-json\/wp\/v2\/tags?post=9"}],"curies":[{"name":"wp","href":"https:\/\/api.w.org\/{rel}","templated":true}]}}