{"id":821,"date":"2021-07-07T15:25:24","date_gmt":"2021-07-07T13:25:24","guid":{"rendered":"https:\/\/www.u-bahn-muenchen.de\/blog\/?p=821"},"modified":"2021-07-07T18:04:18","modified_gmt":"2021-07-07T16:04:18","slug":"betriebshof-sued-aenderung-des-flaechennutzungsplans","status":"publish","type":"post","link":"https:\/\/www.u-bahn-muenchen.de\/blog\/2021\/07\/betriebshof-sued-aenderung-des-flaechennutzungsplans\/","title":{"rendered":"Betriebshof S\u00fcd: \u00c4nderung des Fl\u00e4chennutzungsplans beschlossen"},"content":{"rendered":"\n<p class=\"wp-block-paragraph\">Wie die heutige Rathausumschau meldet, hat der Ausschuss f\u00fcr Stadtplanung und Bauordnung dem Antrag auf \u00c4nderung des Fl\u00e4chennutzungsplans zugestimmt. Damit ist ein wichtiger Schritt zur Erlangung des Baurechts f\u00fcr den geplanten Betriebshof S\u00fcd absolviert. <\/p>\n\n\n\n<p class=\"wp-block-paragraph\">[img id=bs-projektbild align=right size=mittel4]Auf einem zirka sieben Hektar gro\u00dfen Gebiet am Stadtrand von M\u00fcnchen in Ramersdorf-Perlach soll zuk\u00fcnftig ein zweiter U-Bahn-Betriebshof errichtet werden. Der Ausschuss f\u00fcr Stadtplanung und Bauordnung des Stadtrats hat daf\u00fcr die \u00c4nderung des Fl\u00e4chennutzungsplans mit integrierter Landschaftsplanung vorbehaltlich der Best\u00e4tigung durch die Vollversammlung gebilligt.<\/p>\n\n\n\n<p class=\"wp-block-paragraph\">Als Auflage wurde dabei ein gr\u00f6\u00dftm\u00f6glicher L\u00e4rm- und Lichtschutz sowie eine m\u00f6glichst bahnsteiggleiche Umsteigebeziehung auch bei einer viergleisig ausgebauten S-Bahnstrecke am Bahnhof Neuperlach S\u00fcd gemacht. Ebenso soll ein Gestaltungswettbewerb f\u00fcr die hohen L\u00e4rmschutzw\u00e4nde ausgelobt werden. <\/p>\n\n\n\n<p class=\"wp-block-paragraph\">[img id=bs-bauwerke align=right size=mittel4]Das prognostizierte Bev\u00f6lkerungswachstum der Stadt M\u00fcnchen f\u00fchrt zu einem steigenden Fahrgastaufkommen und erfordert Angebotsausweitungen im \u00d6ffentlichen Personennahverkehr durch Netzerweiterungen und Taktverdichtungen. Die daraus resultierende Vergr\u00f6\u00dferung des Fahrzeugparks bedarf entsprechender Abstell- und Werkstattkapazit\u00e4ten. Um diesen Anforderungen zuk\u00fcnftig gerecht werden zu k\u00f6nnen, ist in Neuperlach S\u00fcd die Einrichtung eines zweiten U-Bahn-Betriebshofs zus\u00e4tzlich zum bestehenden in Fr\u00f6ttmaning geplant. Mit der vorliegenden \u00c4nderung des Fl\u00e4chennutzungsplans werden die planungsrechtlichen Grundlagen f\u00fcr das Projekt geschaffen. Zu diesem Zweck soll die Fl\u00e4che zuk\u00fcnftig im Fl\u00e4chennutzungsplan als \u201eSondergebiet gewerblicher Gemeinbedarf\u201c dargestellt werden. Gleichzeitig wird der Erhalt und Ausbau der Wegeverbindungen f\u00fcr den Fu\u00df- und Radverkehr angestrebt. Eingriffe in den stadtbedeutsamen Gr\u00fcnzug \u201eIm Gefilde\u201c finden nicht statt.<\/p>\n\n\n\n<h3 class=\"wp-block-heading\">Weitere Informationen zum Thema<\/h3>\n\n\n\n<ul class=\"wp-block-list\"><li><a href=\"\/blog\/2021\/05\/betriebshof-neuperlach-sued-infoveranstaltung\/\">Artikel zur Informationsveranstaltung zum geplanten Betriebshof S\u00fcd vom 12. Mai 2021<\/a><\/li><li><a rel=\"noopener\" href=\"https:\/\/www.mvg.de\/bs\" target=\"_blank\">mvg.de\/bs &#8211; Informationsseite der M\u00fcnchner Verkehrsgesellschaft<\/a><\/li><li><a href=\"\/blog\/2015\/06\/neuer-u-bahnbetriebshof-in-neuperlach-geplant\/\">19. Juni 2015 \u2013 Neuer U-Bahnbetriebshof in Neuperlach geplant<\/a><\/li><li><a href=\"\/betrieb\/betriebsanlagen\/\">Informationen zu den bisherigen Betriebsanlagen und Betriebsh\u00f6fen<\/a><\/li><\/ul>\n\n\n\n<h3 class=\"wp-block-heading\">Quelle:<\/h3>\n\n\n\n<p class=\"wp-block-paragraph\"><a href=\"https:\/\/ru.muenchen.de\/2021\/127\/U-Bahn-Betriebshof-Neuperlach-Sued-Flaechennutzungsplanaenderung-96638\">Rathaus-Umschau vom 7. Juli 2021<\/a><\/p>\n","protected":false},"excerpt":{"rendered":"<p>Wie die heutige Rathausumschau meldet, hat der Ausschuss f\u00fcr Stadtplanung und Bauordnung dem Antrag auf \u00c4nderung des Fl\u00e4chennutzungsplans zugestimmt. Damit ist ein wichtiger Schritt zur Erlangung des Baurechts f\u00fcr den geplanten Betriebshof S\u00fcd absolviert. [img id=bs-projektbild align=right size=mittel4]Auf einem zirka sieben Hektar gro\u00dfen Gebiet am Stadtrand von M\u00fcnchen in Ramersdorf-Perlach soll zuk\u00fcnftig ein zweiter U-Bahn-Betriebshof [&hellip;]<\/p>\n","protected":false},"author":2,"featured_media":0,"comment_status":"open","ping_status":"open","sticky":false,"template":"","format":"standard","meta":{"advanced_seo_description":"","jetpack_seo_html_title":"","jetpack_seo_noindex":false,"jetpack_seo_schema_type":"","_jetpack_newsletter_access":"","_jetpack_dont_email_post_to_subs":false,"_jetpack_newsletter_tier_id":0,"_jetpack_memberships_contains_paywalled_content":false,"_jetpack_feature_clip_id":0,"_jetpack_memberships_contains_paid_content":false,"footnotes":"","jetpack_post_was_ever_published":false},"categories":[9,18,10],"tags":[24],"class_list":["post-821","post","type-post","status-publish","format-standard","hentry","category-betrieb","category-netz","category-technik","tag-betriebshof"],"jetpack_shortlink":"https:\/\/wp.me\/p87CPJ-df","jetpack-related-posts":[{"id":631,"url":"https:\/\/www.u-bahn-muenchen.de\/blog\/2021\/05\/betriebshof-neuperlach-sued-infoveranstaltung\/","url_meta":{"origin":821,"position":0},"title":"Betriebshof S\u00fcd: Informationsveranstaltung vom 12. Mai","author":"Florian Sch\u00fctz","date":"12. Mai 2021","format":false,"excerpt":"Die M\u00fcnchner Verkehrs\u00adgesellschaft informierte am 12. Mai im Rahmen einer Online-Informationsveranstaltung zum Stand der Planungen des Betriebshofes S\u00fcd in Neuperlach, der die bisherige Betriebsanlage im Anschluss an den U-Bahnhof [bflink id=NS] zum vollst\u00e4ndigen Betriebshof erweitern soll. Projekt\u00fcberblick [img id=bs-projektbild align=right size=mittel4]Durch die Veranstaltung f\u00fchrte Monika Arzberger. Nach einem Gru\u00dfwort von\u2026","rel":"","context":"In &quot;Betrieb&quot;","block_context":{"text":"Betrieb","link":"https:\/\/www.u-bahn-muenchen.de\/blog\/category\/betrieb\/"},"img":{"alt_text":"","src":"","width":0,"height":0},"classes":[]},{"id":611,"url":"https:\/\/www.u-bahn-muenchen.de\/blog\/2021\/05\/terminankuendigung-infoveranstaltung-u-bahn-betriebshof-sued\/","url_meta":{"origin":821,"position":1},"title":"Terminank\u00fcndigung: Infoveranstaltung U-Bahn-Betriebshof S\u00fcd","author":"Florian Sch\u00fctz","date":"3. Mai 2021","format":false,"excerpt":"Die M\u00fcnchner Verkehrs\u00adgesellschaft wird am 12. Mai um 18:30 Uhr in einer virtuellen Infor\u00admations\u00advorstellung zum Zukunfts\u00adprojekt \"U-Bahn-Betriebshof S\u00fcd\" informieren. Der neue Stand\u00adort in Neuperlach S\u00fcd schafft Platz und Werkstatt\u00adkapazit\u00e4ten f\u00fcr die wachsende Zahl an U-Bahnz\u00fcgen. Sie erm\u00f6glichen es, das U-Bahnangebot auszubauen, das Streckennetz zu erweitern und die Leistungsf\u00e4higkeit des U-Bahnsystems\u2026","rel":"","context":"In &quot;Betrieb&quot;","block_context":{"text":"Betrieb","link":"https:\/\/www.u-bahn-muenchen.de\/blog\/category\/betrieb\/"},"img":{"alt_text":"","src":"","width":0,"height":0},"classes":[]},{"id":432,"url":"https:\/\/www.u-bahn-muenchen.de\/blog\/2015\/06\/neuer-u-bahnbetriebshof-in-neuperlach-geplant\/","url_meta":{"origin":821,"position":2},"title":"Neuer U-Bahnbetriebshof in Neuperlach geplant","author":"Frederik Buchleitner","date":"19. Juni 2015","format":false,"excerpt":"Die SWM\/MVG planen die U-Bahn-Abstellanlage Neuperlach S\u00fcd zu einem eigenst\u00e4ndigen Betriebshof zu erweitern. Bis Mitte Juli l\u00e4uft aktuell eine EU-weite Ausschreibung der Projektsteuerung; die Bauzeit ist zwischen 2019 und 2022 terminiert. [img id=b_506_1 size=mittel4 align=right text=B-Wagen_in_der_heutigen_Abstellung_Neuperlach_S\u00fcd]Die Ausschreibung sieht vor, eine dreigleisige Werkstatthalle zu bauen, welche k\u00fcnftig auch um ein zus\u00e4tzliches\u2026","rel":"","context":"In &quot;Betrieb&quot;","block_context":{"text":"Betrieb","link":"https:\/\/www.u-bahn-muenchen.de\/blog\/category\/betrieb\/"},"img":{"alt_text":"","src":"","width":0,"height":0},"classes":[]},{"id":424,"url":"https:\/\/www.u-bahn-muenchen.de\/blog\/2015\/02\/vor-50-jahren-baustart-fuer-die-muenchner-u-bahn\/","url_meta":{"origin":821,"position":3},"title":"Vor 50 Jahren: Baustart f\u00fcr die M\u00fcnchner U-Bahn","author":"Frederik Buchleitner","date":"1. Februar 2015","format":false,"excerpt":"Heute vor 50 Jahren begann in M\u00fcnchen der U-Bahnbau. Ohne den Bau der U-Bahn w\u00e4re M\u00fcnchen heute sicherlich im Verkehrschaos erstickt. \u00dcber 380 Millionen Fahrg\u00e4ste transportieren die acht Linien derzeit j\u00e4hrlich. Vor exakt 50 Jahren erfolgte der Rammsto\u00df am heutigen U-Bahnhof Nordfriedhof. Der damalige Oberb\u00fcrgermeister Hans-Jochen Vogel begleitet das Ereignis\u2026","rel":"","context":"In &quot;Geschichte&quot;","block_context":{"text":"Geschichte","link":"https:\/\/www.u-bahn-muenchen.de\/blog\/category\/geschichte\/"},"img":{"alt_text":"","src":"","width":0,"height":0},"classes":[]},{"id":18,"url":"https:\/\/www.u-bahn-muenchen.de\/blog\/2010\/04\/auf-in-den-ruhestand\/","url_meta":{"origin":821,"position":4},"title":"Auf in den Ruhestand!","author":"Florian Sch\u00fctz","date":"18. April 2010","format":false,"excerpt":"[img id=420001-Abschied text=420_001_-_Die_letzte_Fahrt_durch_die_Stammstrecke align=right size=mittel2]Heute geht mein Blick etwas \u00fcber den Tellerrand der M\u00fcnchner U-Bahn hinaus, wenn auch nicht schrecklich weit: zur M\u00fcnchen S-Bahn. Wenige Monate j\u00fcnger hatte die M\u00fcnchner S-Bahn ein \u00e4hnliches Schicksal wie die U-Bahn: l\u00e4ngst geplant und durch die Olympischen Sommerspiele 1972 in der Realisierung deutlich beschleunigt.\u2026","rel":"","context":"In &quot;\u00dcber den Tellerrand&quot;","block_context":{"text":"\u00dcber den Tellerrand","link":"https:\/\/www.u-bahn-muenchen.de\/blog\/category\/uber-den-tellerrand\/"},"img":{"alt_text":"","src":"","width":0,"height":0},"classes":[]},{"id":1213,"url":"https:\/\/www.u-bahn-muenchen.de\/blog\/2026\/07\/c2-lieferung-nach-85-zuegen-abgeschlossen\/","url_meta":{"origin":821,"position":5},"title":"C2: Lieferung nach 85 Z\u00fcgen und gut 10 Jahren abgeschlossen","author":"Florian Sch\u00fctz","date":"30. Juli 2026","format":false,"excerpt":"Gut zehn Jahre nach Beginn der Auslieferung hat die MVG am 30. Juli 2026 den letzten Zug des Typs C2 in Betrieb genommen: Wagen 785 schlie\u00dft damit die gr\u00f6\u00dfte Fahrzeugbeschaffung in der Geschichte der M\u00fcnchner U-Bahn ab. [img id=YT=BqzRndaybHM align=right size=mittel2] Insgesamt 85 sechsteilige C2-Z\u00fcge wurden im Siemens-Werk Wien gefertigt\u2026","rel":"","context":"In &quot;Fahrzeuge&quot;","block_context":{"text":"Fahrzeuge","link":"https:\/\/www.u-bahn-muenchen.de\/blog\/category\/fahrzeuge\/"},"img":{"alt_text":"","src":"","width":0,"height":0},"classes":[]}],"jetpack_sharing_enabled":true,"jetpack_featured_media_url":"","_links":{"self":[{"href":"https:\/\/www.u-bahn-muenchen.de\/blog\/wp-json\/wp\/v2\/posts\/821","targetHints":{"allow":["GET"]}}],"collection":[{"href":"https:\/\/www.u-bahn-muenchen.de\/blog\/wp-json\/wp\/v2\/posts"}],"about":[{"href":"https:\/\/www.u-bahn-muenchen.de\/blog\/wp-json\/wp\/v2\/types\/post"}],"author":[{"embeddable":true,"href":"https:\/\/www.u-bahn-muenchen.de\/blog\/wp-json\/wp\/v2\/users\/2"}],"replies":[{"embeddable":true,"href":"https:\/\/www.u-bahn-muenchen.de\/blog\/wp-json\/wp\/v2\/comments?post=821"}],"version-history":[{"count":6,"href":"https:\/\/www.u-bahn-muenchen.de\/blog\/wp-json\/wp\/v2\/posts\/821\/revisions"}],"predecessor-version":[{"id":1183,"href":"https:\/\/www.u-bahn-muenchen.de\/blog\/wp-json\/wp\/v2\/posts\/821\/revisions\/1183"}],"wp:attachment":[{"href":"https:\/\/www.u-bahn-muenchen.de\/blog\/wp-json\/wp\/v2\/media?parent=821"}],"wp:term":[{"taxonomy":"category","embeddable":true,"href":"https:\/\/www.u-bahn-muenchen.de\/blog\/wp-json\/wp\/v2\/categories?post=821"},{"taxonomy":"post_tag","embeddable":true,"href":"https:\/\/www.u-bahn-muenchen.de\/blog\/wp-json\/wp\/v2\/tags?post=821"}],"curies":[{"name":"wp","href":"https:\/\/api.w.org\/{rel}","templated":true}]}}