{"id":82,"date":"2010-05-29T00:21:46","date_gmt":"2010-05-28T22:21:46","guid":{"rendered":"http:\/\/www.muenchnerubahn.de\/blog\/?p=82"},"modified":"2026-05-30T10:05:34","modified_gmt":"2026-05-30T08:05:34","slug":"party-u-bahn","status":"publish","type":"post","link":"https:\/\/www.u-bahn-muenchen.de\/blog\/2010\/05\/party-u-bahn\/","title":{"rendered":"Party-U-Bahn Reloaded"},"content":{"rendered":"<p>Im November 2007 habe ich ja schon einmal davon berichtet, wie es ist, <a href=\"\/blog\/2007\/11\/wie-man-es-schafft-in-der-u-bahn-hemmungslos-angegafft-zu-werden\/\">wenn man in der U-Bahn hemmungslos angegafft wird<\/a>. Am Pfingstwochenende war es nun wieder soweit &#8211; die Party-U-Bahn fuhr wieder!<\/p>\n<p>[img id=party-u-bahn-2010_zza_a-train align=right]Dieses Mal stand die Fahrt unter dem Motto &#8222;Take the A-Train&#8220;, was auf einen <a href=\"http:\/\/de.wikipedia.org\/wiki\/Take_the_%E2%80%9CA%E2%80%9D_Train\" target=\"_blank\">von Billy Strayhorn komponierter Jazzstandard<\/a> anspielt. Dieser wiederum beschreibt musikalisch eine Fahrt der Linie A der New York City Subway, die von Brooklyn nach Manhattan und Harlem f\u00fchrt. <\/p>\n<p>Ganz so weit f\u00fchrte uns die Fahrt nicht, aber sechs Stunden durch das U-Bahn-Netz sind auch ein ganz sch\u00f6nes St\u00fcck. <\/p>\n<p>[img id=a_101_party3 align=right]Der Vorstand der <a href=\"http:\/\/muenchnerubahnfreunde.de\/\" target=\"_blank\">M\u00fcnchner U-Bahn-Freunde<\/a> feierte au\u00dferdem in diesem Zug seinen Geburtstag, weswegen ein Zugende mit &#8222;Einer von uns wird 40&#8220; sowie einem &#8222;Happy Birthday&#8220;-Schriftzug beschildert war. So begann auch die Fahrt am Kieferngarten zun\u00e4chst mit einem Geburtstagsst\u00e4ndchen aller Anwesenden, anschlie\u00dfend ging es in dem leicht umgebauten <a href=\"\/fahrzeuge\/verzeichnis\/wagen\/101\/\">A-Wagen 101<\/a> auf gro\u00dfe Fahrt. <\/p>\n<p>Auch der Wagen selbst feierte wenige Tage zuvor Anfang Mai \u00fcbrigens seinen 40. Geburtstag &#8211; als erster der A-Wagen aus der Serienproduktion und als \u00e4ltester noch in Betrieb befindlicher Wagen. <\/p>\n<p>[img id=party-u-bahn-2010_01 align=right]Im Innenraum gab es einige \u00dcberraschungen: so wurden zwei Sitzgruppen vorr\u00fcbergehend ausgebaut, um im Clubwagen eine Tanzfl\u00e4che zu schaffen, auf der zur Musikauswahl der drei DJs getanzt werden konnte. <\/p>\n<p>Ebenso war die Beleuchtung dort nicht ganz auf dem normalen langweiligen Niveau, die Organisatoren haben sich hier einiges einfallen lassen, um die Atmosph\u00e4re mal ganz anders zu gestalten: nur Grundbeleuchtung aus den Leuchtstoffr\u00f6hren, ansonsten Schwarzlicht, LED-Beleuchtung sowie Lichtschl\u00e4uche an den Decken. Die \u00fcber einen Umformer aus dem Bordnetz des Zuges versorgte Soundanlage sorgte f\u00fcr satten Beat die ganze Fahrt \u00fcber im S\u00fcdwagen 7101.<\/p>\n<p>[img id=party-u-bahn-2010_05 align=right]Auch im Nordwagen 6101 gab es einige tempor\u00e4re Anpassungen: da es sich um den Buffetwagen handelte, wurden zur besseren Erreichbarkeit desselben einige Trennscheiben am Wagenende entfernt, damit das Gedr\u00e4nge um das teils sehr originelle Kuchenbuffet nicht zu eng wurde. <\/p>\n<p>Au\u00dferdem gab es ein absolutes Novum: Tischpl\u00e4tze! Sechs Vis-\u00e0-Vis-Sitzgruppen wurden kurzerhand zu einem Speisewagen umfunktioniert. Hier wurden eigens hierf\u00fcr angefertigte Tische an den Halterungen der M\u00fclleimer befestigt, hier konnte also ganz gem\u00fctlich Kaffee und Kuchen genossen werden.  <\/p>\n<p>[img id=party-u-bahn-2010_mp align=right]Entsprechend staunende Blicke ernteten daher auch die Aufenthalte in den Stationen: die Durchfahrten an den zentralen Innenstadtbahnh\u00f6fen mit sattem Musikprogramm und wummernden B\u00e4ssen sorgten nicht nur einmal f\u00fcr erstaunte Blicke der wartenden Fahrg\u00e4ste sowie des &#8222;normalen&#8220; Betriebspersonals. Teilweise wurden wir sogar als touristische Attraktion fotografiert: wie oft sieht man schlie\u00dflich schon mal eine Party-U-Bahn. Bei den Pausen an den Wendebahnh\u00f6fen gab es daher auch immer wieder Fragen neugieriger Passanten zu beantworten, was uns allen sichtlich Spa\u00df machte. Leider gibt es diese Fahrten viel zu selten, \u00f6ffentlich sind sie zudem auch nicht. Das lassen die Versicherungsbestimmungen auch nicht so ohne weiteres zu. <\/p>\n<p>Alles in allem war es auch dieses Mal eine sehr gelungene Fahrt, die knapp sechs Stunden im Zug vergingen wie im Flug. Vielen Dank auch an unsere Fahrer, beide F\u00fchrerst\u00e4nde waren stets besetzt, um auch kurze Wendezeiten problemlos zu erm\u00f6glichen.<br \/>\nF\u00fcr alle Interessierten hier die grobe Fahrtroute unseres Zuges:<\/p>\n<p>[img id=party-u-bahn-2010_03 align=right][bflink id=KG] &#8211; [bflink id=MU] &#8211; [bflink id=MP] &#8211; [bflink id=HS] (Wende) &#8211; [bflink id=MU] &#8211; [bflink id=SP] &#8211; [bflink id=OK] (Pause und Wende) &#8211; [bflink id=SP] &#8211; [bflink id=HU] &#8211; [bflink id=IR] &#8211; [bflink id=NZ] (Wende) &#8211; [bflink id=IR] &#8211; [bflink id=MW] &#8211; [bflink id=LH] (Wende) &#8211; [bflink id=MW] &#8211; [bflink id=AR] (Wende und Pause) &#8211; [bflink id=MW] &#8211; [bflink id=HO] &#8211; [bflink id=SH] (Wende und Weiterfahrt \u00fcber Betriebsgleis unter der Theresienwiese zur U3\/U6) &#8211; [bflink id=IP] (Wende) &#8211; [bflink id=MP] &#8211; [bflink id=MU] &#8211; [bflink id=KG] (Pause)- [bflink id=GF] &#8211; [bflink id=MU] (Wende) &#8211; [bflink id=SP] &#8211; [bflink id=HF] (Wende) &#8211; [bflink id=SP] &#8211; [bflink id=MU] &#8211; [bflink id=MP] &#8211; [bflink id=SE] (Wende) &#8211; [bflink id=MP] &#8211; [bflink id=MU] &#8211; [bflink id=KG] <\/p>\n<p>Wer das jetzt mit dem Finger auf dem Netzplan nachfahren m\u00f6chte: viel Spa\u00df, macht in Echt mehr Spa\u00df :) <\/p>\n<p>Am Ende m\u00f6chte ich nochmals auf den Artikel zur letzten Fahrt hinweisen, einiges davon (insbesondere der Teil mit dem angegafft werden) trifft auch dieses Mal zu 100% zu:<br \/>\n<a href=\"\/blog\/2007\/11\/wie-man-es-schafft-in-der-u-bahn-hemmungslos-angegafft-zu-werden\/\">&raquo; 18. November 2007: Wie man es schafft, in der U-Bahn hemmungslos angegafft zu werden<\/a><\/p>\n<h3>Weitere Impressionen<\/h3>\n<p>[imagelist col=4]a_101_party1,a_101_party2,a_101_party4,party-u-bahn-2010_zza[\/imagelist]<\/p>\n<p>&nbsp;<br \/>\n[imagelist col=4]c_616_st,party-u-bahn-a-train,party-u-bahn-2010_02,party-u-bahn-2010_04[\/imagelist]<\/p>\n<p>&nbsp;<\/p>\n","protected":false},"excerpt":{"rendered":"<p>Im November 2007 habe ich ja schon einmal davon berichtet, wie es ist, wenn man in der U-Bahn hemmungslos angegafft wird. Am Pfingstwochenende war es nun wieder soweit &#8211; die Party-U-Bahn fuhr wieder! [img id=party-u-bahn-2010_zza_a-train align=right]Dieses Mal stand die Fahrt unter dem Motto &#8222;Take the A-Train&#8220;, was auf einen von Billy Strayhorn komponierter Jazzstandard anspielt. [&hellip;]<\/p>\n","protected":false},"author":2,"featured_media":0,"comment_status":"open","ping_status":"open","sticky":false,"template":"","format":"standard","meta":{"advanced_seo_description":"","jetpack_seo_html_title":"","jetpack_seo_noindex":false,"jetpack_seo_schema_type":"","_jetpack_newsletter_access":"","_jetpack_dont_email_post_to_subs":false,"_jetpack_newsletter_tier_id":0,"_jetpack_memberships_contains_paywalled_content":false,"_jetpack_feature_clip_id":0,"_jetpack_memberships_contains_paid_content":false,"footnotes":"","jetpack_post_was_ever_published":false},"categories":[4],"tags":[],"class_list":["post-82","post","type-post","status-publish","format-standard","hentry","category-anderes"],"jetpack_shortlink":"https:\/\/wp.me\/p87CPJ-1k","jetpack-related-posts":[{"id":11,"url":"https:\/\/www.u-bahn-muenchen.de\/blog\/2007\/11\/wie-man-es-schafft-in-der-u-bahn-hemmungslos-angegafft-zu-werden\/","url_meta":{"origin":82,"position":0},"title":"Wie man es schafft, in der U-Bahn hemmungslos angegafft zu werden","author":"Florian Sch\u00fctz","date":"18. November 2007","format":false,"excerpt":"Gestern bin ich etwa f\u00fcnf Stunden durch den M\u00fcnchner Untergrund gefahren. Nun gut, das alleine ist nichts besonderes, die aktuell 1235 Bilder auf muenchnerubahn.de haben sich nicht von alleine geschossen. Allerdings hab ich w\u00e4hrend der f\u00fcnf Stunden den Zug nicht gewechselt. Ich war zwar ab und an mal kurz auf\u2026","rel":"","context":"In &quot;anderes&quot;","block_context":{"text":"anderes","link":"https:\/\/www.u-bahn-muenchen.de\/blog\/category\/anderes\/"},"img":{"alt_text":"","src":"","width":0,"height":0},"classes":[]},{"id":18,"url":"https:\/\/www.u-bahn-muenchen.de\/blog\/2010\/04\/auf-in-den-ruhestand\/","url_meta":{"origin":82,"position":1},"title":"Auf in den Ruhestand!","author":"Florian Sch\u00fctz","date":"18. April 2010","format":false,"excerpt":"[img id=420001-Abschied text=420_001_-_Die_letzte_Fahrt_durch_die_Stammstrecke align=right size=mittel2]Heute geht mein Blick etwas \u00fcber den Tellerrand der M\u00fcnchner U-Bahn hinaus, wenn auch nicht schrecklich weit: zur M\u00fcnchen S-Bahn. Wenige Monate j\u00fcnger hatte die M\u00fcnchner S-Bahn ein \u00e4hnliches Schicksal wie die U-Bahn: l\u00e4ngst geplant und durch die Olympischen Sommerspiele 1972 in der Realisierung deutlich beschleunigt.\u2026","rel":"","context":"In &quot;\u00dcber den Tellerrand&quot;","block_context":{"text":"\u00dcber den Tellerrand","link":"https:\/\/www.u-bahn-muenchen.de\/blog\/category\/uber-den-tellerrand\/"},"img":{"alt_text":"","src":"","width":0,"height":0},"classes":[]},{"id":19,"url":"https:\/\/www.u-bahn-muenchen.de\/blog\/2010\/04\/jubilaen\/","url_meta":{"origin":82,"position":2},"title":"Jubil\u00e4en","author":"Florian Sch\u00fctz","date":"21. April 2010","format":false,"excerpt":"[img id=partyzug_zza align=right size=mittel_pano]Wenn's ums Feiern geht, sind ja die meisten Menschen immer gerne dabei, auch wenn sie oft gar nicht wissen, was es eigentlich zu Feiern gibt. Im U-Bahn-Bereich sind Feiern allerdings eher selten, weswegen man hier die Anl\u00e4sse sorgf\u00e4ltig im Kalender stehen haben sollte. U-Bahn-Er\u00f6ffnungen werden nach der\u2026","rel":"","context":"In &quot;Geschichte&quot;","block_context":{"text":"Geschichte","link":"https:\/\/www.u-bahn-muenchen.de\/blog\/category\/geschichte\/"},"img":{"alt_text":"","src":"","width":0,"height":0},"classes":[]},{"id":215,"url":"https:\/\/www.u-bahn-muenchen.de\/blog\/2010\/12\/die-u3-fahrt-jetzt-nach-moosach\/","url_meta":{"origin":82,"position":3},"title":"Die U3 f\u00e4hrt jetzt nach Moosach","author":"Florian Sch\u00fctz","date":"11. Dezember 2010","format":false,"excerpt":"Seit heute f\u00e4hrt die U3 auch bis zum Moosacher Bahnhof, nachdem Sie bereits 2007 bis zum OEZ verl\u00e4ngert wurde. Damit hat M\u00fcnchen nun 100 U-Bahnh\u00f6fe und erstmals seit 1965 keinen Meter U-Bahnstrecke mehr im Bau. [img id=u3_moosach_gruppenbild align=right]In den Ansprachen zur Er\u00f6ffnung betonten alle Beteiligten den gro\u00dfen Nutzen von U-Bahnstrecken\u2026","rel":"","context":"In &quot;Betrieb&quot;","block_context":{"text":"Betrieb","link":"https:\/\/www.u-bahn-muenchen.de\/blog\/category\/betrieb\/"},"img":{"alt_text":"","src":"","width":0,"height":0},"classes":[]},{"id":4,"url":"https:\/\/www.u-bahn-muenchen.de\/blog\/2007\/01\/munchens-schonster-u-bahnhof\/","url_meta":{"origin":82,"position":4},"title":"M\u00fcnchens sch\u00f6nster U-Bahnhof?","author":"Florian Sch\u00fctz","date":"15. Januar 2007","format":false,"excerpt":"Ich werde immer wieder gefragt, was ich f\u00fcr M\u00fcnchens sch\u00f6nsten U-Bahnhof halte. Aber ich bin ehrlich gesagt nicht in der Lage, darauf eine definitive Antwort zu geben. M\u00fcnchen hat einfach zu viele sch\u00f6ne U-Bahnh\u00f6fe! Ich versuche mich hier mal in einer kleinen Aufz\u00e4hlung. [img id=gb_5 align=right] Georg-Brauchle-Ring Die Abendzeitung hat\u2026","rel":"","context":"In &quot;U-Bahnh\u00f6fe&quot;","block_context":{"text":"U-Bahnh\u00f6fe","link":"https:\/\/www.u-bahn-muenchen.de\/blog\/category\/u-bahnhofe\/"},"img":{"alt_text":"","src":"","width":0,"height":0},"classes":[]},{"id":725,"url":"https:\/\/www.u-bahn-muenchen.de\/blog\/2021\/03\/50-jahre-u-bahn-fuer-muenchen-historisches\/","url_meta":{"origin":82,"position":5},"title":"50 Jahre U-Bahn f\u00fcr M\u00fcnchen &#8211; Historisches","author":"Florian Sch\u00fctz","date":"1. M\u00e4rz 2021","format":false,"excerpt":"In diesem Jahr feiert die M\u00fcnchner U-Bahn ihren 50. Geburtstag. Am 19. Oktober 1971 wurde auf der Strecke zwischen [bflink id=KG] und [bflink id=GO] der Betrieb der U6 als erster Strecke aufgenommen. Dieses Jubil\u00e4um wird in den kommenden Monaten verschiedentlich sicher noch Erw\u00e4hnung finden. Als Einstimmung hierauf schon mal einige\u2026","rel":"","context":"In &quot;Geschichte&quot;","block_context":{"text":"Geschichte","link":"https:\/\/www.u-bahn-muenchen.de\/blog\/category\/geschichte\/"},"img":{"alt_text":"","src":"","width":0,"height":0},"classes":[]}],"jetpack_sharing_enabled":true,"jetpack_featured_media_url":"","_links":{"self":[{"href":"https:\/\/www.u-bahn-muenchen.de\/blog\/wp-json\/wp\/v2\/posts\/82","targetHints":{"allow":["GET"]}}],"collection":[{"href":"https:\/\/www.u-bahn-muenchen.de\/blog\/wp-json\/wp\/v2\/posts"}],"about":[{"href":"https:\/\/www.u-bahn-muenchen.de\/blog\/wp-json\/wp\/v2\/types\/post"}],"author":[{"embeddable":true,"href":"https:\/\/www.u-bahn-muenchen.de\/blog\/wp-json\/wp\/v2\/users\/2"}],"replies":[{"embeddable":true,"href":"https:\/\/www.u-bahn-muenchen.de\/blog\/wp-json\/wp\/v2\/comments?post=82"}],"version-history":[{"count":20,"href":"https:\/\/www.u-bahn-muenchen.de\/blog\/wp-json\/wp\/v2\/posts\/82\/revisions"}],"predecessor-version":[{"id":102,"href":"https:\/\/www.u-bahn-muenchen.de\/blog\/wp-json\/wp\/v2\/posts\/82\/revisions\/102"}],"wp:attachment":[{"href":"https:\/\/www.u-bahn-muenchen.de\/blog\/wp-json\/wp\/v2\/media?parent=82"}],"wp:term":[{"taxonomy":"category","embeddable":true,"href":"https:\/\/www.u-bahn-muenchen.de\/blog\/wp-json\/wp\/v2\/categories?post=82"},{"taxonomy":"post_tag","embeddable":true,"href":"https:\/\/www.u-bahn-muenchen.de\/blog\/wp-json\/wp\/v2\/tags?post=82"}],"curies":[{"name":"wp","href":"https:\/\/api.w.org\/{rel}","templated":true}]}}