{"id":788,"date":"2021-06-24T19:55:52","date_gmt":"2021-06-24T17:55:52","guid":{"rendered":"https:\/\/www.u-bahn-muenchen.de\/blog\/?p=788"},"modified":"2021-06-24T19:57:17","modified_gmt":"2021-06-24T17:57:17","slug":"infoveranstaltung-sendlinger-tor","status":"publish","type":"post","link":"https:\/\/www.u-bahn-muenchen.de\/blog\/2021\/06\/infoveranstaltung-sendlinger-tor\/","title":{"rendered":"Infoveranstaltung Sendlinger Tor"},"content":{"rendered":"\n<p class=\"wp-block-paragraph\">Am 24. Juni lud die M\u00fcnchner Verkehrsgesellschaft zu einer virtuellen Informationsveranstaltung zum Fortschritt der seit 2017 bestehendenden Baustelle am Sendlinger Tor. Dort wird unter laufenden Betrieb eine Komplettsanierung und Erweiterung des U-Bahnhofs umgesetzt. <\/p>\n\n\n\n<h3 class=\"wp-block-heading\">Virtuelle Baustellenf\u00fchrung<\/h3>\n\n\n\n<p class=\"wp-block-paragraph\">[img id=su_sonnenstrasse_4 align=right]Die Projektleiter Andreas Schmid, Barbara Mittermeier und Kerstin Scholber erl\u00e4uterten zun\u00e4chst die Gr\u00fcnde f\u00fcr den Umgang: vervielfachte Fahrgastzahlen, ca. 1600 U-Bahn-Halte und 250.000 Fahrg\u00e4ste pro Tag. Ebenso sind die Anforderungen des Brandschutzes seit dem Bau Ende der 1960er-Jahre deutlich gestiegen, was mit der Modernisierung ebenfalls angegangen wird. Im Zug des Umbaus werden auch Barrierefreiheit und Gestaltung auf ein zeitgem\u00e4\u00dfes Niveau gebracht. <\/p>\n\n\n\n<p class=\"wp-block-paragraph\">Im Rahmen eines Videorundgangs wurde der Zwischenstand der Baustelle gezeigt mit den zum Teil bereits fertiggestellten Teilen wie dem neuen Aufbau Sonnenstra\u00dfe, ebenso die  gerade im Umbau befindlichen Teilen des Bahnhofs wie den Treppen-Dreh im zentralen Umsteigebereich des U-Bahnhofs. Dort wird im Juli 2021 der \u00f6stliche Teil der neuen Treppenaufg\u00e4nge er\u00f6ffnet, anschlie\u00dfend wird der westliche Teil umgebaut bis zum 2. Halbjahr 2022.<\/p>\n\n\n\n<p class=\"wp-block-paragraph\">[img id=su_sonnenstrasse_2 align=right]Bereits er\u00f6ffnet wurde der neue Aufgang zur Sonnenstra\u00dfe. Der Aufgang direkt zum Sendlinger Tor wird im Herbst 2021 um eine weitere Rolltreppe erweitert er\u00f6ffnet, dann wird auch wieder der Sendlinger Tor-Platz per Fahrtreppe erreichbar sein. Der Aufgang zur M\u00fcllerstra\u00dfe soll im Sommer 2022 in verbreiterter Form wieder er\u00f6ffnet werden. Die Fahrtreppe zum neuen Aufgang an der Blumenstra\u00dfe wird eine der l\u00e4ngsten im Netz der M\u00fcnchner U-Bahn sein. <\/p>\n\n\n\n<p class=\"wp-block-paragraph\">Im Jahr 2023 werden dann alle Baubestandteile des 155 Millionen teuren Umbaus fertiggestellt sein, auch die beiden neuen Aufz\u00fcge zum Sendlinger Tor-Platz, die die bisher im Sperrengeschoss endenden Aufz\u00fcge nach oben verl\u00e4ngern. <\/p>\n\n\n\n<p class=\"wp-block-paragraph\">[img id=suse_anlieferung align=right]Die Anlieferung insbesondere von gr\u00f6\u00dferen Teilen wie neuen Rolltreppen oder von Bodenplatten wird bevorzugt \u00fcber das Schienennetz in den n\u00e4chtlichen Betriebsruhen durchgef\u00fchrt. <\/p>\n\n\n\n<h3 class=\"wp-block-heading\">Gestaltung und Barrierefreiheit<\/h3>\n\n\n\n<p class=\"wp-block-paragraph\">Kerstin Scholber stellte die k\u00fcnftige Gestaltung des U-Bahnhofs vor. Wie im historischen Original werden die beiden Bahnsteigebenen in gelber (U1\/U2 Ebene), blauer (U3\/U6-Ebene) und das Sperrengeschoss in schwarzer Wand- und Deckenverkleidung gehalten sein. <\/p>\n\n\n\n<p class=\"wp-block-paragraph\">Die fr\u00fchere Rampe im Sperrengeschoss wurde durch eine vollfl\u00e4chige deutlich flachere Rampe ersetzt. Insgesamt wird es zuk\u00fcnftig sechs Fahrtreppen mehr als zuvor geben, ebenfalls drei neue Aufz\u00fcge zur Oberfl\u00e4che. Die Barrierefreiheit wird zudem durch die nun durchg\u00e4ngig erh\u00f6hten Bahnsteigoberfl\u00e4chen auf beiden Bahnsteigebenen verbessert. Das taktile Leitsystem wird ebenfalls auf den aktuellen Stand gebracht und wurde durchg\u00e4ngig neu konzipiert. Einen gro\u00dfen Supermarkt und 11 kleinere Gesch\u00e4fte wird es k\u00fcnftig im Sperrengeschoss geben auf insgesamt 1230 qm (vorher: 210 qm). Dieser Fl\u00e4chenzuwachs entstand zu gro\u00dfen Teilen durch den fr\u00fcher ungenutzten Bereich des Sperrengeschosses, in dem 2014 zur Bauzeit am Marienplatz das MVG-Kundenzentrum untergebracht war.<\/p>\n\n\n\n<h3 class=\"wp-block-heading\">Zuschauerfragen<\/h3>\n\n\n\n<p class=\"wp-block-paragraph\">Im Anschluss an die Pr\u00e4sentation der Projektleiter wurden zahlreiche Fragen aus dem virtuellen Publikum beantwortet, von betrieblichen Belangen, Baufortschritten, Gestaltungsmerkmalen bis hin zu Fragen des k\u00fcnftigen Trambetriebs an der Oberfl\u00e4che, f\u00fcr den aktuell Varianten untersucht werden und weswegen u.a. die Aufg\u00e4nge in Richtung Nussbaumstra\u00dfe nicht im selben Ma\u00dfe modernisiert werden wie der Rest des Bauwerks. <\/p>\n\n\n\n<h3 class=\"wp-block-heading\">Weitere Informationen<\/h3>\n\n\n\n<ul class=\"wp-block-list\"><li>[bflink id=SE text=Bahnhof_der_U3\/U6]<\/li><li>[bflink id=SU text=Bahnhof_der_U1\/U2]<\/li><li><a href=\"https:\/\/www.mvg.de\/ueber\/mvg-projekte\/bauprojekte\/modernisierung-sendlinger-tor.html\">MVG-Projektwebsite Modernisierung Sendlinger Tor<\/a><\/li><li><a href=\"https:\/\/www.youtube.com\/channel\/UCi-ZSkvmhQgvGrNyu1g0T1A\">Youtube-Kanal der MVG<\/a><\/li><\/ul>\n","protected":false},"excerpt":{"rendered":"<p>Am 24. Juni lud die M\u00fcnchner Verkehrsgesellschaft zu einer virtuellen Informationsveranstaltung zum Fortschritt der seit 2017 bestehendenden Baustelle am Sendlinger Tor. Dort wird unter laufenden Betrieb eine Komplettsanierung und Erweiterung des U-Bahnhofs umgesetzt. Virtuelle Baustellenf\u00fchrung [img id=su_sonnenstrasse_4 align=right]Die Projektleiter Andreas Schmid, Barbara Mittermeier und Kerstin Scholber erl\u00e4uterten zun\u00e4chst die Gr\u00fcnde f\u00fcr den Umgang: vervielfachte Fahrgastzahlen, [&hellip;]<\/p>\n","protected":false},"author":2,"featured_media":0,"comment_status":"open","ping_status":"open","sticky":false,"template":"","format":"standard","meta":{"advanced_seo_description":"","jetpack_seo_html_title":"","jetpack_seo_noindex":false,"jetpack_seo_schema_type":"","_jetpack_newsletter_access":"","_jetpack_dont_email_post_to_subs":false,"_jetpack_newsletter_tier_id":0,"_jetpack_memberships_contains_paywalled_content":false,"_jetpack_feature_clip_id":0,"_jetpack_memberships_contains_paid_content":false,"footnotes":"","jetpack_post_was_ever_published":false},"categories":[3,2],"tags":[],"class_list":["post-788","post","type-post","status-publish","format-standard","hentry","category-storungen-und-bauarbeiten","category-u-bahnhofe"],"jetpack_shortlink":"https:\/\/wp.me\/p87CPJ-cI","jetpack-related-posts":[{"id":755,"url":"https:\/\/www.u-bahn-muenchen.de\/blog\/2021\/06\/terminhinweis-virtuelle-infoveranstaltung-sendlinger-tor\/","url_meta":{"origin":788,"position":0},"title":"Terminhinweis: Virtuelle Infoveranstaltung Sendlinger Tor","author":"Florian Sch\u00fctz","date":"13. Juni 2021","format":false,"excerpt":"Am\u00a0Donnerstag, 24.06.2021 um 18.30 Uhr\u00a0l\u00e4dt die M\u00fcnchner Verkehrsgesellschaft zu einem virtuellen Informationsabend ein, um den aktuellen Zwischenstand der laufenden Erweiterungs- und Sanierungsarbeiten am U-Bahnhof [bflink id=SE] vorzustellen. Seit M\u00e4rz 2017 wird der U-Bahnhof Sendlinger Tor unter laufendem Betrieb umgebaut. Alle drei Ebenen werden komplett saniert, modernisiert, umgestaltet, barrierefrei ausgebaut, brandschutztechnisch\u2026","rel":"","context":"In &quot;St\u00f6rungen und Bauarbeiten&quot;","block_context":{"text":"St\u00f6rungen und Bauarbeiten","link":"https:\/\/www.u-bahn-muenchen.de\/blog\/category\/storungen-und-bauarbeiten\/"},"img":{"alt_text":"","src":"","width":0,"height":0},"classes":[]},{"id":532,"url":"https:\/\/www.u-bahn-muenchen.de\/blog\/2019\/11\/sendlinger-tor-umbau-nimmt-gestalt-an\/","url_meta":{"origin":788,"position":1},"title":"Sendlinger Tor: der Umbau nimmt Gestalt an","author":"Florian Sch\u00fctz","date":"3. November 2019","format":false,"excerpt":"Seit dem Jahr 2017 wird der U-Bahnhof am Sendlinger Tor umgebaut und erweitert. Bisher waren f\u00fcr Fahrg\u00e4ste der U-Bahn und alle, die gleich mit welchem Verkehrsmittel irgendwie am Sendlinger Tor vorbei mussten, prim\u00e4r die Einschr\u00e4nkungen und Baustellenfl\u00e4chen sichtbar. Allm\u00e4hlich \u00e4ndert sich das. [img id=zza_se_bauarbeiten_pendelbetrieb align=right]Seit einigen Tagen kann man bereits\u2026","rel":"","context":"In &quot;St\u00f6rungen und Bauarbeiten&quot;","block_context":{"text":"St\u00f6rungen und Bauarbeiten","link":"https:\/\/www.u-bahn-muenchen.de\/blog\/category\/storungen-und-bauarbeiten\/"},"img":{"alt_text":"","src":"","width":0,"height":0},"classes":[]},{"id":449,"url":"https:\/\/www.u-bahn-muenchen.de\/blog\/2016\/11\/c2-fahrgasteinsatz-bis-grosshadern\/","url_meta":{"origin":788,"position":2},"title":"C2-Fahrgasteinsatz bis Gro\u00dfhadern","author":"Frederik Buchleitner","date":"4. November 2016","format":false,"excerpt":"Mit der Genehmigung f\u00fcr den Fahrgastbetrieb der C2-Z\u00fcge auf der gesamten Strecke der Linie U6 konnte heute ein wichtiger Meilenstein erreicht werden. Die derzeit drei \u00fcblicherweise eingesetzten Z\u00fcge 701, 702 und 713 sind seit dem heutigen Freitagnachmittag im Planbetrieb zwischen Garching-Forschungszentrum und Klinikum Gro\u00dfhadern im Einsatz. Erster Fahrgasteinsatz im Stadtzentrum:\u2026","rel":"","context":"In &quot;Fahrzeuge&quot;","block_context":{"text":"Fahrzeuge","link":"https:\/\/www.u-bahn-muenchen.de\/blog\/category\/fahrzeuge\/"},"img":{"alt_text":"","src":"","width":0,"height":0},"classes":[]},{"id":325,"url":"https:\/\/www.u-bahn-muenchen.de\/blog\/2012\/04\/machbarkeitsstudie-erweiterung-u-bahnhof-sendlinger-tor\/","url_meta":{"origin":788,"position":3},"title":"Machbarkeitsstudie Erweiterung U-Bahnhof Sendlinger Tor","author":"Boris Merath","date":"11. April 2012","format":false,"excerpt":"Aufgrund von Sch\u00e4den am Bauwerk sowie Kapazit\u00e4tsengp\u00e4ssen im zentralen Umsteigebereich soll der Bahnhof [bflink id=SE] saniert und umfassend durch neue Treppenanlagen erweitert werden. In einem Pressegespr\u00e4ch gab die MVG heute die Ergebnisse einer Machbarkeitsstudie zur Kapazit\u00e4tserweiterung bekannt. Der U-Bahnhof Sendlinger Tor ist mit f\u00fcnf U-Bahn-Linien, 145000 Fahrg\u00e4sten, die dort t\u00e4glich\u2026","rel":"","context":"In &quot;St\u00f6rungen und Bauarbeiten&quot;","block_context":{"text":"St\u00f6rungen und Bauarbeiten","link":"https:\/\/www.u-bahn-muenchen.de\/blog\/category\/storungen-und-bauarbeiten\/"},"img":{"alt_text":"","src":"","width":0,"height":0},"classes":[]},{"id":484,"url":"https:\/\/www.u-bahn-muenchen.de\/blog\/2017\/02\/umbau-sendlinger-tor-am-montag-gehts-los\/","url_meta":{"origin":788,"position":4},"title":"Umbau Sendlinger Tor: Am Montag geht\u2019s los","author":"Frederik Buchleitner","date":"9. Februar 2017","format":false,"excerpt":"Der bayerischen Landeshauptstadt stehen in den kommenden Jahren zahlreiche Bauarbeiten und daraus bedingend nat\u00fcrlich auch Einschr\u00e4nkungen ins Haus. Nicht nur der Baubeginn bei der 2. S-Bahn-Stammstrecke in gut zwei Monaten und der daraus resultierende Komplettumbau des Hauptbahnhofs f\u00fchrt \u00fcber Jahre f\u00fcr die Fahrg\u00e4ste zu Beeintr\u00e4chtigungen, auch der U-Bahn-Knotenpunkt am Sendlinger\u2026","rel":"","context":"In &quot;St\u00f6rungen und Bauarbeiten&quot;","block_context":{"text":"St\u00f6rungen und Bauarbeiten","link":"https:\/\/www.u-bahn-muenchen.de\/blog\/category\/storungen-und-bauarbeiten\/"},"img":{"alt_text":"","src":"","width":0,"height":0},"classes":[]},{"id":574,"url":"https:\/\/www.u-bahn-muenchen.de\/blog\/2020\/07\/neue-weichen-an-der-muenchner-freiheit-unterbrechung-der-u3-u6-bis-18-september\/","url_meta":{"origin":788,"position":5},"title":"Neue Weichen an der M\u00fcnchner Freiheit: Unterbrechung der U3\/U6 bis 18. September","author":"Florian Sch\u00fctz","date":"12. Juli 2020","format":false,"excerpt":"In den kommenden zehn Wochen erneuert die MVG auf der S\u00fcdseite des U-Bahnhofs M\u00fcnchner Freiheit in Schwabing neun Weichen. Die U-Bahnlinien U3 und U6 m\u00fcssen deshalb unterbrochen werden. Der Abschnitt Universit\u00e4t \u2013 Giselastra\u00dfe \u2013 M\u00fcnchner Freiheit ist von Montag, 13. Juli bis einschlie\u00dflich Freitag, 18. September voll gesperrt. [img id=mu-weichenbau-infotafel\u2026","rel":"","context":"In &quot;Betrieb&quot;","block_context":{"text":"Betrieb","link":"https:\/\/www.u-bahn-muenchen.de\/blog\/category\/betrieb\/"},"img":{"alt_text":"","src":"","width":0,"height":0},"classes":[]}],"jetpack_sharing_enabled":true,"jetpack_featured_media_url":"","_links":{"self":[{"href":"https:\/\/www.u-bahn-muenchen.de\/blog\/wp-json\/wp\/v2\/posts\/788","targetHints":{"allow":["GET"]}}],"collection":[{"href":"https:\/\/www.u-bahn-muenchen.de\/blog\/wp-json\/wp\/v2\/posts"}],"about":[{"href":"https:\/\/www.u-bahn-muenchen.de\/blog\/wp-json\/wp\/v2\/types\/post"}],"author":[{"embeddable":true,"href":"https:\/\/www.u-bahn-muenchen.de\/blog\/wp-json\/wp\/v2\/users\/2"}],"replies":[{"embeddable":true,"href":"https:\/\/www.u-bahn-muenchen.de\/blog\/wp-json\/wp\/v2\/comments?post=788"}],"version-history":[{"count":16,"href":"https:\/\/www.u-bahn-muenchen.de\/blog\/wp-json\/wp\/v2\/posts\/788\/revisions"}],"predecessor-version":[{"id":804,"href":"https:\/\/www.u-bahn-muenchen.de\/blog\/wp-json\/wp\/v2\/posts\/788\/revisions\/804"}],"wp:attachment":[{"href":"https:\/\/www.u-bahn-muenchen.de\/blog\/wp-json\/wp\/v2\/media?parent=788"}],"wp:term":[{"taxonomy":"category","embeddable":true,"href":"https:\/\/www.u-bahn-muenchen.de\/blog\/wp-json\/wp\/v2\/categories?post=788"},{"taxonomy":"post_tag","embeddable":true,"href":"https:\/\/www.u-bahn-muenchen.de\/blog\/wp-json\/wp\/v2\/tags?post=788"}],"curies":[{"name":"wp","href":"https:\/\/api.w.org\/{rel}","templated":true}]}}