{"id":774,"date":"2021-06-19T13:02:29","date_gmt":"2021-06-19T11:02:29","guid":{"rendered":"https:\/\/www.u-bahn-muenchen.de\/blog\/?p=774"},"modified":"2021-06-19T14:12:34","modified_gmt":"2021-06-19T12:12:34","slug":"gestaltungswettbewerb-u-bahnhof-martinsried-abgeschlossen","status":"publish","type":"post","link":"https:\/\/www.u-bahn-muenchen.de\/blog\/2021\/06\/gestaltungswettbewerb-u-bahnhof-martinsried-abgeschlossen\/","title":{"rendered":"Gestaltungswettbewerb U-Bahnhof Martinsried abgeschlossen"},"content":{"rendered":"\n<p class=\"wp-block-paragraph\">Im Wettbewerb zur Gestaltung des geplanten U-Bahnhofs Martinsried am s\u00fcdlichen Ende der Linie U6 auf dem Gebiet der Gemeinde Planegg hat das Preisgericht die <a rel=\"noreferrer noopener\" href=\"https:\/\/gruberpopp.de\/projekte\/u-bahnhof-martinsried-muenchen\/\" target=\"_blank\">Entw\u00fcrfe von Gruber + Popp Architekt:innen<\/a> aus Berlin mit dem ersten Platz pr\u00e4miert. <\/p>\n\n\n\n<p class=\"wp-block-paragraph\">[img id=md_rendering_gruberpopp align=right size=mittel4 text=Rendering_Gruber_+_Popp_Architekt:innen]Der n\u00fcchterne Entwurf f\u00fcr den U-Bahnhof [bflink id=MD] beinhaltet viele Sichtbetonfl\u00e4chen, einzelne gelbe Farbakzente und einige pfiffige Ideen, die den Bezug zur Umgebung mit den Forschungsinstituten Ludwig-Maximilians-Universit\u00e4t aufnehmen. <\/p>\n\n\n\n<p class=\"wp-block-paragraph\">\u00dcber die baulich notwendigen Entrauchungs-, L\u00fcftungs- und Licht\u00f6ffnungen in der Bauwerksdecke wird viel Tageslicht auf den Bahnsteig gebracht. Erg\u00e4nzt wird die Struktur an der Decke von weiteren, zellenf\u00f6rmig gestalteten Fl\u00e4chen, die mit Leuchtmitteln und Akustikabsorbern versehen sind. <\/p>\n\n\n\n<h3 class=\"wp-block-heading\">Aus der Beurteilung des Preisgerichts:<\/h3>\n\n\n\n<blockquote class=\"wp-block-quote is-layout-flow wp-block-quote-is-layout-flow\"><p>Das Gesamtkonzept erscheint harmonisch und f\u00fcgt sich gut in den Park des neuen Uni-Ensembles ein. Die Assoziation an Zellstrukturen unter dem Mikroskop wirkt stimmig und stellt einen nachvollziehbaren Bezug zum Ort her.<br><br>Im Inneren pr\u00e4gen organische Deckenaussparungen und Decken\u00f6ffnungen den neuen Bahnhof. Sie beinhalten auf sinnf\u00e4llige Weise alle Nutzungselemente wie Entrauchung, Akustik und Beleuchtung. Oberlichter stellen einen Bezug zur Au\u00dfenwelt her, Aussparungen f\u00fcr Kunstlicht und Leuchten in den L\u00fcftungssch\u00e4chten erg\u00e4nzen das Lichtkonzept und sorgen f\u00fcr eine gleichm\u00e4\u00dfige Ausleuchtung. Der Entwurf kommt ohne weitere Gestaltungselemente aus und schafft so auf einfache Weise einen zur\u00fcckhaltenden aber doch atmosph\u00e4rischen Innenraumcharakter.<br><br>Die zellartige Struktur \u00fcberzeugt auch oberirdisch. Hier f\u00fcgen sich die Entrauchungskuppel und Oberlichter organisch in die Landschaft ein und lassen eine sinnf\u00e4llige und hochwertige Nutzung der Freibereiche erwarten.<\/p><\/blockquote>\n\n\n\n<h3 class=\"wp-block-heading\">Quelle:<\/h3>\n\n\n\n<p class=\"wp-block-paragraph\"><a href=\"https:\/\/gruberpopp.de\/projekte\/u-bahnhof-martinsried-muenchen\/\" data-type=\"URL\" data-id=\"https:\/\/gruberpopp.de\/projekte\/u-bahnhof-martinsried-muenchen\/\">Gruber + Popp Architek:innen Berlin &#8211; U-Bahnhof Martinsried<\/a><\/p>\n\n\n\n<p class=\"wp-block-paragraph\"> <\/p>\n","protected":false},"excerpt":{"rendered":"<p>Im Wettbewerb zur Gestaltung des geplanten U-Bahnhofs Martinsried am s\u00fcdlichen Ende der Linie U6 auf dem Gebiet der Gemeinde Planegg hat das Preisgericht die Entw\u00fcrfe von Gruber + Popp Architekt:innen aus Berlin mit dem ersten Platz pr\u00e4miert. [img id=md_rendering_gruberpopp align=right size=mittel4 text=Rendering_Gruber_+_Popp_Architekt:innen]Der n\u00fcchterne Entwurf f\u00fcr den U-Bahnhof [bflink id=MD] beinhaltet viele Sichtbetonfl\u00e4chen, einzelne gelbe Farbakzente [&hellip;]<\/p>\n","protected":false},"author":2,"featured_media":0,"comment_status":"open","ping_status":"open","sticky":false,"template":"","format":"standard","meta":{"advanced_seo_description":"","jetpack_seo_html_title":"","jetpack_seo_noindex":false,"jetpack_seo_schema_type":"","_jetpack_newsletter_access":"","_jetpack_dont_email_post_to_subs":false,"_jetpack_newsletter_tier_id":0,"_jetpack_memberships_contains_paywalled_content":false,"_jetpack_feature_clip_id":0,"_jetpack_memberships_contains_paid_content":false,"footnotes":"","jetpack_post_was_ever_published":false},"categories":[3,2],"tags":[22],"class_list":["post-774","post","type-post","status-publish","format-standard","hentry","category-storungen-und-bauarbeiten","category-u-bahnhofe","tag-martinsried"],"jetpack_shortlink":"https:\/\/wp.me\/p87CPJ-cu","jetpack-related-posts":[{"id":1040,"url":"https:\/\/www.u-bahn-muenchen.de\/blog\/2023\/02\/spatenstich-fuer-die-u6-verlaengerung-nach-martinsried\/","url_meta":{"origin":774,"position":0},"title":"Spatenstich f\u00fcr die U6-Verl\u00e4ngerung nach Martinsried","author":"Florian Sch\u00fctz","date":"6. Februar 2023","format":false,"excerpt":"Am 6. Februar 2023 wurde der offizielle erste Spatenstich f\u00fcr die Verl\u00e4ngerung der M\u00fcnchner U-Bahnlinie 6 nach Martinsried in der Gemeinde Planegg im Landkreis M\u00fcnchen get\u00e4tigt. [img id=md_spatenstich align=right size=mittel2]In Anwesenheit von Planeggs B\u00fcrgermeister Hermann Nafziger, Bayerns Ministerpr\u00e4sident Dr. Markus S\u00f6der, Verkehrsminister Christian Bernreiter, Wissenschaftsminister Markus Blume, dem Landrat des\u2026","rel":"","context":"In &quot;Netz&quot;","block_context":{"text":"Netz","link":"https:\/\/www.u-bahn-muenchen.de\/blog\/category\/netz\/"},"img":{"alt_text":"","src":"","width":0,"height":0},"classes":[]},{"id":704,"url":"https:\/\/www.u-bahn-muenchen.de\/blog\/2021\/05\/startschuss-fuer-parkdeck-am-geplanten-u-bahnhof-martinsried\/","url_meta":{"origin":774,"position":1},"title":"Startschuss f\u00fcr Parkdeck am geplanten U-Bahnhof Martinsried","author":"Florian Sch\u00fctz","date":"21. Mai 2021","format":false,"excerpt":"Der Bau des Parkdecks am Life-Science-Campus der Ludwig-Maximilians-Universit\u00e4t in Martinsried als Vorma\u00dfnahme der lange geplanten U-Bahn-Verl\u00e4ngerung der Linie U6 hat begonnen. Zum Fahrplanwechsel 2025\/2026 wird die Er\u00f6ffnung der gut einen Kilometer langen Erweiterung vom [bflink id=KL] zum neuen U-Bahnhof [bflink id=MD] derzeit erwartet. Lageplan des U-Bahnhof (unten) sowie des Parkdecks\u2026","rel":"","context":"In &quot;Netz&quot;","block_context":{"text":"Netz","link":"https:\/\/www.u-bahn-muenchen.de\/blog\/category\/netz\/"},"img":{"alt_text":"","src":"\/blog\/wp-content\/uploads\/2021\/05\/image-300x226.png","width":350,"height":200},"classes":[]},{"id":125,"url":"https:\/\/www.u-bahn-muenchen.de\/blog\/2010\/10\/auslegung-planunterlagen-martinsried\/","url_meta":{"origin":774,"position":2},"title":"Auslegung Planunterlagen Martinsried","author":"Boris Merath","date":"11. Oktober 2010","format":false,"excerpt":"In zwei Monaten endet der seit 1965 bisher ununterbrochene U-Bahn-Ausbau in M\u00fcnchen mit der Er\u00f6ffnung der Strecke nach Moosach vorerst - doch das n\u00e4chste Projekt schreitet bereits voran: Noch bis Dienstag, 19.10. k\u00f6nnen die Planfeststellungsunterlagen f\u00fcr die Verl\u00e4ngerung der U6 nach Martinsried \u00f6ffentlich eingesehen werden. Die Auslegung ist Montag bis\u2026","rel":"","context":"In &quot;U-Bahnh\u00f6fe&quot;","block_context":{"text":"U-Bahnh\u00f6fe","link":"https:\/\/www.u-bahn-muenchen.de\/blog\/category\/u-bahnhofe\/"},"img":{"alt_text":"","src":"","width":0,"height":0},"classes":[]},{"id":20,"url":"https:\/\/www.u-bahn-muenchen.de\/blog\/2010\/05\/paolo-nestler\/","url_meta":{"origin":774,"position":3},"title":"Paolo Nestler &#8211; Ein Nachruf","author":"Florian Sch\u00fctz","date":"8. Mai 2010","format":false,"excerpt":"Vor wenigen Wochen ist einer der Pioniere der M\u00fcnchner U-Bahn im Alter von 89 Jahren gestorben: Professor Paolo Nestler. Obwohl der Name vermutlich wenigen etwas sagt, kennt jeder M\u00fcnchner zahlreiche seiner Bauwerke: Paolo Nestler zeichnet sich f\u00fcr eine Vielzahl an U-Bahnh\u00f6fen in M\u00fcnchen verantwortlich, darunter fast alle des 1971 er\u00f6ffneten\u2026","rel":"","context":"In &quot;Geschichte&quot;","block_context":{"text":"Geschichte","link":"https:\/\/www.u-bahn-muenchen.de\/blog\/category\/geschichte\/"},"img":{"alt_text":"","src":"","width":0,"height":0},"classes":[]},{"id":934,"url":"https:\/\/www.u-bahn-muenchen.de\/blog\/2022\/02\/u5-sued-neues-gestaltungskonzept-vorgestellt\/","url_meta":{"origin":774,"position":4},"title":"U5-S\u00fcd: Neues Gestaltungskonzept vorgestellt","author":"Florian Sch\u00fctz","date":"16. Februar 2022","format":false,"excerpt":"Nachdem in den letzten Monaten bereits die bisherigen Gestaltungselemente und Hintergleisw\u00e4nde an den U-Bahnh\u00f6fen entlang des S\u00fcdastes der U5 entfernt wurden, wurden nun die k\u00fcnftigen individuellen Gestaltungen vorgestellt. Mit der Sanierung der sogenannten Hintergleisfassaden kommt erstmals ein neues Gestaltungskonzept zum Einsatz, das gemeinsam mit dem Architekturb\u00fcro allmannwappner entwickelt wurde und\u2026","rel":"","context":"In &quot;U-Bahnh\u00f6fe&quot;","block_context":{"text":"U-Bahnh\u00f6fe","link":"https:\/\/www.u-bahn-muenchen.de\/blog\/category\/u-bahnhofe\/"},"img":{"alt_text":"","src":"","width":0,"height":0},"classes":[]},{"id":387,"url":"https:\/\/www.u-bahn-muenchen.de\/blog\/2014\/02\/projekt-u9-entlastungsspange-fuer-die-innenstadt\/","url_meta":{"origin":774,"position":5},"title":"Projekt U9: Entlastungsspange f\u00fcr die Innenstadt","author":"Florian Sch\u00fctz","date":"11. Februar 2014","format":false,"excerpt":"Bereits seit einigen Jahren wird seitens der MVG eine weitere Innenstadtstrecke zur Entlastung der heutigen Strecken von U1\/U2 und U3\/U6 unter dem Arbeitstitel \"U9\" geplant. Am heutigen 11. Februar stellten die Stadtwerke M\u00fcnchen \/ M\u00fcnchner Verkehrsgesellschaft eine Machbarkeitsstudie vor, die diese \"U9-Spange\" genauer untersucht hat. Die Studie von SWM\/MVG und\u2026","rel":"","context":"In &quot;Betrieb&quot;","block_context":{"text":"Betrieb","link":"https:\/\/www.u-bahn-muenchen.de\/blog\/category\/betrieb\/"},"img":{"alt_text":"","src":"","width":0,"height":0},"classes":[]}],"jetpack_sharing_enabled":true,"jetpack_featured_media_url":"","_links":{"self":[{"href":"https:\/\/www.u-bahn-muenchen.de\/blog\/wp-json\/wp\/v2\/posts\/774","targetHints":{"allow":["GET"]}}],"collection":[{"href":"https:\/\/www.u-bahn-muenchen.de\/blog\/wp-json\/wp\/v2\/posts"}],"about":[{"href":"https:\/\/www.u-bahn-muenchen.de\/blog\/wp-json\/wp\/v2\/types\/post"}],"author":[{"embeddable":true,"href":"https:\/\/www.u-bahn-muenchen.de\/blog\/wp-json\/wp\/v2\/users\/2"}],"replies":[{"embeddable":true,"href":"https:\/\/www.u-bahn-muenchen.de\/blog\/wp-json\/wp\/v2\/comments?post=774"}],"version-history":[{"count":9,"href":"https:\/\/www.u-bahn-muenchen.de\/blog\/wp-json\/wp\/v2\/posts\/774\/revisions"}],"predecessor-version":[{"id":785,"href":"https:\/\/www.u-bahn-muenchen.de\/blog\/wp-json\/wp\/v2\/posts\/774\/revisions\/785"}],"wp:attachment":[{"href":"https:\/\/www.u-bahn-muenchen.de\/blog\/wp-json\/wp\/v2\/media?parent=774"}],"wp:term":[{"taxonomy":"category","embeddable":true,"href":"https:\/\/www.u-bahn-muenchen.de\/blog\/wp-json\/wp\/v2\/categories?post=774"},{"taxonomy":"post_tag","embeddable":true,"href":"https:\/\/www.u-bahn-muenchen.de\/blog\/wp-json\/wp\/v2\/tags?post=774"}],"curies":[{"name":"wp","href":"https:\/\/api.w.org\/{rel}","templated":true}]}}