{"id":755,"date":"2021-06-13T12:00:45","date_gmt":"2021-06-13T10:00:45","guid":{"rendered":"https:\/\/www.u-bahn-muenchen.de\/blog\/?p=755"},"modified":"2026-05-30T10:22:07","modified_gmt":"2026-05-30T08:22:07","slug":"terminhinweis-virtuelle-infoveranstaltung-sendlinger-tor","status":"publish","type":"post","link":"https:\/\/www.u-bahn-muenchen.de\/blog\/2021\/06\/terminhinweis-virtuelle-infoveranstaltung-sendlinger-tor\/","title":{"rendered":"Terminhinweis: Virtuelle Infoveranstaltung Sendlinger Tor"},"content":{"rendered":"\n<p class=\"wp-block-paragraph\">Am&nbsp;Donnerstag, 24.06.2021 um 18.30 Uhr&nbsp;l\u00e4dt die M\u00fcnchner Verkehrsgesellschaft zu einem virtuellen Informationsabend ein, um den aktuellen Zwischenstand der laufenden Erweiterungs- und Sanierungsarbeiten am U-Bahnhof [bflink id=SE] vorzustellen.<\/p>\n\n\n\n<p class=\"wp-block-paragraph\">Seit M\u00e4rz 2017 wird der U-Bahnhof Sendlinger Tor unter laufendem Betrieb umgebaut. Alle drei Ebenen werden komplett saniert, modernisiert, umgestaltet, barrierefrei ausgebaut, brandschutztechnisch an heutige Standards angepasst sowie erweitert. Die Steigerung der Leistungsf\u00e4higkeit des teilweise \u00fcber 45 Jahre alten Bauwerks steht bei dem Umbau im Mittelpunkt. 2023 wird mit der Fertigstellung aller Teilbauma\u00dfnahmen gerechnet. <\/p>\n\n\n\n\n[imagelist col=3]su_sonnenstrasse_2,sendlinger-tor-umbau_u3_u6,sendlinger-tor-umbau-u1_u2,sendlinger-tor-umbau-zwischengeschoss,se_umbau_uebersicht[\/imagelist]\n\n\n\n\n<h3 class=\"wp-block-heading\">Inhalte der virtuellen Informationsveranstaltung<\/h3>\n\n\n\n<ul class=\"wp-block-list\">\n<li>Live-Pr\u00e4sentation zum Baufortschritt\u00a0\u00a0<\/li>\n\n\n\n<li>Fragerunde\u00a0mit Projektverantwortlichen<\/li>\n\n\n\n<li>Virtuelle Baustellenf\u00fchrung<\/li>\n\n\n\n<li>Blicke hinter die Kulissen<\/li>\n\n\n\n<li>Ausblick auf die ausstehenden Bauma\u00dfnahmen<\/li>\n<\/ul>\n\n\n\n<h3 class=\"wp-block-heading\">Anmeldung<\/h3>\n\n\n\n<p class=\"wp-block-paragraph\">Weitere Informationen und Informationen zur verpflichtenden Anmeldung k\u00f6nnen der&nbsp;<a rel=\"noreferrer noopener\" href=\"https:\/\/www.mvg.de\/ueber\/mvg-projekte\/infoveranstaltung-bs.html\" target=\"_blank\">Informationsseite auf mvg.de<\/a>&nbsp;entnommen werden.<\/p>\n\n\n\n<h3 class=\"wp-block-heading\">Fr\u00fchere Artikel<\/h3>\n\n\n\n<ul class=\"wp-block-list\">\n<li><a href=\"\/blog\/2019\/11\/sendlinger-tor-umbau-nimmt-gestalt-an\/\">3. Novemer 2019: Sendlinger Tor: der Umbau nimmt Gestalt an<\/a><\/li>\n\n\n\n<li><a href=\"\/blog\/2017\/02\/umbau-sendlinger-tor-am-montag-gehts-los\/\">9. Februar 2017: Umbau Sendlinger Tor: Am Montag geht\u2019s los<\/a><\/li>\n\n\n\n<li><a href=\"\/blog\/2012\/04\/machbarkeitsstudie-erweiterung-u-bahnhof-sendlinger-tor\/\">11. April 2012: Machbarkeitsstudie Erweiterung U-Bahnhof Sendlinger Tor<\/a><\/li>\n<\/ul>\n\n\n\n<p class=\"wp-block-paragraph\"><\/p>\n","protected":false},"excerpt":{"rendered":"<p>Am&nbsp;Donnerstag, 24.06.2021 um 18.30 Uhr&nbsp;l\u00e4dt die M\u00fcnchner Verkehrsgesellschaft zu einem virtuellen Informationsabend ein, um den aktuellen Zwischenstand der laufenden Erweiterungs- und Sanierungsarbeiten am U-Bahnhof [bflink id=SE] vorzustellen. Seit M\u00e4rz 2017 wird der U-Bahnhof Sendlinger Tor unter laufendem Betrieb umgebaut. Alle drei Ebenen werden komplett saniert, modernisiert, umgestaltet, barrierefrei ausgebaut, brandschutztechnisch an heutige Standards angepasst sowie [&hellip;]<\/p>\n","protected":false},"author":2,"featured_media":0,"comment_status":"open","ping_status":"open","sticky":false,"template":"","format":"standard","meta":{"advanced_seo_description":"","jetpack_seo_html_title":"","jetpack_seo_noindex":false,"jetpack_seo_schema_type":"","_jetpack_newsletter_access":"","_jetpack_dont_email_post_to_subs":false,"_jetpack_newsletter_tier_id":0,"_jetpack_memberships_contains_paywalled_content":false,"_jetpack_feature_clip_id":0,"_jetpack_memberships_contains_paid_content":false,"footnotes":"","jetpack_post_was_ever_published":false},"categories":[3,2],"tags":[],"class_list":["post-755","post","type-post","status-publish","format-standard","hentry","category-storungen-und-bauarbeiten","category-u-bahnhofe"],"jetpack_shortlink":"https:\/\/wp.me\/p87CPJ-cb","jetpack-related-posts":[{"id":788,"url":"https:\/\/www.u-bahn-muenchen.de\/blog\/2021\/06\/infoveranstaltung-sendlinger-tor\/","url_meta":{"origin":755,"position":0},"title":"Infoveranstaltung Sendlinger Tor","author":"Florian Sch\u00fctz","date":"24. Juni 2021","format":false,"excerpt":"Am 24. Juni lud die M\u00fcnchner Verkehrsgesellschaft zu einer virtuellen Informationsveranstaltung zum Fortschritt der seit 2017 bestehendenden Baustelle am Sendlinger Tor. Dort wird unter laufenden Betrieb eine Komplettsanierung und Erweiterung des U-Bahnhofs umgesetzt. Virtuelle Baustellenf\u00fchrung [img id=su_sonnenstrasse_4 align=right]Die Projektleiter Andreas Schmid, Barbara Mittermeier und Kerstin Scholber erl\u00e4uterten zun\u00e4chst die Gr\u00fcnde\u2026","rel":"","context":"In &quot;St\u00f6rungen und Bauarbeiten&quot;","block_context":{"text":"St\u00f6rungen und Bauarbeiten","link":"https:\/\/www.u-bahn-muenchen.de\/blog\/category\/storungen-und-bauarbeiten\/"},"img":{"alt_text":"","src":"","width":0,"height":0},"classes":[]},{"id":532,"url":"https:\/\/www.u-bahn-muenchen.de\/blog\/2019\/11\/sendlinger-tor-umbau-nimmt-gestalt-an\/","url_meta":{"origin":755,"position":1},"title":"Sendlinger Tor: der Umbau nimmt Gestalt an","author":"Florian Sch\u00fctz","date":"3. November 2019","format":false,"excerpt":"Seit dem Jahr 2017 wird der U-Bahnhof am Sendlinger Tor umgebaut und erweitert. Bisher waren f\u00fcr Fahrg\u00e4ste der U-Bahn und alle, die gleich mit welchem Verkehrsmittel irgendwie am Sendlinger Tor vorbei mussten, prim\u00e4r die Einschr\u00e4nkungen und Baustellenfl\u00e4chen sichtbar. Allm\u00e4hlich \u00e4ndert sich das. [img id=zza_se_bauarbeiten_pendelbetrieb align=right]Seit einigen Tagen kann man bereits\u2026","rel":"","context":"In &quot;St\u00f6rungen und Bauarbeiten&quot;","block_context":{"text":"St\u00f6rungen und Bauarbeiten","link":"https:\/\/www.u-bahn-muenchen.de\/blog\/category\/storungen-und-bauarbeiten\/"},"img":{"alt_text":"","src":"","width":0,"height":0},"classes":[]},{"id":325,"url":"https:\/\/www.u-bahn-muenchen.de\/blog\/2012\/04\/machbarkeitsstudie-erweiterung-u-bahnhof-sendlinger-tor\/","url_meta":{"origin":755,"position":2},"title":"Machbarkeitsstudie Erweiterung U-Bahnhof Sendlinger Tor","author":"Boris Merath","date":"11. April 2012","format":false,"excerpt":"Aufgrund von Sch\u00e4den am Bauwerk sowie Kapazit\u00e4tsengp\u00e4ssen im zentralen Umsteigebereich soll der Bahnhof [bflink id=SE] saniert und umfassend durch neue Treppenanlagen erweitert werden. In einem Pressegespr\u00e4ch gab die MVG heute die Ergebnisse einer Machbarkeitsstudie zur Kapazit\u00e4tserweiterung bekannt. Der U-Bahnhof Sendlinger Tor ist mit f\u00fcnf U-Bahn-Linien, 145000 Fahrg\u00e4sten, die dort t\u00e4glich\u2026","rel":"","context":"In &quot;St\u00f6rungen und Bauarbeiten&quot;","block_context":{"text":"St\u00f6rungen und Bauarbeiten","link":"https:\/\/www.u-bahn-muenchen.de\/blog\/category\/storungen-und-bauarbeiten\/"},"img":{"alt_text":"","src":"","width":0,"height":0},"classes":[]},{"id":484,"url":"https:\/\/www.u-bahn-muenchen.de\/blog\/2017\/02\/umbau-sendlinger-tor-am-montag-gehts-los\/","url_meta":{"origin":755,"position":3},"title":"Umbau Sendlinger Tor: Am Montag geht\u2019s los","author":"Frederik Buchleitner","date":"9. Februar 2017","format":false,"excerpt":"Der bayerischen Landeshauptstadt stehen in den kommenden Jahren zahlreiche Bauarbeiten und daraus bedingend nat\u00fcrlich auch Einschr\u00e4nkungen ins Haus. Nicht nur der Baubeginn bei der 2. S-Bahn-Stammstrecke in gut zwei Monaten und der daraus resultierende Komplettumbau des Hauptbahnhofs f\u00fchrt \u00fcber Jahre f\u00fcr die Fahrg\u00e4ste zu Beeintr\u00e4chtigungen, auch der U-Bahn-Knotenpunkt am Sendlinger\u2026","rel":"","context":"In &quot;St\u00f6rungen und Bauarbeiten&quot;","block_context":{"text":"St\u00f6rungen und Bauarbeiten","link":"https:\/\/www.u-bahn-muenchen.de\/blog\/category\/storungen-und-bauarbeiten\/"},"img":{"alt_text":"","src":"","width":0,"height":0},"classes":[]},{"id":449,"url":"https:\/\/www.u-bahn-muenchen.de\/blog\/2016\/11\/c2-fahrgasteinsatz-bis-grosshadern\/","url_meta":{"origin":755,"position":4},"title":"C2-Fahrgasteinsatz bis Gro\u00dfhadern","author":"Frederik Buchleitner","date":"4. November 2016","format":false,"excerpt":"Mit der Genehmigung f\u00fcr den Fahrgastbetrieb der C2-Z\u00fcge auf der gesamten Strecke der Linie U6 konnte heute ein wichtiger Meilenstein erreicht werden. Die derzeit drei \u00fcblicherweise eingesetzten Z\u00fcge 701, 702 und 713 sind seit dem heutigen Freitagnachmittag im Planbetrieb zwischen Garching-Forschungszentrum und Klinikum Gro\u00dfhadern im Einsatz. Erster Fahrgasteinsatz im Stadtzentrum:\u2026","rel":"","context":"In &quot;Fahrzeuge&quot;","block_context":{"text":"Fahrzeuge","link":"https:\/\/www.u-bahn-muenchen.de\/blog\/category\/fahrzeuge\/"},"img":{"alt_text":"","src":"","width":0,"height":0},"classes":[]},{"id":574,"url":"https:\/\/www.u-bahn-muenchen.de\/blog\/2020\/07\/neue-weichen-an-der-muenchner-freiheit-unterbrechung-der-u3-u6-bis-18-september\/","url_meta":{"origin":755,"position":5},"title":"Neue Weichen an der M\u00fcnchner Freiheit: Unterbrechung der U3\/U6 bis 18. September","author":"Florian Sch\u00fctz","date":"12. Juli 2020","format":false,"excerpt":"In den kommenden zehn Wochen erneuert die MVG auf der S\u00fcdseite des U-Bahnhofs M\u00fcnchner Freiheit in Schwabing neun Weichen. Die U-Bahnlinien U3 und U6 m\u00fcssen deshalb unterbrochen werden. Der Abschnitt Universit\u00e4t \u2013 Giselastra\u00dfe \u2013 M\u00fcnchner Freiheit ist von Montag, 13. Juli bis einschlie\u00dflich Freitag, 18. September voll gesperrt. [img id=mu-weichenbau-infotafel\u2026","rel":"","context":"In &quot;Betrieb&quot;","block_context":{"text":"Betrieb","link":"https:\/\/www.u-bahn-muenchen.de\/blog\/category\/betrieb\/"},"img":{"alt_text":"","src":"","width":0,"height":0},"classes":[]}],"jetpack_sharing_enabled":true,"jetpack_featured_media_url":"","_links":{"self":[{"href":"https:\/\/www.u-bahn-muenchen.de\/blog\/wp-json\/wp\/v2\/posts\/755","targetHints":{"allow":["GET"]}}],"collection":[{"href":"https:\/\/www.u-bahn-muenchen.de\/blog\/wp-json\/wp\/v2\/posts"}],"about":[{"href":"https:\/\/www.u-bahn-muenchen.de\/blog\/wp-json\/wp\/v2\/types\/post"}],"author":[{"embeddable":true,"href":"https:\/\/www.u-bahn-muenchen.de\/blog\/wp-json\/wp\/v2\/users\/2"}],"replies":[{"embeddable":true,"href":"https:\/\/www.u-bahn-muenchen.de\/blog\/wp-json\/wp\/v2\/comments?post=755"}],"version-history":[{"count":8,"href":"https:\/\/www.u-bahn-muenchen.de\/blog\/wp-json\/wp\/v2\/posts\/755\/revisions"}],"predecessor-version":[{"id":1182,"href":"https:\/\/www.u-bahn-muenchen.de\/blog\/wp-json\/wp\/v2\/posts\/755\/revisions\/1182"}],"wp:attachment":[{"href":"https:\/\/www.u-bahn-muenchen.de\/blog\/wp-json\/wp\/v2\/media?parent=755"}],"wp:term":[{"taxonomy":"category","embeddable":true,"href":"https:\/\/www.u-bahn-muenchen.de\/blog\/wp-json\/wp\/v2\/categories?post=755"},{"taxonomy":"post_tag","embeddable":true,"href":"https:\/\/www.u-bahn-muenchen.de\/blog\/wp-json\/wp\/v2\/tags?post=755"}],"curies":[{"name":"wp","href":"https:\/\/api.w.org\/{rel}","templated":true}]}}