{"id":725,"date":"2021-03-01T10:59:00","date_gmt":"2021-03-01T09:59:00","guid":{"rendered":"https:\/\/www.u-bahn-muenchen.de\/blog\/?p=725"},"modified":"2026-07-09T16:00:59","modified_gmt":"2026-07-09T14:00:59","slug":"50-jahre-u-bahn-fuer-muenchen-historisches","status":"publish","type":"post","link":"https:\/\/www.u-bahn-muenchen.de\/blog\/2021\/03\/50-jahre-u-bahn-fuer-muenchen-historisches\/","title":{"rendered":"50 Jahre U-Bahn f\u00fcr M\u00fcnchen &#8211; Historisches"},"content":{"rendered":"\n<p class=\"wp-block-paragraph\">In diesem Jahr feiert die M\u00fcnchner U-Bahn ihren 50. Geburtstag. Am 19. Oktober 1971 wurde auf der Strecke zwischen [bflink id=KG] und [bflink id=GO] der Betrieb der U6 als erster Strecke aufgenommen.<\/p>\n\n\n\n<p class=\"wp-block-paragraph\">Dieses Jubil\u00e4um wird in den kommenden Monaten verschiedentlich sicher noch Erw\u00e4hnung finden. Als Einstimmung hierauf schon mal einige historische Bild- und Videodokumente:<\/p>\n\n\n\n\n<h3>U-Bahn-Bau in M\u00fcnchen<\/h3>\n<div class=\"video-container\">\n<iframe loading=\"lazy\" width=\"560\" height=\"315\" src=\"https:\/\/www.youtube-nocookie.com\/embed\/dfTm0Nikrdk\" title=\"YouTube video player\" frameborder=\"0\" allow=\"accelerometer; autoplay; clipboard-write; encrypted-media; gyroscope; picture-in-picture\" allowfullscreen=\"\"><\/iframe>\n<\/div>\n<h3>U-Bahn f\u00fcr M\u00fcnchen 1965<\/h3>\n<div class=\"video-container\">\n<iframe loading=\"lazy\" width=\"560\" height=\"315\" src=\"https:\/\/www.youtube-nocookie.com\/embed\/_j9xtyHOsqI\" title=\"YouTube video player\" frameborder=\"0\" allow=\"accelerometer; autoplay; clipboard-write; encrypted-media; gyroscope; picture-in-picture\" allowfullscreen=\"\"><\/iframe>\n<p>Erstsendung: 21.01.1965<\/p>\n<\/div>\n\n\n\n\n\n\n<h3 class=\"wp-block-heading\">Historische Aufnahmen <\/h3>\n\n\n\n<p class=\"wp-block-paragraph\">Einige historische Aufnahmen haben im Laufe der Jahre auch auf dieser Website in einzelnen Artikeln Eingang gefunden. Nachfolgend sind &#8211; thematisch gruppiert &#8211; einige davon zu sehen.<\/p>\n\n\n\n<h4>Aus der Bauzeit<\/h4>\n<div class=\"flex-container\">\n[img id=bundesarchiv_u-bahn-bau_ludwigstrasse size=mittel_pano align=center]\n[img id=baustelle_oktober_1969 size=mittel_pano align=center]\n[img id=mu_baustelle_1969 size=mittel_pano align=center]\n[img id=schildvortrieb_universitaet size=mittel_pano align=center]\n[img id=rohbau_marienplatz_1969 size=mittel_pano align=center]\n[img id=pressefahrt_1967 size=mittel_pano align=center]\n<\/div>\n\n\n\n<div class=\"flex-container\">\n[img id=ah_1967 size=mittel_pano align=center]\n[img id=mu_1972 size=mittel_pano align=center]\n[img id=od_hist size=mittel_pano align=center]\n[img id=u-bahn-50-jahre-baubeginn size=mittel_pano align=center]\n<\/div>\n\n\n\n<h4>Zur Er\u00f6ffnung 1971<\/h4>\n<div class=\"flex-container\">\n[img id=fr_eroeffnung size=mittel_pano align=center]\n[img id=ah_1971 size=mittel_pano align=center]\n[img id=st_eroeffnung size=mittel_pano align=center]\n[img id=zza_1971 size=mittel_pano align=center]\n<\/div>\n\n\n\n<h4>Marienplatz 1971 und in den Folgejahren<\/h4>\n<div class=\"flex-container\">\n[img id=mp_1971_1 size=mittel_pano align=center]\n[img id=mp_1971_2 size=mittel_pano align=center]\n[img id=mp_hist1 size=mittel_pano align=center]\n[img id=mp_hist2 size=mittel_pano align=center]\n[img id=mp_hist3 size=mittel_pano align=center]\n<\/div>\n\n\n\n<p class=\"wp-block-paragraph\">Viel mehr Bilder aus der Fr\u00fchzeit der U-Bahn und des st\u00e4dtischen Verkehrs zwischen 1957 und den fr\u00fchen 1970ern gibt es auf Flickr zu finden: <a rel=\"noreferrer noopener\" href=\"https:\/\/www.flickr.com\/photos\/pacific11\/albums\/72157624251512023\/\" data-type=\"URL\" data-id=\"https:\/\/www.flickr.com\/photos\/pacific11\/albums\/72157624251512023\/\" target=\"_blank\">M\u00fcnchner Bus, Tram, U- &amp; S-Bahn 1957-1972 von Pacific11 auf Flickr<\/a><\/p>\n","protected":false},"excerpt":{"rendered":"<p>In diesem Jahr feiert die M\u00fcnchner U-Bahn ihren 50. Geburtstag. Am 19. Oktober 1971 wurde auf der Strecke zwischen [bflink id=KG] und [bflink id=GO] der Betrieb der U6 als erster Strecke aufgenommen. Dieses Jubil\u00e4um wird in den kommenden Monaten verschiedentlich sicher noch Erw\u00e4hnung finden. Als Einstimmung hierauf schon mal einige historische Bild- und Videodokumente: U-Bahn-Bau [&hellip;]<\/p>\n","protected":false},"author":2,"featured_media":0,"comment_status":"open","ping_status":"open","sticky":false,"template":"","format":"standard","meta":{"advanced_seo_description":"","jetpack_seo_html_title":"","jetpack_seo_noindex":false,"jetpack_seo_schema_type":"","_jetpack_newsletter_access":"","_jetpack_dont_email_post_to_subs":true,"_jetpack_newsletter_tier_id":0,"_jetpack_memberships_contains_paywalled_content":false,"_jetpack_feature_clip_id":0,"_jetpack_memberships_contains_paid_content":false,"footnotes":"","jetpack_post_was_ever_published":false},"categories":[7],"tags":[],"class_list":["post-725","post","type-post","status-publish","format-standard","hentry","category-geschichte"],"jetpack_shortlink":"https:\/\/wp.me\/p87CPJ-bH","jetpack-related-posts":[{"id":1040,"url":"https:\/\/www.u-bahn-muenchen.de\/blog\/2023\/02\/spatenstich-fuer-die-u6-verlaengerung-nach-martinsried\/","url_meta":{"origin":725,"position":0},"title":"Spatenstich f\u00fcr die U6-Verl\u00e4ngerung nach Martinsried","author":"Florian Sch\u00fctz","date":"6. Februar 2023","format":false,"excerpt":"Am 6. Februar 2023 wurde der offizielle erste Spatenstich f\u00fcr die Verl\u00e4ngerung der M\u00fcnchner U-Bahnlinie 6 nach Martinsried in der Gemeinde Planegg im Landkreis M\u00fcnchen get\u00e4tigt. [img id=md_spatenstich align=right size=mittel2]In Anwesenheit von Planeggs B\u00fcrgermeister Hermann Nafziger, Bayerns Ministerpr\u00e4sident Dr. Markus S\u00f6der, Verkehrsminister Christian Bernreiter, Wissenschaftsminister Markus Blume, dem Landrat des\u2026","rel":"","context":"In &quot;Netz&quot;","block_context":{"text":"Netz","link":"https:\/\/www.u-bahn-muenchen.de\/blog\/category\/netz\/"},"img":{"alt_text":"","src":"","width":0,"height":0},"classes":[]},{"id":159,"url":"https:\/\/www.u-bahn-muenchen.de\/blog\/2010\/10\/handyversorgung-ab-samstag-auch-auf-der-u1-zum-oez\/","url_meta":{"origin":725,"position":1},"title":"Handyversorgung ab Samstag auch auf der U1 zum OEZ","author":"Florian Sch\u00fctz","date":"29. Oktober 2010","format":false,"excerpt":"Das Mobilfunknetz in der M\u00fcnchner U-Bahn wird um den Nordabschnitt der U-Bahnlinie U1 zum [bflink id=OE] erweitert. Die vier Netzbetreiber Vodafone, T-Mobile, E-Plus und Telef\u00f3nica O2 Germany nehmen die Sende- und Empfangsanlagen zwischen den U-Bahnstationen [bflink id=SM] und [bflink id=OE] am Samstag, 30. Oktober 2010, in Betrieb. Dieser Streckenabschnitt umfasst\u2026","rel":"","context":"In &quot;Technik&quot;","block_context":{"text":"Technik","link":"https:\/\/www.u-bahn-muenchen.de\/blog\/category\/technik\/"},"img":{"alt_text":"","src":"","width":0,"height":0},"classes":[]},{"id":467,"url":"https:\/\/www.u-bahn-muenchen.de\/blog\/2016\/12\/u3-u6-behinderungen-poccistrasse\/","url_meta":{"origin":725,"position":2},"title":"U3\/U6: Behinderungen im Sp\u00e4tverkehr im Bahnhof Poccistra\u00dfe","author":"Florian Sch\u00fctz","date":"8. Dezember 2016","format":false,"excerpt":"Wegen Bauarbeiten durchfahren die Z\u00fcge der Linien U3 und U6 die Station [bflink id=pc] am Montag, 12. Dezember sowie am Dienstag, 13. Dezember, jeweils ab ca. 22 Uhr ohne Halt. Dann k\u00f6nnen Fahrg\u00e4ste dort also weder ein- noch aussteigen. Ersatzweise richtet die MVG einen Schienenersatzverkehr (SEV) mit Bussen ein. Diese\u2026","rel":"","context":"In &quot;St\u00f6rungen und Bauarbeiten&quot;","block_context":{"text":"St\u00f6rungen und Bauarbeiten","link":"https:\/\/www.u-bahn-muenchen.de\/blog\/category\/storungen-und-bauarbeiten\/"},"img":{"alt_text":"","src":"","width":0,"height":0},"classes":[]},{"id":119,"url":"https:\/\/www.u-bahn-muenchen.de\/blog\/2010\/09\/taktverdichtungen-im-u-bahnnetz-bis-2020-geplant\/","url_meta":{"origin":725,"position":3},"title":"Taktverdichtungen im U-Bahnnetz bis 2020 geplant","author":"Florian Sch\u00fctz","date":"23. September 2010","format":false,"excerpt":"Wie die M\u00fcnchner Verkehrsgesellschaft in einem Pressegespr\u00e4ch am 23. September bekannt gab, sind im U-Bahn, Tram und Busbereich in den kommenden Jahren zahlreiche Angebotsverdichtungen und -ver\u00e4nderungen geplant. [img id=a_335_2 align=right]U-Bahn, Tram und Bus stehen bei ihren Fahrg\u00e4sten hoch im Kurs. Die Zufriedenheit der Kunden hat in der Vergangenheit kontinuierlich zugenommen.\u2026","rel":"","context":"In &quot;Betrieb&quot;","block_context":{"text":"Betrieb","link":"https:\/\/www.u-bahn-muenchen.de\/blog\/category\/betrieb\/"},"img":{"alt_text":"","src":"","width":0,"height":0},"classes":[]},{"id":4,"url":"https:\/\/www.u-bahn-muenchen.de\/blog\/2007\/01\/munchens-schonster-u-bahnhof\/","url_meta":{"origin":725,"position":4},"title":"M\u00fcnchens sch\u00f6nster U-Bahnhof?","author":"Florian Sch\u00fctz","date":"15. Januar 2007","format":false,"excerpt":"Ich werde immer wieder gefragt, was ich f\u00fcr M\u00fcnchens sch\u00f6nsten U-Bahnhof halte. Aber ich bin ehrlich gesagt nicht in der Lage, darauf eine definitive Antwort zu geben. M\u00fcnchen hat einfach zu viele sch\u00f6ne U-Bahnh\u00f6fe! Ich versuche mich hier mal in einer kleinen Aufz\u00e4hlung. [img id=gb_5 align=right] Georg-Brauchle-Ring Die Abendzeitung hat\u2026","rel":"","context":"In &quot;U-Bahnh\u00f6fe&quot;","block_context":{"text":"U-Bahnh\u00f6fe","link":"https:\/\/www.u-bahn-muenchen.de\/blog\/category\/u-bahnhofe\/"},"img":{"alt_text":"","src":"","width":0,"height":0},"classes":[]},{"id":19,"url":"https:\/\/www.u-bahn-muenchen.de\/blog\/2010\/04\/jubilaen\/","url_meta":{"origin":725,"position":5},"title":"Jubil\u00e4en","author":"Florian Sch\u00fctz","date":"21. April 2010","format":false,"excerpt":"[img id=partyzug_zza align=right size=mittel_pano]Wenn's ums Feiern geht, sind ja die meisten Menschen immer gerne dabei, auch wenn sie oft gar nicht wissen, was es eigentlich zu Feiern gibt. Im U-Bahn-Bereich sind Feiern allerdings eher selten, weswegen man hier die Anl\u00e4sse sorgf\u00e4ltig im Kalender stehen haben sollte. U-Bahn-Er\u00f6ffnungen werden nach der\u2026","rel":"","context":"In &quot;Geschichte&quot;","block_context":{"text":"Geschichte","link":"https:\/\/www.u-bahn-muenchen.de\/blog\/category\/geschichte\/"},"img":{"alt_text":"","src":"","width":0,"height":0},"classes":[]}],"jetpack_sharing_enabled":true,"jetpack_featured_media_url":"","_links":{"self":[{"href":"https:\/\/www.u-bahn-muenchen.de\/blog\/wp-json\/wp\/v2\/posts\/725","targetHints":{"allow":["GET"]}}],"collection":[{"href":"https:\/\/www.u-bahn-muenchen.de\/blog\/wp-json\/wp\/v2\/posts"}],"about":[{"href":"https:\/\/www.u-bahn-muenchen.de\/blog\/wp-json\/wp\/v2\/types\/post"}],"author":[{"embeddable":true,"href":"https:\/\/www.u-bahn-muenchen.de\/blog\/wp-json\/wp\/v2\/users\/2"}],"replies":[{"embeddable":true,"href":"https:\/\/www.u-bahn-muenchen.de\/blog\/wp-json\/wp\/v2\/comments?post=725"}],"version-history":[{"count":27,"href":"https:\/\/www.u-bahn-muenchen.de\/blog\/wp-json\/wp\/v2\/posts\/725\/revisions"}],"predecessor-version":[{"id":1208,"href":"https:\/\/www.u-bahn-muenchen.de\/blog\/wp-json\/wp\/v2\/posts\/725\/revisions\/1208"}],"wp:attachment":[{"href":"https:\/\/www.u-bahn-muenchen.de\/blog\/wp-json\/wp\/v2\/media?parent=725"}],"wp:term":[{"taxonomy":"category","embeddable":true,"href":"https:\/\/www.u-bahn-muenchen.de\/blog\/wp-json\/wp\/v2\/categories?post=725"},{"taxonomy":"post_tag","embeddable":true,"href":"https:\/\/www.u-bahn-muenchen.de\/blog\/wp-json\/wp\/v2\/tags?post=725"}],"curies":[{"name":"wp","href":"https:\/\/api.w.org\/{rel}","templated":true}]}}