{"id":704,"date":"2021-05-21T18:02:00","date_gmt":"2021-05-21T16:02:00","guid":{"rendered":"https:\/\/www.u-bahn-muenchen.de\/blog\/?p=704"},"modified":"2021-06-19T13:15:55","modified_gmt":"2021-06-19T11:15:55","slug":"startschuss-fuer-parkdeck-am-geplanten-u-bahnhof-martinsried","status":"publish","type":"post","link":"https:\/\/www.u-bahn-muenchen.de\/blog\/2021\/05\/startschuss-fuer-parkdeck-am-geplanten-u-bahnhof-martinsried\/","title":{"rendered":"Startschuss f\u00fcr Parkdeck am geplanten U-Bahnhof Martinsried"},"content":{"rendered":"\n<p class=\"wp-block-paragraph\">Der Bau des Parkdecks am Life-Science-Campus der Ludwig-Maximilians-Universit\u00e4t in Martinsried als Vorma\u00dfnahme der lange geplanten U-Bahn-Verl\u00e4ngerung der Linie U6 hat begonnen. Zum Fahrplanwechsel 2025\/2026 wird die Er\u00f6ffnung der gut einen Kilometer langen Erweiterung vom [bflink id=KL] zum neuen U-Bahnhof [bflink id=MD] derzeit erwartet. <\/p>\n\n\n\n<span class=\"floatright\"><figure class=\"wp-block-image size-medium is-resized is-style-default\"><a href=\"\/blog\/wp-content\/uploads\/2021\/05\/image.png\"><img loading=\"lazy\" decoding=\"async\" src=\"\/blog\/wp-content\/uploads\/2021\/05\/image-300x226.png\" alt=\"\" class=\"wp-image-712\" width=\"300\" height=\"226\" srcset=\"https:\/\/www.u-bahn-muenchen.de\/blog\/wp-content\/uploads\/2021\/05\/image-300x226.png 300w, https:\/\/www.u-bahn-muenchen.de\/blog\/wp-content\/uploads\/2021\/05\/image-1024x772.png 1024w, https:\/\/www.u-bahn-muenchen.de\/blog\/wp-content\/uploads\/2021\/05\/image-768x579.png 768w, https:\/\/www.u-bahn-muenchen.de\/blog\/wp-content\/uploads\/2021\/05\/image-1536x1159.png 1536w, https:\/\/www.u-bahn-muenchen.de\/blog\/wp-content\/uploads\/2021\/05\/image-2048x1545.png 2048w\" sizes=\"auto, (max-width: 300px) 100vw, 300px\" \/><\/a><figcaption>Lageplan des U-Bahnhof (unten) <br>sowie des Parkdecks (open rechts)<\/figcaption><\/figure><\/span>\n\n\n\n<p class=\"wp-block-paragraph\">Das Parkdeck in Martinsried, einem Ortsteil der Gemeinde Planegg, umfasst zun\u00e4chst 80 Parkpl\u00e4tze, die nach Inbetriebnahme der verl\u00e4ngerten U6-Linie zum Umstieg auf das U-Bahn-Netz genutzt werden k\u00f6nnen. Bei Bedarf ist eine Erweiterung um weitere 80 Stellpl\u00e4tze m\u00f6glich. Das Parkdeck, dessen Fertigstellung bereit f\u00fcr Herbst 2021 vorgesehen ist, wird \u00fcber den bereits bestehenden Parkplatz der Ludwig-Maximilians-Universit\u00e4t gebaut. So kann die Neuversiegelung von freien Fl\u00e4chen verhindert werden.<\/p>\n\n\n\n<blockquote class=\"wp-block-quote is-layout-flow wp-block-quote-is-layout-flow\"><p>\u201eMit den Bauarbeiten f\u00fcr das Parkdeck gehen wir auch in die Vorbereitung f\u00fcr die Verl\u00e4ngerung der U6 nach Martinsried. Damit soll schon in etwa einem Jahr, n\u00e4mlich Mitte 2022, begonnen werden. Das freut mich sehr und ist auch f\u00fcr unsere Studentinnen und Studenten mehr als praktisch: Denn mit der U6-Verl\u00e4ngerung binden wir das Innovations- und Gr\u00fcnderzentrum Biotechnologie (IZB) und den Life-Science-Campus der Ludwig-Maximilians-Universit\u00e4t an. Und damit verbinden wir die M\u00fcnchner Wissenschaftsstandorte im Norden und S\u00fcden.\u201c<\/p><cite>Bayerns Verkehrsministerin Kerstin Schreyer<\/cite><\/blockquote>\n\n\n\n<blockquote class=\"wp-block-quote is-layout-flow wp-block-quote-is-layout-flow\"><p>\u201eVernetzung ist das entscheidende Schlagwort f\u00fcr den Wissenschaftsbetrieb der Zukunft. Die U6 wird mit ihrem Ausbau nun vollends zur \u201aWissenschaftslinie\u2018: Unsere hochkar\u00e4tigen Forschungseinrichtungen in und um M\u00fcnchen r\u00fccken so noch n\u00e4her zusammen. Mit der Anbindung an das M\u00fcnchner U-Bahn-Netz kann der international renommierte Standort f\u00fcr Life-Science-Forschung seine volle Wirkung entfalten. Zugleich steigern wir so seine Attraktivit\u00e4t. Der Bau des Parkdecks ist ein erstes sichtbares Zeichen f\u00fcr den Fortschritt dieses Gro\u00dfprojekts. Allen Beteiligten, die f\u00fcr eine z\u00fcgige Umsetzung an einem Strang ziehen, herzlichen Dank.\u201c<\/p><cite>Wissenschaftsminister Bernd Sibler<\/cite><\/blockquote>\n\n\n\n<blockquote class=\"wp-block-quote is-layout-flow wp-block-quote-is-layout-flow\"><p>\u201eEs freut mich, dass mit der aufwachsenden Baustelle des Parkdecks auch das U-Bahn-Projekt endlich nach au\u00dfen hin sichtbar wird. Auch mit der U6-Verl\u00e4ngerung selbst geht es gut voran. Die Planunterlagen f\u00fcr den Tunnelbau sind bereits im Genehmigungslauf. Das stimmt zuversichtlich, dass die derzeit geplante Inbetriebnahme zum Fahrplanwechsel 2025\/2026 erfolgen und der erste Zug nach Martinsried rollen kann.\u201c<\/p><cite>Landrat Christoph G\u00f6bel<\/cite><\/blockquote>\n\n\n\n<blockquote class=\"wp-block-quote is-layout-flow wp-block-quote-is-layout-flow\"><p>\u201e\u2018Was lange w\u00e4hrt, wird endlich gut\u2018 wandle ich heute dem Anlass entsprechend um: \u201aWas lange w\u00e4hrt, wird wirklich gut!\u2018 Wir stehen hier und schauen auf den zweiten Schritt, die Baustelle des Parkdecks an der k\u00fcnftigen U-Bahnhaltestelle der U6 auf dem Campus Martinsried. Es geht voran \u2013 und endlich sieht man auch etwas: Es gibt keinen Zweifel mehr: Die U-Bahn kommt!\u201c<\/p><cite>Hermann Nafziger, 1. B\u00fcrgermeister der Gemeinde Planegg<\/cite><\/blockquote>\n\n\n\n<p class=\"wp-block-paragraph\">Finanziert wird das Parkdeck partnerschaftlich vom Freistaat Bayern, der den \u00fcberwiegenden Teil der Kosten tr\u00e4gt, vom Landkreis M\u00fcnchen und der Gemeinde Planegg. Die Gesamtkosten betragen rund drei Millionen Euro. F\u00fcr die Planung und Koordinierung des Parkdeckbaus ist eine Projektmanagementgesellschaft zust\u00e4ndig, an der neben dem Freistaat Bayern der Landkreis M\u00fcnchen und die Gemeinde Planegg beteiligt sind. Die Projektmanagementgesellschaft betreut auch die geplante U6-Verl\u00e4ngerung vom Klinikum Gro\u00dfhadern nach Martinsried. Diese wird den Standort Martinsried, der neben dem Life-Science-Campus der Ludwig-Maximilians-Universit\u00e4t unter anderem rund 50 Biotech-Unternehmen sowie die Max-Planck-Institute f\u00fcr Biochemie und Neurobiologie beherbergt, an weitere M\u00fcnchener Wissenschaftsstandorte wie die Technische Universit\u00e4t in Garching und die Ludwig-Maximilians-Universit\u00e4t in der Maxvorstadt anbinden, die ebenfalls \u00fcber die U6 zu erreichen sind.<\/p>\n\n\n\n<h3 class=\"wp-block-heading\">Quelle:<\/h3>\n\n\n\n<p class=\"wp-block-paragraph\"><a href=\"https:\/\/www.stmb.bayern.de\/med\/pressemitteilungen\/pressearchiv\/2021\/90\/index.php\" target=\"_blank\" rel=\"noreferrer noopener\">Pressemeldung&nbsp;Staatsministerium f\u00fcr Wohnen, Bau und Verkehr<\/a><\/p>\n","protected":false},"excerpt":{"rendered":"<p>Der Bau des Parkdecks am Life-Science-Campus der Ludwig-Maximilians-Universit\u00e4t in Martinsried als Vorma\u00dfnahme der lange geplanten U-Bahn-Verl\u00e4ngerung der Linie U6 hat begonnen. Zum Fahrplanwechsel 2025\/2026 wird die Er\u00f6ffnung der gut einen Kilometer langen Erweiterung vom [bflink id=KL] zum neuen U-Bahnhof [bflink id=MD] derzeit erwartet. Lageplan des U-Bahnhof (unten) sowie des Parkdecks (open rechts) Das Parkdeck in [&hellip;]<\/p>\n","protected":false},"author":2,"featured_media":0,"comment_status":"open","ping_status":"open","sticky":false,"template":"","format":"standard","meta":{"advanced_seo_description":"Der Bau des Parkdecks am Campus der Ludwig-Maximilians-Universit\u00e4t in Martinsried als Vorma\u00dfnahme der geplanten U-Bahn-Verl\u00e4ngerung der Linie U6 hat begonnen.","jetpack_seo_html_title":"","jetpack_seo_noindex":false,"jetpack_seo_schema_type":"","_jetpack_newsletter_access":"","_jetpack_dont_email_post_to_subs":false,"_jetpack_newsletter_tier_id":0,"_jetpack_memberships_contains_paywalled_content":false,"_jetpack_feature_clip_id":0,"_jetpack_memberships_contains_paid_content":false,"footnotes":"","jetpack_post_was_ever_published":false},"categories":[18,2],"tags":[22],"class_list":["post-704","post","type-post","status-publish","format-standard","hentry","category-netz","category-u-bahnhofe","tag-martinsried"],"jetpack_shortlink":"https:\/\/wp.me\/p87CPJ-bm","jetpack-related-posts":[{"id":1040,"url":"https:\/\/www.u-bahn-muenchen.de\/blog\/2023\/02\/spatenstich-fuer-die-u6-verlaengerung-nach-martinsried\/","url_meta":{"origin":704,"position":0},"title":"Spatenstich f\u00fcr die U6-Verl\u00e4ngerung nach Martinsried","author":"Florian Sch\u00fctz","date":"6. Februar 2023","format":false,"excerpt":"Am 6. Februar 2023 wurde der offizielle erste Spatenstich f\u00fcr die Verl\u00e4ngerung der M\u00fcnchner U-Bahnlinie 6 nach Martinsried in der Gemeinde Planegg im Landkreis M\u00fcnchen get\u00e4tigt. [img id=md_spatenstich align=right size=mittel2]In Anwesenheit von Planeggs B\u00fcrgermeister Hermann Nafziger, Bayerns Ministerpr\u00e4sident Dr. Markus S\u00f6der, Verkehrsminister Christian Bernreiter, Wissenschaftsminister Markus Blume, dem Landrat des\u2026","rel":"","context":"In &quot;Netz&quot;","block_context":{"text":"Netz","link":"https:\/\/www.u-bahn-muenchen.de\/blog\/category\/netz\/"},"img":{"alt_text":"","src":"","width":0,"height":0},"classes":[]},{"id":774,"url":"https:\/\/www.u-bahn-muenchen.de\/blog\/2021\/06\/gestaltungswettbewerb-u-bahnhof-martinsried-abgeschlossen\/","url_meta":{"origin":704,"position":1},"title":"Gestaltungswettbewerb U-Bahnhof Martinsried abgeschlossen","author":"Florian Sch\u00fctz","date":"19. Juni 2021","format":false,"excerpt":"Im Wettbewerb zur Gestaltung des geplanten U-Bahnhofs Martinsried am s\u00fcdlichen Ende der Linie U6 auf dem Gebiet der Gemeinde Planegg hat das Preisgericht die Entw\u00fcrfe von Gruber + Popp Architekt:innen aus Berlin mit dem ersten Platz pr\u00e4miert. [img id=md_rendering_gruberpopp align=right size=mittel4 text=Rendering_Gruber_+_Popp_Architekt:innen]Der n\u00fcchterne Entwurf f\u00fcr den U-Bahnhof [bflink id=MD] beinhaltet\u2026","rel":"","context":"In &quot;St\u00f6rungen und Bauarbeiten&quot;","block_context":{"text":"St\u00f6rungen und Bauarbeiten","link":"https:\/\/www.u-bahn-muenchen.de\/blog\/category\/storungen-und-bauarbeiten\/"},"img":{"alt_text":"","src":"","width":0,"height":0},"classes":[]},{"id":125,"url":"https:\/\/www.u-bahn-muenchen.de\/blog\/2010\/10\/auslegung-planunterlagen-martinsried\/","url_meta":{"origin":704,"position":2},"title":"Auslegung Planunterlagen Martinsried","author":"Boris Merath","date":"11. Oktober 2010","format":false,"excerpt":"In zwei Monaten endet der seit 1965 bisher ununterbrochene U-Bahn-Ausbau in M\u00fcnchen mit der Er\u00f6ffnung der Strecke nach Moosach vorerst - doch das n\u00e4chste Projekt schreitet bereits voran: Noch bis Dienstag, 19.10. k\u00f6nnen die Planfeststellungsunterlagen f\u00fcr die Verl\u00e4ngerung der U6 nach Martinsried \u00f6ffentlich eingesehen werden. Die Auslegung ist Montag bis\u2026","rel":"","context":"In &quot;U-Bahnh\u00f6fe&quot;","block_context":{"text":"U-Bahnh\u00f6fe","link":"https:\/\/www.u-bahn-muenchen.de\/blog\/category\/u-bahnhofe\/"},"img":{"alt_text":"","src":"","width":0,"height":0},"classes":[]},{"id":387,"url":"https:\/\/www.u-bahn-muenchen.de\/blog\/2014\/02\/projekt-u9-entlastungsspange-fuer-die-innenstadt\/","url_meta":{"origin":704,"position":3},"title":"Projekt U9: Entlastungsspange f\u00fcr die Innenstadt","author":"Florian Sch\u00fctz","date":"11. Februar 2014","format":false,"excerpt":"Bereits seit einigen Jahren wird seitens der MVG eine weitere Innenstadtstrecke zur Entlastung der heutigen Strecken von U1\/U2 und U3\/U6 unter dem Arbeitstitel \"U9\" geplant. Am heutigen 11. Februar stellten die Stadtwerke M\u00fcnchen \/ M\u00fcnchner Verkehrsgesellschaft eine Machbarkeitsstudie vor, die diese \"U9-Spange\" genauer untersucht hat. Die Studie von SWM\/MVG und\u2026","rel":"","context":"In &quot;Betrieb&quot;","block_context":{"text":"Betrieb","link":"https:\/\/www.u-bahn-muenchen.de\/blog\/category\/betrieb\/"},"img":{"alt_text":"","src":"","width":0,"height":0},"classes":[]},{"id":467,"url":"https:\/\/www.u-bahn-muenchen.de\/blog\/2016\/12\/u3-u6-behinderungen-poccistrasse\/","url_meta":{"origin":704,"position":4},"title":"U3\/U6: Behinderungen im Sp\u00e4tverkehr im Bahnhof Poccistra\u00dfe","author":"Florian Sch\u00fctz","date":"8. Dezember 2016","format":false,"excerpt":"Wegen Bauarbeiten durchfahren die Z\u00fcge der Linien U3 und U6 die Station [bflink id=pc] am Montag, 12. Dezember sowie am Dienstag, 13. Dezember, jeweils ab ca. 22 Uhr ohne Halt. Dann k\u00f6nnen Fahrg\u00e4ste dort also weder ein- noch aussteigen. Ersatzweise richtet die MVG einen Schienenersatzverkehr (SEV) mit Bussen ein. Diese\u2026","rel":"","context":"In &quot;St\u00f6rungen und Bauarbeiten&quot;","block_context":{"text":"St\u00f6rungen und Bauarbeiten","link":"https:\/\/www.u-bahn-muenchen.de\/blog\/category\/storungen-und-bauarbeiten\/"},"img":{"alt_text":"","src":"","width":0,"height":0},"classes":[]},{"id":1143,"url":"https:\/\/www.u-bahn-muenchen.de\/blog\/2026\/05\/goetheplatz-poccistrasse-sanierung-2026\/","url_meta":{"origin":704,"position":5},"title":"Goetheplatz und Poccistra\u00dfe: Vollsperrung zur Sanierung ab Mai 2026","author":"Florian Sch\u00fctz","date":"17. Mai 2026","format":false,"excerpt":"Ab dem 18. Mai 2026 werden Poccistra\u00dfe und [bflink id=GO] in drei Bauphasen bis August 2027 saniert. Beide Bahnh\u00f6fe geh\u00f6ren zu den \u00e4ltesten im M\u00fcnchner U-Bahn-Netz \u2013 und ihr Zustand macht eine umfassende Ert\u00fcchtigung unumg\u00e4nglich. Hintergrund: Jahrelange Probleme an der Poccistra\u00dfe [img id=pc_abstuetzung3 align=right] F\u00fcr den U-Bahnhof Poccistra\u00dfe ist die\u2026","rel":"","context":"In &quot;St\u00f6rungen und Bauarbeiten&quot;","block_context":{"text":"St\u00f6rungen und Bauarbeiten","link":"https:\/\/www.u-bahn-muenchen.de\/blog\/category\/storungen-und-bauarbeiten\/"},"img":{"alt_text":"","src":"","width":0,"height":0},"classes":[]}],"jetpack_sharing_enabled":true,"jetpack_featured_media_url":"","_links":{"self":[{"href":"https:\/\/www.u-bahn-muenchen.de\/blog\/wp-json\/wp\/v2\/posts\/704","targetHints":{"allow":["GET"]}}],"collection":[{"href":"https:\/\/www.u-bahn-muenchen.de\/blog\/wp-json\/wp\/v2\/posts"}],"about":[{"href":"https:\/\/www.u-bahn-muenchen.de\/blog\/wp-json\/wp\/v2\/types\/post"}],"author":[{"embeddable":true,"href":"https:\/\/www.u-bahn-muenchen.de\/blog\/wp-json\/wp\/v2\/users\/2"}],"replies":[{"embeddable":true,"href":"https:\/\/www.u-bahn-muenchen.de\/blog\/wp-json\/wp\/v2\/comments?post=704"}],"version-history":[{"count":15,"href":"https:\/\/www.u-bahn-muenchen.de\/blog\/wp-json\/wp\/v2\/posts\/704\/revisions"}],"predecessor-version":[{"id":1181,"href":"https:\/\/www.u-bahn-muenchen.de\/blog\/wp-json\/wp\/v2\/posts\/704\/revisions\/1181"}],"wp:attachment":[{"href":"https:\/\/www.u-bahn-muenchen.de\/blog\/wp-json\/wp\/v2\/media?parent=704"}],"wp:term":[{"taxonomy":"category","embeddable":true,"href":"https:\/\/www.u-bahn-muenchen.de\/blog\/wp-json\/wp\/v2\/categories?post=704"},{"taxonomy":"post_tag","embeddable":true,"href":"https:\/\/www.u-bahn-muenchen.de\/blog\/wp-json\/wp\/v2\/tags?post=704"}],"curies":[{"name":"wp","href":"https:\/\/api.w.org\/{rel}","templated":true}]}}