{"id":69,"date":"2010-05-16T19:48:40","date_gmt":"2010-05-16T17:48:40","guid":{"rendered":"http:\/\/www.muenchnerubahn.de\/blog\/?p=69"},"modified":"2010-05-29T16:51:11","modified_gmt":"2010-05-29T14:51:11","slug":"oekt-3-millionen-zusaetzliche-fahrten-im-mvg-netz","status":"publish","type":"post","link":"https:\/\/www.u-bahn-muenchen.de\/blog\/2010\/05\/oekt-3-millionen-zusaetzliche-fahrten-im-mvg-netz\/","title":{"rendered":"\u00d6KT: 3 Millionen zus\u00e4tzliche Fahrten im MVG-Netz"},"content":{"rendered":"<p>Nach fu?nf Tagen Rekordeinsatz zum 2. \u00d6kumenischen Kirchentag (\u00d6KT) zieht die Mu?nchner Verkehrsgesellschaft (MVG) eine positive Bilanz: U-Bahn, Bus und Tram haben das hohe Fahrgastaufkommen dank Angebotsverdichtung und Sonderschichten in allen Bereichen nahezu reibungslos bew\u00e4ltigt. Das st\u00e4dtische Verkehrsunternehmen za?hlte von Donnerstag bis Samstag t\u00e4glich eine Dreiviertelmillion Fahrg\u00e4ste zus\u00e4tzlich. Einschlie\u00dflich Mittwochabend und Sonntagvormittag d\u00fcrften insgesamt rund 3 Millionen Fahrten mehr zusammenkommen. Von der Gr\u00f6\u00dfenordnung her entspricht die Zahl der zus\u00e4tzlich registrierten Fahrg\u00e4ste damit dem zum Oktoberfest \u00fcblichen Kundenansturm, allerdings \u00fcber nur f\u00fcnf Tage verteilt; die Wiesn dauert bekanntlich mehr als zwei Wochen.<\/p>\n<p>[img id=me_oekt_mvg align=right size=mittel text=Andrang_an_der_Messe]Das zus\u00e4tzliche Fahrgastaufkommen fiel insgesamt etwas h\u00f6her aus als geplant. Die \u00d6KT-Teilnehmenden waren sehr mobil und wechselten h\u00e4ufig zwischen den Veranstaltungsorten. Ihr Mobilit\u00e4tsverhalten unterschied sich damit deutlich von Besuchern anderer typischer Gro\u00dfevents: Messeg\u00e4ste und Fu\u00dfballfans zum Beispiel haben ein festes Ziel vor Augen, brechen \u00fcblicherweise fast zeitgleich auf und treten nach Abschluss der Veranstaltung gemeinsam die R\u00fcckfahrt an. Die O?KT-Besucher sorgten dagegen \u2013 wie erwartet \u2013 fu?r ein \u201ewellenartiges\u201c Fahrgastaufkommen \u00fcber den ganzen Tag hinweg. Vor diesem Hintergrund hatte sich die MVG daf\u00fcr entschieden, Bus und Tram sowie die U-Bahnlinie U2 w\u00e4hrend des \u00d6KT generell zu verst\u00e4rken. Das Konzept ging auf: Das MVG-Angebot erwies sich an allen Tagen als bedarfsgerecht.<\/p>\n<p>Gr\u00f6\u00dfere Kapazit\u00e4tsengp\u00e4sse traten w\u00e4hrend des gesamten \u00d6KT nicht auf. Einzelne U-Bahnh\u00f6fe wie [bflink id=TW] mussten allenfalls fu?r wenige Minuten geschlossen werden, um \u00dcberf\u00fcllungen zu vermeiden. Wie erwartet war besonders die U-Bahnlinie U2 zeitweise sehr stark ausgelastet. Wegen des verdichteten Angebots (2 bis 3 Z\u00fcge pro 10 Minuten) kam es aber nur selten zu l\u00e4ngeren Wartezeiten. <\/p>\n<p>Die im MVG-Netz eingesetzten Mitarbeiter erhielten aus den Reihen der \u00d6KT-Teilnehmenden viel spontan ge\u00e4u\u00dfertes Lob f\u00fcr ihre Hilfsbereitschaft und den nahezu reibungslosen Betrieb. Und auch \u00d6KT-Gesch\u00e4ftsf\u00fchrer Martin Stauch zieht ein positives Fazit: \u201eAlles ist wie am Schn\u00fcrchen gelaufen: U-Bahn, Bus und Tram haben den gro\u00dfen Andrang sehr gut bew\u00e4ltigt.<\/p>\n<p>&nbsp;<br \/>&nbsp;<\/p>\n<h4>Quelle:<\/h4>\n<p><a href=\"http:\/\/www.mvg-mobil.de\/presse\/presse_2010\/pdf\/16.05.2010_mvg-pressemeldung.pdf\" target=\"_blank\">MVG-Pressemitteilung vom 16. Mai 2010: \u00d6KT: 3 Millionen zus\u00e4tzliche Fahrten im MVG-Netz<\/a><\/p>\n","protected":false},"excerpt":{"rendered":"<p>Nach fu?nf Tagen Rekordeinsatz zum 2. \u00d6kumenischen Kirchentag (\u00d6KT) zieht die Mu?nchner Verkehrsgesellschaft (MVG) eine positive Bilanz: U-Bahn, Bus und Tram haben das hohe Fahrgastaufkommen dank Angebotsverdichtung und Sonderschichten in allen Bereichen nahezu reibungslos bew\u00e4ltigt. Das st\u00e4dtische Verkehrsunternehmen za?hlte von Donnerstag bis Samstag t\u00e4glich eine Dreiviertelmillion Fahrg\u00e4ste zus\u00e4tzlich. Einschlie\u00dflich Mittwochabend und Sonntagvormittag d\u00fcrften insgesamt rund [&hellip;]<\/p>\n","protected":false},"author":2,"featured_media":0,"comment_status":"open","ping_status":"open","sticky":false,"template":"","format":"standard","meta":{"advanced_seo_description":"","jetpack_seo_html_title":"","jetpack_seo_noindex":false,"jetpack_seo_schema_type":"","_jetpack_newsletter_access":"","_jetpack_dont_email_post_to_subs":false,"_jetpack_newsletter_tier_id":0,"_jetpack_memberships_contains_paywalled_content":false,"_jetpack_feature_clip_id":0,"_jetpack_memberships_contains_paid_content":false,"footnotes":"","jetpack_post_was_ever_published":false},"categories":[9],"tags":[],"class_list":["post-69","post","type-post","status-publish","format-standard","hentry","category-betrieb"],"jetpack_shortlink":"https:\/\/wp.me\/p87CPJ-17","jetpack-related-posts":[{"id":119,"url":"https:\/\/www.u-bahn-muenchen.de\/blog\/2010\/09\/taktverdichtungen-im-u-bahnnetz-bis-2020-geplant\/","url_meta":{"origin":69,"position":0},"title":"Taktverdichtungen im U-Bahnnetz bis 2020 geplant","author":"Florian Sch\u00fctz","date":"23. September 2010","format":false,"excerpt":"Wie die M\u00fcnchner Verkehrsgesellschaft in einem Pressegespr\u00e4ch am 23. September bekannt gab, sind im U-Bahn, Tram und Busbereich in den kommenden Jahren zahlreiche Angebotsverdichtungen und -ver\u00e4nderungen geplant. [img id=a_335_2 align=right]U-Bahn, Tram und Bus stehen bei ihren Fahrg\u00e4sten hoch im Kurs. Die Zufriedenheit der Kunden hat in der Vergangenheit kontinuierlich zugenommen.\u2026","rel":"","context":"In &quot;Betrieb&quot;","block_context":{"text":"Betrieb","link":"https:\/\/www.u-bahn-muenchen.de\/blog\/category\/betrieb\/"},"img":{"alt_text":"","src":"","width":0,"height":0},"classes":[]},{"id":484,"url":"https:\/\/www.u-bahn-muenchen.de\/blog\/2017\/02\/umbau-sendlinger-tor-am-montag-gehts-los\/","url_meta":{"origin":69,"position":1},"title":"Umbau Sendlinger Tor: Am Montag geht\u2019s los","author":"Frederik Buchleitner","date":"9. Februar 2017","format":false,"excerpt":"Der bayerischen Landeshauptstadt stehen in den kommenden Jahren zahlreiche Bauarbeiten und daraus bedingend nat\u00fcrlich auch Einschr\u00e4nkungen ins Haus. Nicht nur der Baubeginn bei der 2. S-Bahn-Stammstrecke in gut zwei Monaten und der daraus resultierende Komplettumbau des Hauptbahnhofs f\u00fchrt \u00fcber Jahre f\u00fcr die Fahrg\u00e4ste zu Beeintr\u00e4chtigungen, auch der U-Bahn-Knotenpunkt am Sendlinger\u2026","rel":"","context":"In &quot;St\u00f6rungen und Bauarbeiten&quot;","block_context":{"text":"St\u00f6rungen und Bauarbeiten","link":"https:\/\/www.u-bahn-muenchen.de\/blog\/category\/storungen-und-bauarbeiten\/"},"img":{"alt_text":"","src":"","width":0,"height":0},"classes":[]},{"id":559,"url":"https:\/\/www.u-bahn-muenchen.de\/blog\/2020\/07\/mvg-bestellt-weitere-22-zuege-des-typs-c2\/","url_meta":{"origin":69,"position":2},"title":"MVG bestellt weitere 22 Z\u00fcge des Typs C2","author":"Florian Sch\u00fctz","date":"2. Juli 2020","format":false,"excerpt":"Die Erneuerung der M\u00fcnchner U-Bahn-Flotte wird konsequent fortgesetzt: aus der zweiten Option der urspr\u00fcnglichen C2-Bestellung werden bei Siemens weitere 22 Z\u00fcge des Typs C2 abgerufen. Die neuen Fahrzeuge l\u00f6sen zwischen 2022 und 2024 alte Z\u00fcge vom Typ A ab. [img id=gb_c2_2 align=right text=Vorstellung_2014]Die 22 neuen C2-Z\u00fcge erg\u00e4nzen die bereits 2014\u2026","rel":"","context":"In &quot;Fahrzeuge&quot;","block_context":{"text":"Fahrzeuge","link":"https:\/\/www.u-bahn-muenchen.de\/blog\/category\/fahrzeuge\/"},"img":{"alt_text":"","src":"","width":0,"height":0},"classes":[]},{"id":325,"url":"https:\/\/www.u-bahn-muenchen.de\/blog\/2012\/04\/machbarkeitsstudie-erweiterung-u-bahnhof-sendlinger-tor\/","url_meta":{"origin":69,"position":3},"title":"Machbarkeitsstudie Erweiterung U-Bahnhof Sendlinger Tor","author":"Boris Merath","date":"11. April 2012","format":false,"excerpt":"Aufgrund von Sch\u00e4den am Bauwerk sowie Kapazit\u00e4tsengp\u00e4ssen im zentralen Umsteigebereich soll der Bahnhof [bflink id=SE] saniert und umfassend durch neue Treppenanlagen erweitert werden. In einem Pressegespr\u00e4ch gab die MVG heute die Ergebnisse einer Machbarkeitsstudie zur Kapazit\u00e4tserweiterung bekannt. Der U-Bahnhof Sendlinger Tor ist mit f\u00fcnf U-Bahn-Linien, 145000 Fahrg\u00e4sten, die dort t\u00e4glich\u2026","rel":"","context":"In &quot;St\u00f6rungen und Bauarbeiten&quot;","block_context":{"text":"St\u00f6rungen und Bauarbeiten","link":"https:\/\/www.u-bahn-muenchen.de\/blog\/category\/storungen-und-bauarbeiten\/"},"img":{"alt_text":"","src":"","width":0,"height":0},"classes":[]},{"id":232,"url":"https:\/\/www.u-bahn-muenchen.de\/blog\/2011\/06\/u3-nord-pendelzugbetrieb-wegen-bauarbeiten-im-spatverkehr\/","url_meta":{"origin":69,"position":4},"title":"U3 Nord: Pendelzugbetrieb wegen Bauarbeiten im Sp\u00e4tverkehr [aktualisiert]","author":"Florian Sch\u00fctz","date":"22. Juni 2011","format":false,"excerpt":"Die Erneuerung des Stellwerks Scheidplatz geht in eine weitere Bauphase mit tempor\u00e4ren Gleissperrungen. Aus diesem Grund werden im Nordabschnitt der U-Bahnlinie U3 im Sp\u00e4tverkehr ab 22 Uhr erneut Pendelz\u00fcge einsetzen. Damit kommt es von Sonntag, 26. Juni bis vsl. Donnerstag, 1. September, jeweils ab ca. 22 Uhr zu \u00e4hnlichen Einschr\u00e4nkungen\u2026","rel":"","context":"In &quot;Betrieb&quot;","block_context":{"text":"Betrieb","link":"https:\/\/www.u-bahn-muenchen.de\/blog\/category\/betrieb\/"},"img":{"alt_text":"","src":"","width":0,"height":0},"classes":[]},{"id":1107,"url":"https:\/\/www.u-bahn-muenchen.de\/blog\/2025\/01\/fahrzeugengpaesse-und-verschobenes-a-wagen-ende\/","url_meta":{"origin":69,"position":5},"title":"Fahrzeugengp\u00e4sse und verschobenes A-Wagen-Ende","author":"Frederik Buchleitner","date":"29. Januar 2025","format":false,"excerpt":"Schon im vergangenen Jahr plagte die MVG bei der U-Bahn ein erheblicher Fahrzeugengpass. Grund war vorrangig der n\u00f6tige Einbau von Brandschutzmeldeanlagen in die Bestandsz\u00fcge der Baureihen B und C1, die nach ihrem externen Umbau \u00fcber viele Monate nicht mehr von der Technischen Aufsichtsbeh\u00f6rde (TAB) freigegeben wurden. Mit gro\u00dfem Aufwand konnte\u2026","rel":"","context":"In &quot;Fahrzeuge&quot;","block_context":{"text":"Fahrzeuge","link":"https:\/\/www.u-bahn-muenchen.de\/blog\/category\/fahrzeuge\/"},"img":{"alt_text":"","src":"","width":0,"height":0},"classes":[]}],"jetpack_sharing_enabled":true,"jetpack_featured_media_url":"","_links":{"self":[{"href":"https:\/\/www.u-bahn-muenchen.de\/blog\/wp-json\/wp\/v2\/posts\/69","targetHints":{"allow":["GET"]}}],"collection":[{"href":"https:\/\/www.u-bahn-muenchen.de\/blog\/wp-json\/wp\/v2\/posts"}],"about":[{"href":"https:\/\/www.u-bahn-muenchen.de\/blog\/wp-json\/wp\/v2\/types\/post"}],"author":[{"embeddable":true,"href":"https:\/\/www.u-bahn-muenchen.de\/blog\/wp-json\/wp\/v2\/users\/2"}],"replies":[{"embeddable":true,"href":"https:\/\/www.u-bahn-muenchen.de\/blog\/wp-json\/wp\/v2\/comments?post=69"}],"version-history":[{"count":13,"href":"https:\/\/www.u-bahn-muenchen.de\/blog\/wp-json\/wp\/v2\/posts\/69\/revisions"}],"predecessor-version":[{"id":79,"href":"https:\/\/www.u-bahn-muenchen.de\/blog\/wp-json\/wp\/v2\/posts\/69\/revisions\/79"}],"wp:attachment":[{"href":"https:\/\/www.u-bahn-muenchen.de\/blog\/wp-json\/wp\/v2\/media?parent=69"}],"wp:term":[{"taxonomy":"category","embeddable":true,"href":"https:\/\/www.u-bahn-muenchen.de\/blog\/wp-json\/wp\/v2\/categories?post=69"},{"taxonomy":"post_tag","embeddable":true,"href":"https:\/\/www.u-bahn-muenchen.de\/blog\/wp-json\/wp\/v2\/tags?post=69"}],"curies":[{"name":"wp","href":"https:\/\/api.w.org\/{rel}","templated":true}]}}