{"id":532,"date":"2019-11-03T20:10:28","date_gmt":"2019-11-03T19:10:28","guid":{"rendered":"https:\/\/www.u-bahn-muenchen.de\/blog\/?p=532"},"modified":"2026-05-30T10:26:12","modified_gmt":"2026-05-30T08:26:12","slug":"sendlinger-tor-umbau-nimmt-gestalt-an","status":"publish","type":"post","link":"https:\/\/www.u-bahn-muenchen.de\/blog\/2019\/11\/sendlinger-tor-umbau-nimmt-gestalt-an\/","title":{"rendered":"Sendlinger Tor: der Umbau nimmt Gestalt an"},"content":{"rendered":"<p>Seit dem Jahr 2017 wird der U-Bahnhof am Sendlinger Tor umgebaut und erweitert. Bisher waren f\u00fcr Fahrg\u00e4ste der U-Bahn und alle, die gleich mit welchem Verkehrsmittel irgendwie am Sendlinger Tor vorbei mussten, prim\u00e4r die Einschr\u00e4nkungen und Baustellenfl\u00e4chen sichtbar. Allm\u00e4hlich \u00e4ndert sich das.<\/p>\n<p>[img id=zza_se_bauarbeiten_pendelbetrieb align=right]Seit einigen Tagen kann man bereits am Bahnsteig der U1\/U2 in Richtung Kolumbusplatz sehen, dass hier der Durchbruch zum neuen Zugangsbauwerk in der Sonnenstra\u00dfe nicht mehr von einer Rigipswand verborgen ist. Der Rohbau dahinter ist mittlerweile fertiggestellt, die vereisten Erdschichten 10 Meter unterhalb des Grundwasserspiegels abgetaut und die dicken Betonw\u00e4nde zum bisherigen Bahnsteig durchgebrochen. Mit dem Einbau der Fahrtreppen und des weiteren Innenausbaus beginnen in den kommenden Tagen die letzten Arbeiten an diesem Bauabschnitt. Hier f\u00fchren k\u00fcnftig Fahr- und Festtreppen sowie ein Aufzug ins heute schon bestehende Zwischengeschoss des Bahnhofs.<br \/>\n[imagelist col=4]su_zugang_sonnenstrasse_1,su_zugang_sonnenstrasse_2,su_zugang_sonnenstrasse_3,su_zugang_sonnenstrasse_4[\/imagelist]<br \/>\nDas ist auch gut so, da ab Fr\u00fchjahr der Zentralbereich zwischen U3\/U6 und U1\/U2 zum Teil gesperrt wird, damit hier mit den Hauptarbeiten begonnen werden kann. Ab dann wird das neue, n\u00f6rdlicher gelegene, Zugangsbauwerk auch dringend ben\u00f6tigt: Umsteiger von der unteren Ebene (U1\/U2\/U7\/U8) zur oberen Ebene (U3\/U6) m\u00fcssen dann den Umweg \u00fcber das Sperrengeschoss nehmen, da die heutigen Verbindungstreppen zwischen den Bahnsteigen dann zum Teil r\u00fcckgebaut werden, um den &#8222;Treppendreh&#8220; beginnen zu k\u00f6nnen. In umgekehrter Richtung (von U3\/U6 zur U1\/U2\/U7\/U8) wird das zun\u00e4chst weiter m\u00f6glich sein.<br \/>\nDie Betriebsr\u00e4ume unterhalb und hinter den Rolltreppen wurden zwischenzeitlich schon nahezu komplett zur\u00fcckgebaut, um hier k\u00fcnftig deutlich mehr Platz f\u00fcr die steigenden Fahrgastmengen zur Verf\u00fcgung zu haben. Aktuell wird dieser Bereich noch von einer Wand vom Rest des Querbahnsteiges getrennt, diese wird im kommenden Jahr aber fallen.<\/p>\n<p>[img id=se_bahnsteigbelag_2019 align=right]Im Bereich des Bahnsteigs der U3 und U6 wurde an diesem Wochenende begonnen, den neuen Bodenbelag aus spanischem Granit aufzubringen. Die gro\u00dfen Granitplatten m\u00fcssen in Millimeterarbeit verlegt werden, da die Bahnsteige eine leichte W\u00f6lbung aufweisen. Zudem werden die Bahnsteige k\u00fcnftig 5 Zentimeter h\u00f6her sein, was ein barrierefreies Einsteigen in die U-Bahnen erm\u00f6glicht und tempor\u00e4r angebrachte Rampen an den Bahnsteigenden \u00fcberfl\u00fcssig macht. Insgesamt werden 6700 Quadratmeter neuer Bodenbelag im gesamten U-Bahnhof verlegt, auch alle Wandfl\u00e4chen (insgesamt etwa 4700 Quadratmeter) werden neu verkleidet.<\/p>\n<p>[img id=se_pendelverkehr_bauarbeiten align=right]Aktuell stellen sich die Bahnsteigebenen eher in &#8222;urbanem Beton-Brutalismus&#8220; dar, nachdem alle bisherigen Wandverkleidungen nach und nach entfernt wurden. Nach Abschluss der Bauarbeiten wird das vom Architekturb\u00fcro Raupach und Bohn entworfene Design die untere Ebene wie bisher auch in gelbem Farbgewand erstrahlen lassen, die U3\/U6-Ebene in Blau. Das Lichtkonzept stammt vom k\u00fcrzlich verstorbenen M\u00fcnchner Lichtdesigner Ingo Maurer, der auch an anderen Bahnh\u00f6fen wie [bflink id=MU] und [bflink id=WF] die Lichtgestaltung entworfen hat.<\/p>\n<p>Der urspr\u00fcnglich geplante Fertigstellungstermin aller Bauarbeiten Ende 2022 scheint indes nicht mehr haltbar. Bei den bisherigen Arbeiten sind die Bauarbeiter auf Relikte aus den U-Bahn-Bauarbeiten der 1960er und 1970er Jahre gesto\u00dfen: Metallverankerungen der alten U-Bahn-Bauwerke und andere, in den Pl\u00e4nen nicht verzeichnete Altlasten haben zu einer Bauverz\u00f6gerung um einige Monate gef\u00fchrt, die aufgrund der zahlreichen Abh\u00e4ngigkeiten eines Baus im Bestand nicht mehr ausgeglichen k\u00f6nnen, wie Bauleiter Christoph Schaller berichten musste.<\/p>\n","protected":false},"excerpt":{"rendered":"<p>Seit dem Jahr 2017 wird der U-Bahnhof am Sendlinger Tor umgebaut und erweitert. Bisher waren f\u00fcr Fahrg\u00e4ste der U-Bahn und alle, die gleich mit welchem Verkehrsmittel irgendwie am Sendlinger Tor vorbei mussten, prim\u00e4r die Einschr\u00e4nkungen und Baustellenfl\u00e4chen sichtbar. Allm\u00e4hlich \u00e4ndert sich das. [img id=zza_se_bauarbeiten_pendelbetrieb align=right]Seit einigen Tagen kann man bereits am Bahnsteig der U1\/U2 in [&hellip;]<\/p>\n","protected":false},"author":2,"featured_media":0,"comment_status":"open","ping_status":"open","sticky":false,"template":"","format":"standard","meta":{"advanced_seo_description":"","jetpack_seo_html_title":"","jetpack_seo_noindex":false,"jetpack_seo_schema_type":"","_jetpack_newsletter_access":"","_jetpack_dont_email_post_to_subs":false,"_jetpack_newsletter_tier_id":0,"_jetpack_memberships_contains_paywalled_content":false,"_jetpack_feature_clip_id":0,"_jetpack_memberships_contains_paid_content":false,"footnotes":"","jetpack_post_was_ever_published":false},"categories":[3,2],"tags":[],"class_list":["post-532","post","type-post","status-publish","format-standard","hentry","category-storungen-und-bauarbeiten","category-u-bahnhofe"],"jetpack_shortlink":"https:\/\/wp.me\/p87CPJ-8A","jetpack-related-posts":[{"id":325,"url":"https:\/\/www.u-bahn-muenchen.de\/blog\/2012\/04\/machbarkeitsstudie-erweiterung-u-bahnhof-sendlinger-tor\/","url_meta":{"origin":532,"position":0},"title":"Machbarkeitsstudie Erweiterung U-Bahnhof Sendlinger Tor","author":"Boris Merath","date":"11. April 2012","format":false,"excerpt":"Aufgrund von Sch\u00e4den am Bauwerk sowie Kapazit\u00e4tsengp\u00e4ssen im zentralen Umsteigebereich soll der Bahnhof [bflink id=SE] saniert und umfassend durch neue Treppenanlagen erweitert werden. In einem Pressegespr\u00e4ch gab die MVG heute die Ergebnisse einer Machbarkeitsstudie zur Kapazit\u00e4tserweiterung bekannt. Der U-Bahnhof Sendlinger Tor ist mit f\u00fcnf U-Bahn-Linien, 145000 Fahrg\u00e4sten, die dort t\u00e4glich\u2026","rel":"","context":"In &quot;St\u00f6rungen und Bauarbeiten&quot;","block_context":{"text":"St\u00f6rungen und Bauarbeiten","link":"https:\/\/www.u-bahn-muenchen.de\/blog\/category\/storungen-und-bauarbeiten\/"},"img":{"alt_text":"","src":"","width":0,"height":0},"classes":[]},{"id":484,"url":"https:\/\/www.u-bahn-muenchen.de\/blog\/2017\/02\/umbau-sendlinger-tor-am-montag-gehts-los\/","url_meta":{"origin":532,"position":1},"title":"Umbau Sendlinger Tor: Am Montag geht\u2019s los","author":"Frederik Buchleitner","date":"9. Februar 2017","format":false,"excerpt":"Der bayerischen Landeshauptstadt stehen in den kommenden Jahren zahlreiche Bauarbeiten und daraus bedingend nat\u00fcrlich auch Einschr\u00e4nkungen ins Haus. Nicht nur der Baubeginn bei der 2. S-Bahn-Stammstrecke in gut zwei Monaten und der daraus resultierende Komplettumbau des Hauptbahnhofs f\u00fchrt \u00fcber Jahre f\u00fcr die Fahrg\u00e4ste zu Beeintr\u00e4chtigungen, auch der U-Bahn-Knotenpunkt am Sendlinger\u2026","rel":"","context":"In &quot;St\u00f6rungen und Bauarbeiten&quot;","block_context":{"text":"St\u00f6rungen und Bauarbeiten","link":"https:\/\/www.u-bahn-muenchen.de\/blog\/category\/storungen-und-bauarbeiten\/"},"img":{"alt_text":"","src":"","width":0,"height":0},"classes":[]},{"id":788,"url":"https:\/\/www.u-bahn-muenchen.de\/blog\/2021\/06\/infoveranstaltung-sendlinger-tor\/","url_meta":{"origin":532,"position":2},"title":"Infoveranstaltung Sendlinger Tor","author":"Florian Sch\u00fctz","date":"24. Juni 2021","format":false,"excerpt":"Am 24. Juni lud die M\u00fcnchner Verkehrsgesellschaft zu einer virtuellen Informationsveranstaltung zum Fortschritt der seit 2017 bestehendenden Baustelle am Sendlinger Tor. Dort wird unter laufenden Betrieb eine Komplettsanierung und Erweiterung des U-Bahnhofs umgesetzt. Virtuelle Baustellenf\u00fchrung [img id=su_sonnenstrasse_4 align=right]Die Projektleiter Andreas Schmid, Barbara Mittermeier und Kerstin Scholber erl\u00e4uterten zun\u00e4chst die Gr\u00fcnde\u2026","rel":"","context":"In &quot;St\u00f6rungen und Bauarbeiten&quot;","block_context":{"text":"St\u00f6rungen und Bauarbeiten","link":"https:\/\/www.u-bahn-muenchen.de\/blog\/category\/storungen-und-bauarbeiten\/"},"img":{"alt_text":"","src":"","width":0,"height":0},"classes":[]},{"id":755,"url":"https:\/\/www.u-bahn-muenchen.de\/blog\/2021\/06\/terminhinweis-virtuelle-infoveranstaltung-sendlinger-tor\/","url_meta":{"origin":532,"position":3},"title":"Terminhinweis: Virtuelle Infoveranstaltung Sendlinger Tor","author":"Florian Sch\u00fctz","date":"13. Juni 2021","format":false,"excerpt":"Am\u00a0Donnerstag, 24.06.2021 um 18.30 Uhr\u00a0l\u00e4dt die M\u00fcnchner Verkehrsgesellschaft zu einem virtuellen Informationsabend ein, um den aktuellen Zwischenstand der laufenden Erweiterungs- und Sanierungsarbeiten am U-Bahnhof [bflink id=SE] vorzustellen. Seit M\u00e4rz 2017 wird der U-Bahnhof Sendlinger Tor unter laufendem Betrieb umgebaut. Alle drei Ebenen werden komplett saniert, modernisiert, umgestaltet, barrierefrei ausgebaut, brandschutztechnisch\u2026","rel":"","context":"In &quot;St\u00f6rungen und Bauarbeiten&quot;","block_context":{"text":"St\u00f6rungen und Bauarbeiten","link":"https:\/\/www.u-bahn-muenchen.de\/blog\/category\/storungen-und-bauarbeiten\/"},"img":{"alt_text":"","src":"","width":0,"height":0},"classes":[]},{"id":1143,"url":"https:\/\/www.u-bahn-muenchen.de\/blog\/2026\/05\/goetheplatz-poccistrasse-sanierung-2026\/","url_meta":{"origin":532,"position":4},"title":"Goetheplatz und Poccistra\u00dfe: Vollsperrung zur Sanierung ab Mai 2026","author":"Florian Sch\u00fctz","date":"17. Mai 2026","format":false,"excerpt":"Ab dem 18. Mai 2026 werden Poccistra\u00dfe und [bflink id=GO] in drei Bauphasen bis August 2027 saniert. Beide Bahnh\u00f6fe geh\u00f6ren zu den \u00e4ltesten im M\u00fcnchner U-Bahn-Netz \u2013 und ihr Zustand macht eine umfassende Ert\u00fcchtigung unumg\u00e4nglich. Hintergrund: Jahrelange Probleme an der Poccistra\u00dfe [img id=pc_abstuetzung3 align=right] F\u00fcr den U-Bahnhof Poccistra\u00dfe ist die\u2026","rel":"","context":"In &quot;St\u00f6rungen und Bauarbeiten&quot;","block_context":{"text":"St\u00f6rungen und Bauarbeiten","link":"https:\/\/www.u-bahn-muenchen.de\/blog\/category\/storungen-und-bauarbeiten\/"},"img":{"alt_text":"","src":"","width":0,"height":0},"classes":[]},{"id":449,"url":"https:\/\/www.u-bahn-muenchen.de\/blog\/2016\/11\/c2-fahrgasteinsatz-bis-grosshadern\/","url_meta":{"origin":532,"position":5},"title":"C2-Fahrgasteinsatz bis Gro\u00dfhadern","author":"Frederik Buchleitner","date":"4. November 2016","format":false,"excerpt":"Mit der Genehmigung f\u00fcr den Fahrgastbetrieb der C2-Z\u00fcge auf der gesamten Strecke der Linie U6 konnte heute ein wichtiger Meilenstein erreicht werden. Die derzeit drei \u00fcblicherweise eingesetzten Z\u00fcge 701, 702 und 713 sind seit dem heutigen Freitagnachmittag im Planbetrieb zwischen Garching-Forschungszentrum und Klinikum Gro\u00dfhadern im Einsatz. Erster Fahrgasteinsatz im Stadtzentrum:\u2026","rel":"","context":"In &quot;Fahrzeuge&quot;","block_context":{"text":"Fahrzeuge","link":"https:\/\/www.u-bahn-muenchen.de\/blog\/category\/fahrzeuge\/"},"img":{"alt_text":"","src":"","width":0,"height":0},"classes":[]}],"jetpack_sharing_enabled":true,"jetpack_featured_media_url":"","_links":{"self":[{"href":"https:\/\/www.u-bahn-muenchen.de\/blog\/wp-json\/wp\/v2\/posts\/532","targetHints":{"allow":["GET"]}}],"collection":[{"href":"https:\/\/www.u-bahn-muenchen.de\/blog\/wp-json\/wp\/v2\/posts"}],"about":[{"href":"https:\/\/www.u-bahn-muenchen.de\/blog\/wp-json\/wp\/v2\/types\/post"}],"author":[{"embeddable":true,"href":"https:\/\/www.u-bahn-muenchen.de\/blog\/wp-json\/wp\/v2\/users\/2"}],"replies":[{"embeddable":true,"href":"https:\/\/www.u-bahn-muenchen.de\/blog\/wp-json\/wp\/v2\/comments?post=532"}],"version-history":[{"count":8,"href":"https:\/\/www.u-bahn-muenchen.de\/blog\/wp-json\/wp\/v2\/posts\/532\/revisions"}],"predecessor-version":[{"id":601,"href":"https:\/\/www.u-bahn-muenchen.de\/blog\/wp-json\/wp\/v2\/posts\/532\/revisions\/601"}],"wp:attachment":[{"href":"https:\/\/www.u-bahn-muenchen.de\/blog\/wp-json\/wp\/v2\/media?parent=532"}],"wp:term":[{"taxonomy":"category","embeddable":true,"href":"https:\/\/www.u-bahn-muenchen.de\/blog\/wp-json\/wp\/v2\/categories?post=532"},{"taxonomy":"post_tag","embeddable":true,"href":"https:\/\/www.u-bahn-muenchen.de\/blog\/wp-json\/wp\/v2\/tags?post=532"}],"curies":[{"name":"wp","href":"https:\/\/api.w.org\/{rel}","templated":true}]}}