{"id":501,"date":"2017-04-14T09:49:36","date_gmt":"2017-04-14T08:49:36","guid":{"rendered":"https:\/\/www.u-bahn-muenchen.de\/blog\/?p=501"},"modified":"2017-04-22T19:49:12","modified_gmt":"2017-04-22T18:49:12","slug":"u3-baustelle-endete-genereller-sanierungsbedarf-steigt","status":"publish","type":"post","link":"https:\/\/www.u-bahn-muenchen.de\/blog\/2017\/04\/u3-baustelle-endete-genereller-sanierungsbedarf-steigt\/","title":{"rendered":"U3-Baustelle endet &#8211; genereller Sanierungsbedarf steigt"},"content":{"rendered":"<p>\u00dcber Ostern wird die Gleiserneuerung auf der seit Ende Oktober gesperrten U3 zwischen Scheidplatz und M\u00fcnchner Freiheit abgeschlossen. Ab Dienstag, 18. April wird die U3 damit wieder auf ihrem angestammten Linienweg zwischen [bflink id=MO] und [bflink id=FW] verkehren. Allerdings werden gr\u00f6\u00dfere Bauma\u00dfnahmen in den kommenden Jahren h\u00e4ufiger werden. <\/p>\n<p>[img id=u3_bp_2017 align=right]Bis zum Ende der Osterferien werden die Z\u00fcge der U3 allerdings auch nach Aufhebung der Sperrung den sanierte Tunnelabschnitt zun\u00e4chst noch mit einer Maximalgeschwindigkeit von 50 km\/h statt der sonst \u00fcblichen 80 km\/h befahren, um Setzungen an den neu verlegten Gleisen Rechnung zu tragen. Dadurch k\u00f6nnen geringe Versp\u00e4tungen auftreten, weswegen die MVG dazu r\u00e4t, bei knappen \u00dcberg\u00e4ngen vorsichtshalber eine U3 vorher zu nehmen. <\/p>\n<p>Insgesamt wurden bei der gut f\u00fcnf Monate dauernden Baustelle etwa 7.500 Tonnen Schotter, 3.330 Gleisschwellen und 9 Kilometer Schienen ausgetauscht. Das Gleisbett wurde dazu bis auf die Betonschalen der Tunnel zun\u00e4chst entfernt und gegen neue Komponenten getauscht.<\/p>\n<h3>Mehr Sanierungsbedarf in den kommenden Jahren<\/h3>\n<p>[img id=speno_tunnel align=right]Da die \u00e4ltesten Teile des M\u00fcnchner U-Bahn-Netzes mittlerweile etwa 45 Jahre im Dauerbetrieb befahren werden, wird in den n\u00e4chsten Jahren der Sanierungsbedarf weiter steigen. Wurden bisher vor allem in der n\u00e4chtlichen Betriebsruhe oft bis zu 20 Einzelbau- und Instandhaltungsma\u00dfnahmen durchgef\u00fchrt, muss in den n\u00e4chsten Jahren verst\u00e4rkt mit Einschr\u00e4nkungen auch au\u00dferhalb der n\u00e4chtlichen Stunden gerechnet werden. Vor allem die Weichenanlagen auf der U3 und U6 werden hierbei im Fokus stehen. <\/p>\n<p>Am [bflink id=KG] werden ab Ende Mai sieben Weichen getauscht, weitere sieben Weichen stehen im Betriebshof Fr\u00f6ttmaning zum Wechsel an. Aus diesem Grund wird es auf der n\u00f6rdlichen U6 zeitweise zu Einschr\u00e4nkungen kommen:<\/p>\n<ul>\n<li>Samstag, 27. Mai bis Freitag, 16. Juni: Der Bahnhof [bflink id=FT] wird montags bis freitags zu den Hauptverkehrszeiten nur alle 10 Minuten bedient. Die aus der Innenstadt kommenden Verst\u00e4rkerz\u00fcge wenden bereits am [bflink id=KG].<\/li>\n<li> Samstag, 17. Juni bis Freitag, 23. Juli: Die U6 wird im Bf. [bflink id=FR] in einen Nord- und S\u00fcdast geteilt. Zur Weiterfahrt m\u00fcssen Fahrg\u00e4ste dort in beiden Fahrtrichtungen jeweils in den gegen\u00fcberstehenden Zug umsteigen.<\/li>\n<li>  Wochenende Freitag, 14. Juli (ca. 22 Uhr) bis Sonntag, 16. Juli: Die U6 wird zwischen den Bahnh\u00f6fen [bflink id=ST] und [bflink id=KG] unterbrochen und in diesem Abschnitt durch Busse ersetzt.<\/li>\n<\/ul>\n<p>[img id=moosach_u3_17 align=right]In den n\u00e4chsten f\u00fcnf Jahren werden anschlie\u00dfend 51 weitere Weichen im Verlauf der U6 erneuert. Betroffen sind Weichen rings um die Bahnh\u00f6fe [bflink id=AH], [bflink id=DL], [bflink id=HS], [bflink id=HK], [bflink id=IP], [bflink id=MU], [bflink id=OD], [bflink id=SP] und [bflink id=SE]. Hierbei wird es auch zu abschnittsweisen Sperrungen und Behinderungen kommen, die heute noch nicht im Detail feststehen und die auch von Gro\u00dfveranstaltungen z.B. in der Allianz Arena abh\u00e4ngen.<br \/>\nIn den Fokus werden anschlie\u00dfend auch die wenig j\u00fcngeren Abschnitte der U2 und U5 fallen, die 1980 als U8 zwischen [bflink id=SP] und [bflink id=NS] er\u00f6ffnet wurden. <\/p>\n<p>L\u00e4nger dauernde Totalsperrungen wie jetzt auf der U3 sind gl\u00fccklicherweise aktuell nicht abzusehen. Im Zusammenhang mit der Erweiterung des Bahnhofs [bflink id=SE] wird jedoch immer wieder mit Sperrungen und Behinderungen zu rechnen sein.<br \/>\nAuf dem Sanierungsprogramm stehen allerdings weitere Betonsanierungen an den Tunnel- und Bahnhofsbauwerken, der Austausch von Stromschienen und Stellwerkstechnik, der Austausch auch von gro\u00dfen Rolltreppenanlagen wie am [bflink id=MP] und [bflink id=HU] sowie Auswirkungen der Bauma\u00dfnahmen zur zweiten Stammstrecke, unter anderem am [bflink id=HU]. <\/p>\n","protected":false},"excerpt":{"rendered":"<p>\u00dcber Ostern wird die Gleiserneuerung auf der seit Ende Oktober gesperrten U3 zwischen Scheidplatz und M\u00fcnchner Freiheit abgeschlossen. Ab Dienstag, 18. April wird die U3 damit wieder auf ihrem angestammten Linienweg zwischen [bflink id=MO] und [bflink id=FW] verkehren. Allerdings werden gr\u00f6\u00dfere Bauma\u00dfnahmen in den kommenden Jahren h\u00e4ufiger werden. [img id=u3_bp_2017 align=right]Bis zum Ende der Osterferien [&hellip;]<\/p>\n","protected":false},"author":2,"featured_media":0,"comment_status":"open","ping_status":"open","sticky":false,"template":"","format":"standard","meta":{"advanced_seo_description":"","jetpack_seo_html_title":"","jetpack_seo_noindex":false,"jetpack_seo_schema_type":"","_jetpack_newsletter_access":"","_jetpack_dont_email_post_to_subs":false,"_jetpack_newsletter_tier_id":0,"_jetpack_memberships_contains_paywalled_content":false,"_jetpack_feature_clip_id":0,"_jetpack_memberships_contains_paid_content":false,"footnotes":"","jetpack_post_was_ever_published":false},"categories":[18,3],"tags":[],"class_list":["post-501","post","type-post","status-publish","format-standard","hentry","category-netz","category-storungen-und-bauarbeiten"],"jetpack_shortlink":"https:\/\/wp.me\/p87CPJ-85","jetpack-related-posts":[{"id":307,"url":"https:\/\/www.u-bahn-muenchen.de\/blog\/2012\/03\/sev-auf-u2-und-u3-im-bereich-scheidplatz-wahrend-der-osterferien\/","url_meta":{"origin":501,"position":0},"title":"SEV auf U2 und U3 im Bereich Scheidplatz w\u00e4hrend der Osterferien","author":"Florian Sch\u00fctz","date":"24. M\u00e4rz 2012","format":false,"excerpt":"[img id=baustelle align=right size=kleiner]Da am [bflink id=SP] das Stellwerk der U-Bahn nach 40 Jahren Betrieb erneuert werden muss, verkehren U2 und U3 in den Osterferien nur eingeschr\u00e4nkt. Zeitgleich finden auf den betroffenen Abschnitten zudem gr\u00f6\u00dfere Gleisbauarbeiten statt, bei dem u.a. die Weichen zwischen U2 und U3 am Scheidplatz getauscht werden.\u2026","rel":"","context":"In &quot;Betrieb&quot;","block_context":{"text":"Betrieb","link":"https:\/\/www.u-bahn-muenchen.de\/blog\/category\/betrieb\/"},"img":{"alt_text":"","src":"","width":0,"height":0},"classes":[]},{"id":232,"url":"https:\/\/www.u-bahn-muenchen.de\/blog\/2011\/06\/u3-nord-pendelzugbetrieb-wegen-bauarbeiten-im-spatverkehr\/","url_meta":{"origin":501,"position":1},"title":"U3 Nord: Pendelzugbetrieb wegen Bauarbeiten im Sp\u00e4tverkehr [aktualisiert]","author":"Florian Sch\u00fctz","date":"22. Juni 2011","format":false,"excerpt":"Die Erneuerung des Stellwerks Scheidplatz geht in eine weitere Bauphase mit tempor\u00e4ren Gleissperrungen. Aus diesem Grund werden im Nordabschnitt der U-Bahnlinie U3 im Sp\u00e4tverkehr ab 22 Uhr erneut Pendelz\u00fcge einsetzen. Damit kommt es von Sonntag, 26. Juni bis vsl. Donnerstag, 1. September, jeweils ab ca. 22 Uhr zu \u00e4hnlichen Einschr\u00e4nkungen\u2026","rel":"","context":"In &quot;Betrieb&quot;","block_context":{"text":"Betrieb","link":"https:\/\/www.u-bahn-muenchen.de\/blog\/category\/betrieb\/"},"img":{"alt_text":"","src":"","width":0,"height":0},"classes":[]},{"id":467,"url":"https:\/\/www.u-bahn-muenchen.de\/blog\/2016\/12\/u3-u6-behinderungen-poccistrasse\/","url_meta":{"origin":501,"position":2},"title":"U3\/U6: Behinderungen im Sp\u00e4tverkehr im Bahnhof Poccistra\u00dfe","author":"Florian Sch\u00fctz","date":"8. Dezember 2016","format":false,"excerpt":"Wegen Bauarbeiten durchfahren die Z\u00fcge der Linien U3 und U6 die Station [bflink id=pc] am Montag, 12. Dezember sowie am Dienstag, 13. Dezember, jeweils ab ca. 22 Uhr ohne Halt. Dann k\u00f6nnen Fahrg\u00e4ste dort also weder ein- noch aussteigen. Ersatzweise richtet die MVG einen Schienenersatzverkehr (SEV) mit Bussen ein. Diese\u2026","rel":"","context":"In &quot;St\u00f6rungen und Bauarbeiten&quot;","block_context":{"text":"St\u00f6rungen und Bauarbeiten","link":"https:\/\/www.u-bahn-muenchen.de\/blog\/category\/storungen-und-bauarbeiten\/"},"img":{"alt_text":"","src":"","width":0,"height":0},"classes":[]},{"id":19,"url":"https:\/\/www.u-bahn-muenchen.de\/blog\/2010\/04\/jubilaen\/","url_meta":{"origin":501,"position":3},"title":"Jubil\u00e4en","author":"Florian Sch\u00fctz","date":"21. April 2010","format":false,"excerpt":"[img id=partyzug_zza align=right size=mittel_pano]Wenn's ums Feiern geht, sind ja die meisten Menschen immer gerne dabei, auch wenn sie oft gar nicht wissen, was es eigentlich zu Feiern gibt. Im U-Bahn-Bereich sind Feiern allerdings eher selten, weswegen man hier die Anl\u00e4sse sorgf\u00e4ltig im Kalender stehen haben sollte. U-Bahn-Er\u00f6ffnungen werden nach der\u2026","rel":"","context":"In &quot;Geschichte&quot;","block_context":{"text":"Geschichte","link":"https:\/\/www.u-bahn-muenchen.de\/blog\/category\/geschichte\/"},"img":{"alt_text":"","src":"","width":0,"height":0},"classes":[]},{"id":17,"url":"https:\/\/www.u-bahn-muenchen.de\/blog\/2010\/03\/tunnel-tour-in-moosach\/","url_meta":{"origin":501,"position":4},"title":"Tunnel-Tour in Moosach","author":"Florian Sch\u00fctz","date":"25. M\u00e4rz 2010","format":false,"excerpt":"Heute war ich bei einer gef\u00fchrten Tour durch die Moosacher U-Bahn-Baustelle. Startschuss war mit Helm um 9 Uhr am Kiosk im Zwischengeschoss des U-Bahnhofs [bflink id=OE]. Schon witzig, wenn da 20 Leute mit Helm und \u00fcberwiegend Warnweste rumstehen. Anschlie\u00dfend ging es am Bahnsteigende des [bflink id=OK text=U3-Bahnhofs] runter auf die\u2026","rel":"","context":"In &quot;U-Bahnh\u00f6fe&quot;","block_context":{"text":"U-Bahnh\u00f6fe","link":"https:\/\/www.u-bahn-muenchen.de\/blog\/category\/u-bahnhofe\/"},"img":{"alt_text":"","src":"","width":0,"height":0},"classes":[]},{"id":206,"url":"https:\/\/www.u-bahn-muenchen.de\/blog\/2010\/12\/mobilfunk-netz-wird-erweitert\/","url_meta":{"origin":501,"position":5},"title":"Mobilfunk-Netz wird um weitere vier Abschnitte erweitert","author":"Florian Sch\u00fctz","date":"4. Dezember 2010","format":false,"excerpt":"Das Mobilfunk-Netz in der M\u00fcnchner U-Bahn wird erneut erweitert \u2013 diesmal gleich um vier Abschnitte: Um den Nordabschnitt der U3 zwischen [bflink id=MU] und [bflink id=OK], den Nordabschnitt der U2 vom [bflink id=KN] bis zur Haltestelle [bflink id=HA], der U3 im S\u00fcden vom [bflink id=GO] bis [bflink id=OS] und der\u2026","rel":"","context":"In &quot;Technik&quot;","block_context":{"text":"Technik","link":"https:\/\/www.u-bahn-muenchen.de\/blog\/category\/technik\/"},"img":{"alt_text":"","src":"","width":0,"height":0},"classes":[]}],"jetpack_sharing_enabled":true,"jetpack_featured_media_url":"","_links":{"self":[{"href":"https:\/\/www.u-bahn-muenchen.de\/blog\/wp-json\/wp\/v2\/posts\/501","targetHints":{"allow":["GET"]}}],"collection":[{"href":"https:\/\/www.u-bahn-muenchen.de\/blog\/wp-json\/wp\/v2\/posts"}],"about":[{"href":"https:\/\/www.u-bahn-muenchen.de\/blog\/wp-json\/wp\/v2\/types\/post"}],"author":[{"embeddable":true,"href":"https:\/\/www.u-bahn-muenchen.de\/blog\/wp-json\/wp\/v2\/users\/2"}],"replies":[{"embeddable":true,"href":"https:\/\/www.u-bahn-muenchen.de\/blog\/wp-json\/wp\/v2\/comments?post=501"}],"version-history":[{"count":12,"href":"https:\/\/www.u-bahn-muenchen.de\/blog\/wp-json\/wp\/v2\/posts\/501\/revisions"}],"predecessor-version":[{"id":517,"href":"https:\/\/www.u-bahn-muenchen.de\/blog\/wp-json\/wp\/v2\/posts\/501\/revisions\/517"}],"wp:attachment":[{"href":"https:\/\/www.u-bahn-muenchen.de\/blog\/wp-json\/wp\/v2\/media?parent=501"}],"wp:term":[{"taxonomy":"category","embeddable":true,"href":"https:\/\/www.u-bahn-muenchen.de\/blog\/wp-json\/wp\/v2\/categories?post=501"},{"taxonomy":"post_tag","embeddable":true,"href":"https:\/\/www.u-bahn-muenchen.de\/blog\/wp-json\/wp\/v2\/tags?post=501"}],"curies":[{"name":"wp","href":"https:\/\/api.w.org\/{rel}","templated":true}]}}