{"id":490,"date":"2017-02-16T16:33:46","date_gmt":"2017-02-16T15:33:46","guid":{"rendered":"https:\/\/www.u-bahn-muenchen.de\/blog\/?p=490"},"modified":"2026-06-16T20:39:51","modified_gmt":"2026-06-16T18:39:51","slug":"u5-verlaengerung-nach-pasing-untergrund-wird-erkundet","status":"publish","type":"post","link":"https:\/\/www.u-bahn-muenchen.de\/blog\/2017\/02\/u5-verlaengerung-nach-pasing-untergrund-wird-erkundet\/","title":{"rendered":"U5-Verl\u00e4ngerung nach Pasing: Untergrund wird erkundet"},"content":{"rendered":"\n<p class=\"wp-block-paragraph\">Wie in der <a href=\"https:\/\/ru.muenchen.de\/2017\/33\/U5-nach-Pasing-Untergrund-wird-erkundet-71267\" target=\"_blank\" rel=\"noopener\">heutigen Rathaus-Umschau<\/a> zu lesen ist, wird in K\u00fcrze im Rahmen der detaillierten Planungen f\u00fcr den Weiterbau der U-Bahn-Linie U5 vom Bahnhof [bflink id=LP] nach Pasing der k\u00fcnftige Baugrund durch Probebohrungen erkundet.<\/p>\n\n\n\n<p class=\"wp-block-paragraph\">[img id=netz-u5 align=right size=mittel]Dazu hat das Baureferat zusammen mit externen Fachgutachtern ein Konzept entwickelt. Entlang der gesamten, knapp vier Kilometer langen Strecke vom Bahnhof Laimer Platz bis zum Bahnhof Pasing sind in den n\u00e4chsten Monaten etwa 50 Bohrungen vorgesehen. Etwa die H\u00e4lfte der Bohrstellen dient k\u00fcnftig dazu, w\u00e4hrend der geplanten Bauarbeiten die Grundwasserst\u00e4nde zu messen und zu \u00fcberpr\u00fcfen. Die meisten Bohrungen finden auf \u00f6ffentlichem Grund statt, also zum Teil auf Gehwegen, in Baumgr\u00e4ben oder auf Gr\u00fcnstreifen. Die Arbeiten sollen bis Ende April 2017 abgeschlossen sein. Die gutachterlichen Ergebnisse werden in die Antragsunterlagen f\u00fcr das Planfeststellungsverfahren eingearbeitet, die das Baureferat derzeit vorbereitet.<\/p>\n\n\n\n<p class=\"wp-block-paragraph\">Derartige Voruntersuchungen sind n\u00f6tig, um die Bodenbeschaffenheiten im Untergrund genauer zu erkennen und die vorgesehenen Bauweisen darauf abzustimmen. Unf\u00e4lle wie <a href=\"\/report\/krater_trudering\/\" target=\"_blank\" rel=\"noopener\">beim Bau der U2 in Trudering<\/a> sollen durch m\u00f6glichst gute Kenntnisse \u00fcber den zu erwartenden Baugrund m\u00f6glichst ausgeschlossen werden. Im weiteren Verlauf der Detailplanungen werden meist noch weitere Erkundungsbohrungen n\u00f6tig, um die Planungen \u00fcber die f\u00fcr eine Planfeststellung n\u00f6tige Genauigkeit hinaus zu detaillieren.<\/p>\n","protected":false},"excerpt":{"rendered":"<p>Wie in der heutigen Rathaus-Umschau zu lesen ist, wird in K\u00fcrze im Rahmen der detaillierten Planungen f\u00fcr den Weiterbau der U-Bahn-Linie U5 vom Bahnhof [bflink id=LP] nach Pasing der k\u00fcnftige Baugrund durch Probebohrungen erkundet. [img id=netz-u5 align=right size=mittel]Dazu hat das Baureferat zusammen mit externen Fachgutachtern ein Konzept entwickelt. Entlang der gesamten, knapp vier Kilometer langen [&hellip;]<\/p>\n","protected":false},"author":2,"featured_media":0,"comment_status":"open","ping_status":"open","sticky":false,"template":"","format":"standard","meta":{"advanced_seo_description":"","jetpack_seo_html_title":"","jetpack_seo_noindex":false,"jetpack_seo_schema_type":"","_jetpack_newsletter_access":"","_jetpack_dont_email_post_to_subs":true,"_jetpack_newsletter_tier_id":0,"_jetpack_memberships_contains_paywalled_content":false,"_jetpack_feature_clip_id":0,"_jetpack_memberships_contains_paid_content":false,"footnotes":"","jetpack_post_was_ever_published":false},"categories":[18,3],"tags":[23],"class_list":["post-490","post","type-post","status-publish","format-standard","hentry","category-netz","category-storungen-und-bauarbeiten","tag-pasing"],"jetpack_shortlink":"https:\/\/wp.me\/p87CPJ-7U","jetpack-related-posts":[{"id":590,"url":"https:\/\/www.u-bahn-muenchen.de\/blog\/2021\/04\/u5-nach-pasing-letzter-abschnitt-ist-genehmigt\/","url_meta":{"origin":490,"position":0},"title":"U5 nach Pasing: letzter Abschnitt ist genehmigt","author":"Florian Sch\u00fctz","date":"27. April 2021","format":false,"excerpt":"Seit vielen Jahren wird \u00fcber die Verl\u00e4ngerung der U5 nach Pasing diskutiert und gestritten, mehr als einige bauvorbereitende Ma\u00dfnahmen sind auch noch nicht erfolgt. In dieser Woche ist f\u00fcr den letzten noch ausstehenden Abschnitt vom Bahnhof [bflink id=KI] bis [bflink id=PG] die Planfeststellungsgenehmigung erteilt worden. F\u00fcr beide vorigen Abschnitte der\u2026","rel":"","context":"In &quot;Netz&quot;","block_context":{"text":"Netz","link":"https:\/\/www.u-bahn-muenchen.de\/blog\/category\/netz\/"},"img":{"alt_text":"","src":"","width":0,"height":0},"classes":[]},{"id":1162,"url":"https:\/\/www.u-bahn-muenchen.de\/blog\/2026\/06\/u5-verlaengerung-durchstich-laimer-tunnel\/","url_meta":{"origin":490,"position":1},"title":"U5-Verl\u00e4ngerung nach Pasing: Durchstich im Laimer Tunnel","author":"Florian Sch\u00fctz","date":"17. Juni 2026","format":false,"excerpt":"Am 17. Juni 2026 ist im Baulos 1 unter der Gotthardstra\u00dfe der Durchstich des 1,1 Kilometer langen U5-Tunnels erreicht \u2013 das Bauwerk ist nun auf seiner gesamten L\u00e4nge begehbar.","rel":"","context":"In &quot;Netz&quot;","block_context":{"text":"Netz","link":"https:\/\/www.u-bahn-muenchen.de\/blog\/category\/netz\/"},"img":{"alt_text":"","src":"","width":0,"height":0},"classes":[]},{"id":805,"url":"https:\/\/www.u-bahn-muenchen.de\/blog\/2021\/06\/u5-pasing-bund-sagt-foerdergelder-zu\/","url_meta":{"origin":490,"position":2},"title":"U5 Pasing: Bund sagt F\u00f6rdergelder zu","author":"Florian Sch\u00fctz","date":"29. Juni 2021","format":false,"excerpt":"Die Verl\u00e4ngerung der U5 vom Laimer Platz nach Pasing ist einen Schritt n\u00e4her am Baubeginn: Das Bundesministerium f\u00fcr Verkehr und digitale Infrastruktur hat mit Schreiben vom 28. Juni an Oberb\u00fcrgermeister Dieter Reiter F\u00f6rdermittel des Bundes f\u00fcr die Verl\u00e4ngerung der U-Bahn-Linie U5 vom Laimer Platz bis Pasing zugesagt.\u00a0 [img id=netz-u5 align=right\u2026","rel":"","context":"In &quot;Netz&quot;","block_context":{"text":"Netz","link":"https:\/\/www.u-bahn-muenchen.de\/blog\/category\/netz\/"},"img":{"alt_text":"","src":"","width":0,"height":0},"classes":[]},{"id":104,"url":"https:\/\/www.u-bahn-muenchen.de\/blog\/2010\/08\/fraunhoferstrasse-und-hohenzollernplatz-anstehende-bauarbeiten\/","url_meta":{"origin":490,"position":3},"title":"Fraunhoferstra\u00dfe und Hohenzollernplatz: Anstehende Bauarbeiten","author":"Florian Sch\u00fctz","date":"4. August 2010","format":false,"excerpt":"Neben der Erneuerung der Rolltreppen an vielen Bahnh\u00f6fen inklusive der zeitweiligen Sperrung des Bahnhofs [bflink id=FH] m\u00fcssen demn\u00e4chst auch die Pfeilerverkleidungen am [bflink id=HZ] erneuert werden. Viele der M\u00fcnchner U-Bahnh\u00f6fe sind mittlerweile angesichts ihres Alters von 30 Jahren und mehr sanierungsbed\u00fcrftig. Am [bflink id=MP] wurde im Zuge des Neubaus der\u2026","rel":"","context":"In &quot;St\u00f6rungen und Bauarbeiten&quot;","block_context":{"text":"St\u00f6rungen und Bauarbeiten","link":"https:\/\/www.u-bahn-muenchen.de\/blog\/category\/storungen-und-bauarbeiten\/"},"img":{"alt_text":"","src":"","width":0,"height":0},"classes":[]},{"id":1127,"url":"https:\/\/www.u-bahn-muenchen.de\/blog\/2026\/04\/geplante-sanierungen-und-investitionen-im-muenchner-u-bahn-netz\/","url_meta":{"origin":490,"position":4},"title":"Geplante Sanierungen und Investitionen im M\u00fcnchner U-Bahn-Netz","author":"Florian Sch\u00fctz","date":"30. April 2026","format":false,"excerpt":"Die M\u00fcnchner U-Bahn wird in den kommenden Jahren an vielen Stellen weiter saniert und modernisiert. Die M\u00fcnchner Verkehrsgesellschaft fassen in einer Antwort auf eine Stadtratsanfrage die anstehenden Baustellen der kommenden Jahren zusammen. Hier ein \u00dcberblick. Betroffen sind Bahnh\u00f6fe, Tunnel, Gleisanlagen, Werkst\u00e4tten und technische Systeme. Ziel ist es, die Leistungsf\u00e4higkeit des\u2026","rel":"","context":"In &quot;Netz&quot;","block_context":{"text":"Netz","link":"https:\/\/www.u-bahn-muenchen.de\/blog\/category\/netz\/"},"img":{"alt_text":"","src":"","width":0,"height":0},"classes":[]},{"id":934,"url":"https:\/\/www.u-bahn-muenchen.de\/blog\/2022\/02\/u5-sued-neues-gestaltungskonzept-vorgestellt\/","url_meta":{"origin":490,"position":5},"title":"U5-S\u00fcd: Neues Gestaltungskonzept vorgestellt","author":"Florian Sch\u00fctz","date":"16. Februar 2022","format":false,"excerpt":"Nachdem in den letzten Monaten bereits die bisherigen Gestaltungselemente und Hintergleisw\u00e4nde an den U-Bahnh\u00f6fen entlang des S\u00fcdastes der U5 entfernt wurden, wurden nun die k\u00fcnftigen individuellen Gestaltungen vorgestellt. Mit der Sanierung der sogenannten Hintergleisfassaden kommt erstmals ein neues Gestaltungskonzept zum Einsatz, das gemeinsam mit dem Architekturb\u00fcro allmannwappner entwickelt wurde und\u2026","rel":"","context":"In &quot;U-Bahnh\u00f6fe&quot;","block_context":{"text":"U-Bahnh\u00f6fe","link":"https:\/\/www.u-bahn-muenchen.de\/blog\/category\/u-bahnhofe\/"},"img":{"alt_text":"","src":"","width":0,"height":0},"classes":[]}],"jetpack_sharing_enabled":true,"jetpack_featured_media_url":"","_links":{"self":[{"href":"https:\/\/www.u-bahn-muenchen.de\/blog\/wp-json\/wp\/v2\/posts\/490","targetHints":{"allow":["GET"]}}],"collection":[{"href":"https:\/\/www.u-bahn-muenchen.de\/blog\/wp-json\/wp\/v2\/posts"}],"about":[{"href":"https:\/\/www.u-bahn-muenchen.de\/blog\/wp-json\/wp\/v2\/types\/post"}],"author":[{"embeddable":true,"href":"https:\/\/www.u-bahn-muenchen.de\/blog\/wp-json\/wp\/v2\/users\/2"}],"replies":[{"embeddable":true,"href":"https:\/\/www.u-bahn-muenchen.de\/blog\/wp-json\/wp\/v2\/comments?post=490"}],"version-history":[{"count":7,"href":"https:\/\/www.u-bahn-muenchen.de\/blog\/wp-json\/wp\/v2\/posts\/490\/revisions"}],"predecessor-version":[{"id":1179,"href":"https:\/\/www.u-bahn-muenchen.de\/blog\/wp-json\/wp\/v2\/posts\/490\/revisions\/1179"}],"wp:attachment":[{"href":"https:\/\/www.u-bahn-muenchen.de\/blog\/wp-json\/wp\/v2\/media?parent=490"}],"wp:term":[{"taxonomy":"category","embeddable":true,"href":"https:\/\/www.u-bahn-muenchen.de\/blog\/wp-json\/wp\/v2\/categories?post=490"},{"taxonomy":"post_tag","embeddable":true,"href":"https:\/\/www.u-bahn-muenchen.de\/blog\/wp-json\/wp\/v2\/tags?post=490"}],"curies":[{"name":"wp","href":"https:\/\/api.w.org\/{rel}","templated":true}]}}