{"id":484,"date":"2017-02-09T15:36:34","date_gmt":"2017-02-09T14:36:34","guid":{"rendered":"https:\/\/www.u-bahn-muenchen.de\/blog\/?p=484"},"modified":"2017-02-10T22:06:37","modified_gmt":"2017-02-10T21:06:37","slug":"umbau-sendlinger-tor-am-montag-gehts-los","status":"publish","type":"post","link":"https:\/\/www.u-bahn-muenchen.de\/blog\/2017\/02\/umbau-sendlinger-tor-am-montag-gehts-los\/","title":{"rendered":"Umbau Sendlinger Tor: Am Montag geht\u2019s los"},"content":{"rendered":"\n<p>Der bayerischen Landeshauptstadt stehen in den kommenden Jahren zahlreiche Bauarbeiten und daraus bedingend nat\u00fcrlich auch Einschr\u00e4nkungen ins Haus. Nicht nur der Baubeginn bei der 2. S-Bahn-Stammstrecke in gut zwei Monaten und der daraus resultierende Komplettumbau des Hauptbahnhofs f\u00fchrt \u00fcber Jahre f\u00fcr die Fahrg\u00e4ste zu Beeintr\u00e4chtigungen, auch der U-Bahn-Knotenpunkt am Sendlinger Tor wird in den kommenden f\u00fcnf Jahren f\u00fcr rund 150 Millionen Euro saniert und f\u00fcr die Zukunft ert\u00fcchtigt.<\/p>\n<div id=\"attachment_11008\" style=\"width: 576px\" class=\"wp-caption aligncenter\"><a href=\"http:\/\/www.tramreport.de\/wp-content\/uploads\/2017\/02\/Tramreport_Sendlinger_Tor_Umbau_U3-6_SWM_MVG.jpg\" rel=\"lightbox\"><img decoding=\"async\" src=\"http:\/\/www.tramreport.de\/wp-content\/uploads\/2017\/02\/Tramreport_Sendlinger_Tor_Umbau_U3-6_SWM_MVG-566x425.jpg\" alt=\"Ab 2022 soll sich der U-Bahnhof Sendlinger Tor in neuen Farben und ger\u00fcstet f\u00fcr die Zukunft pr\u00e4sentieren. Bis dahin stehen zahlreiche Bauarbeiten und f\u00fcr den Fahrgast nat\u00fcrlich auch Einschr\u00e4nkungen an (Grafik: SWM\/MVG)\" width=\"566\" class=\"size-medium wp-image-11008\"><\/a><\/p>\n<p class=\"wp-caption-text\">Ab 2022 soll sich der U-Bahnhof Sendlinger Tor, wie hier auf der U3\/6-Ebene in neuen Farben und ger\u00fcstet f\u00fcr die Zukunft pr\u00e4sentieren. Bis dahin stehen zahlreiche Bauarbeiten und f\u00fcr den Fahrgast nat\u00fcrlich auch Einschr\u00e4nkungen an (Grafik: SWM\/MVG)<\/p>\n<\/div>\n<p>Am heutigen Donnerstag stellten Vertreter der SWM und MVG <a href=\"https:\/\/www.swm.de\/dam\/swm\/pressemitteilungen\/2017\/02\/mvg20170209-umbau-sendlinger-tor.pdf\" target=\"_blank\">das Projekt im Rahmen einer Pressekonferenz vor<\/a> und erl\u00e4uterten die einzelnen Bauphasen, die dabei n\u00f6tigen Verkehrseinschr\u00e4nkungen, aber auch die geplanten Ma\u00dfnahmen zur k\u00fcnftigen Gestaltung und zur Entflechtung der Fahrgaststr\u00f6me. Am Montag starten die ersten Ma\u00dfnahmen, die sich vorerst insbesondere an der Oberfl\u00e4che bemerkbar machen werden. Ab den Osterferien, startend mit dem 9. April, kommt es dann auch zu konkreten Einschr\u00e4nkungen bei den U-Bahnen, Trambahnen und auch beim Individualverkehr. <span id=\"more-11002\"><\/span><\/p>\n<h3>Wie soll der Bahnhof zuk\u00fcnftig aussehen?<\/h3>\n<p>Wie bereits von den umgebauten Bahnh\u00f6fen M\u00fcnchner Freiheit, Hauptbahnhof und Marienplatz bekannt, soll der U-Bahnhof Sendlinger Tor auch farblich und gestalterisch neue Akzente setzen. Die Bahnsteigbereiche werden sich ab 2022 zwar weiterhin betont blau (U3\/U6) und gelb (U1\/U2\/U7\/U8) zeigen, die neuen Wand-, Boden- und Deckenverkleidungen sollen das Erscheinungsbild modernisieren. Das Sperrengeschoss wird k\u00fcnftig in schwarzer Farbe mit gro\u00dfen wei\u00dfen Deckenleuchten gehalten sein. Die bisher auf beiden Seiten vorhandenen Gesch\u00e4fte werden auf die Ostseite umziehen. Statt einer engen Rampe mit Treppen auf beiden Seiten, ist k\u00fcnftig eine langgezogene Rampe im Bereich zwischen dem Abgang zur U1\/2\/7\/8-Ebene und den Aufg\u00e4ngen zur Trambahn geplant. Die Bahnsteige werden \u00fcbrigens ebenfalls barrierefrei gestaltet und daher um f\u00fcnf Zentimeter angehoben, um einen h\u00f6hengleichen Einstieg in die Fahrzeuge zu erm\u00f6glichen.<\/p>\n<div id=\"attachment_11015\" style=\"width: 576px\" class=\"wp-caption aligncenter\"><a href=\"http:\/\/www.tramreport.de\/wp-content\/uploads\/2017\/02\/Tramreport_Sendlinger_Tor_Umbau_U3-6_Vorher_SWM_MVG.jpg\" rel=\"lightbox\"><img decoding=\"async\" src=\"http:\/\/www.tramreport.de\/wp-content\/uploads\/2017\/02\/Tramreport_Sendlinger_Tor_Umbau_U3-6_Vorher_SWM_MVG-566x425.jpg\" alt=\"So zeigt sich die Ebene der U-Bahnlinien U3 und U6 bisher. Im Titelbild des Artikels zeigt eine Visualisierung des geplanten k\u00fcnftigen Erscheinungsbilds (Bild: SWM\/MVG)\" width=\"566\" class=\"size-medium wp-image-11015\"><\/a><\/p>\n<p class=\"wp-caption-text\">So zeigt sich die Ebene der U-Bahnlinien U3 und U6 bisher. Im Titelbild des Artikels zeigt eine Visualisierung des geplanten k\u00fcnftigen Erscheinungsbilds (Bild: SWM\/MVG)<\/p>\n<\/div>\n<div id=\"attachment_11014\" style=\"width: 576px\" class=\"wp-caption aligncenter\"><a href=\"http:\/\/www.tramreport.de\/wp-content\/uploads\/2017\/02\/Tramreport_Sendlinger_Tor_Umbau_Sperrengeschoss_Vorher_SWM_MVG.jpg\" rel=\"lightbox\"><img decoding=\"async\" src=\"http:\/\/www.tramreport.de\/wp-content\/uploads\/2017\/02\/Tramreport_Sendlinger_Tor_Umbau_Sperrengeschoss_Vorher_SWM_MVG-567x425.jpg\" alt=\"So zeigt sich die Ebene der U-Bahnlinien U3 und U6 bisher. Im Titelbild des Artikels zeigt eine Visualisierung des geplanten k\u00fcnftigen Erscheinungsbilds (Bild: SWM\/MVG)\" width=\"567\" class=\"size-medium wp-image-11014\"><\/a><\/p>\n<p class=\"wp-caption-text\">So zeigt sich die Ebene der U-Bahnlinien U3 und U6 bisher. Im Titelbild des Artikels zeigt eine Visualisierung des geplanten k\u00fcnftigen Erscheinungsbilds (Bild: SWM\/MVG)<\/p>\n<\/div>\n<div id=\"attachment_11007\" style=\"width: 576px\" class=\"wp-caption aligncenter\"><a href=\"http:\/\/www.tramreport.de\/wp-content\/uploads\/2017\/02\/Tramreport_Sendlinger_Tor_Umbau_Sperrengeschoss_SWM_MVG.jpg\" rel=\"lightbox\"><img decoding=\"async\" src=\"http:\/\/www.tramreport.de\/wp-content\/uploads\/2017\/02\/Tramreport_Sendlinger_Tor_Umbau_Sperrengeschoss_SWM_MVG-566x425.jpg\" alt=\"Neue Farben und 'geordnete' Fl\u00e4chen sollen das Zwischengeschoss k\u00fcnftig pr\u00e4gen. Die gelben Fl\u00e4chen sollen auf Auf- und Abg\u00e4nge hinweisen (Grafik: SWM\/MVG)\" width=\"566\" class=\"size-medium wp-image-11007\"><\/a><\/p>\n<p class=\"wp-caption-text\">Neue Farben und \u2018geordnete\u2019 Fl\u00e4chen sollen das Zwischengeschoss k\u00fcnftig pr\u00e4gen. Die gelben Fl\u00e4chen sollen auf Auf- und Abg\u00e4nge hinweisen (Grafik: SWM\/MVG)<\/p>\n<\/div>\n<div id=\"attachment_11012\" style=\"width: 576px\" class=\"wp-caption aligncenter\"><a href=\"http:\/\/www.tramreport.de\/wp-content\/uploads\/2017\/02\/Tramreport_Sendlinger_Tor_Umbau_U1-2_Vorher_SWM_MVG.jpg\" rel=\"lightbox\"><img decoding=\"async\" src=\"http:\/\/www.tramreport.de\/wp-content\/uploads\/2017\/02\/Tramreport_Sendlinger_Tor_Umbau_U1-2_Vorher_SWM_MVG-566x425.jpg\" alt=\"Der bisherige Umsteigebereich zur U3\/6 auf der Ebene der Linien U1\/U2\/U7\/U8 (Bild: SWM\/MVG)\" width=\"566\" class=\"size-medium wp-image-11012\"><\/a><\/p>\n<p class=\"wp-caption-text\">Der bisherige Umsteigebereich zur U3\/6 auf der Ebene der Linien U1\/U2\/U7\/U8 (Bild: SWM\/MVG)<\/p>\n<\/div>\n<div id=\"attachment_11006\" style=\"width: 576px\" class=\"wp-caption aligncenter\"><a href=\"http:\/\/www.tramreport.de\/wp-content\/uploads\/2017\/02\/Tramreport_Sendlinger_Tor_Umbau_U1-2_1_SWM_MVG.jpg\" rel=\"lightbox\"><img decoding=\"async\" src=\"http:\/\/www.tramreport.de\/wp-content\/uploads\/2017\/02\/Tramreport_Sendlinger_Tor_Umbau_U1-2_1_SWM_MVG-566x425.jpg\" alt=\"Farblich zeigt sich diese Ebene auch k\u00fcnftig knallgelb (Grafik: SWM\/MVG)\" width=\"566\" class=\"size-medium wp-image-11006\"><\/a><\/p>\n<p class=\"wp-caption-text\">Farblich zeigt sich diese Ebene auch k\u00fcnftig knallgelb (Grafik: SWM\/MVG)<\/p>\n<\/div>\n<h3>Welche Ma\u00dfnahmen sind zur Erweiterung der Kapazit\u00e4t geplant?:<\/h3>\n<p><em>Bypass:<\/em> Bislang sind auf der Bahnsteigebene U1\/2\/7\/8 neben den Rolltreppen zur U3\/6-Ebene gro\u00dfr\u00e4umige Betriebsr\u00e4ume vorhanden, auf der anderen Seite der Durchgang zur anderen Tunnelr\u00f6hre, sowie zum Aufgang ins Sperrengeschoss. K\u00fcnftig sollen die Betriebsr\u00e4ume verkleinert und am Rand beider Seiten angelegt werden und daf\u00fcr ein zus\u00e4tzlicher Durchgang im Bereich der derzeitigen Betriebsr\u00e4ume geschaffen werden.<\/p>\n<p><em>Treppendreh:<\/em> F\u00fcr die gr\u00f6\u00dftm\u00f6gliche Entzerrung der Fahrgaststr\u00f6me soll die neue Anordnung der Rolltreppen zwischen dem Umsteigebereich der U1\/2\/7\/8-Ebene mit der dar\u00fcberliegenden U3\/6-Ebene sorgen. Bislang zentrieren sich die Rolltreppen auf beiden Bahnsteigen der unteren Ebene auf einen engen Bereich. Auf der U3\/6-Ebene sind die hinunterf\u00fchrenden Rolltreppen nur in Bahnsteigmitte zu erreichen, was durch die ohnehin schmalen Bahnsteige t\u00e4glich zu Kapazit\u00e4tsproblemen f\u00fchrt. Durch die k\u00fcnftig unterschiedlich angeordneten Treppen sollen sich die gegens\u00e4tzlich umsteigenden Fahrg\u00e4ste nicht mehr ins Gehege kommen.<\/p>\n<div id=\"attachment_11011\" style=\"width: 576px\" class=\"wp-caption aligncenter\"><a href=\"http:\/\/www.tramreport.de\/wp-content\/uploads\/2017\/02\/Tramreport_Sendlinger_Tor_Umbau_Erweiterungsbauwerke_SWM_MVG.jpg\" rel=\"lightbox\"><img decoding=\"async\" src=\"http:\/\/www.tramreport.de\/wp-content\/uploads\/2017\/02\/Tramreport_Sendlinger_Tor_Umbau_Erweiterungsbauwerke_SWM_MVG-640x340.jpg\" alt=\"Der geplante Bypass, der Treppendreh und die neuen Zugangsbauwerke in der \u00dcbersicht (Grafik: SWM\/MVG)\" width=\"640\" class=\"size-medium wp-image-11011\"><\/a><\/p>\n<p class=\"wp-caption-text\">Der geplante Bypass, der Treppendreh und die neuen Zugangsbauwerke in der \u00dcbersicht (Grafik: SWM\/MVG)<\/p>\n<\/div>\n<p><em>Erweiterungsbauwerke:<\/em> Die bautechnisch gr\u00f6\u00dfte Herausforderung ist die Erg\u00e4nzung der U1\/2\/7\/8-Ebene um zwei weitere Zug\u00e4nge jeweils an den Bahnsteigenden. Auf der s\u00fcd\u00f6stlichen Seite wird ein direkter Aufgang zur Blumenstra\u00dfe errichtet. Auf der nordwestlichen Seite wird unter der Sonnenstra\u00dfe <a href=\"https:\/\/www.swm.de\/dam\/swm\/pressemitteilungen\/2017\/02\/informationsmaterial-umbau-u-bahnhof-sendlinger-tor\/sendlinger-tor-schaubild-erweiterungsbauwerk-sonnenstrasse.pdf\" target=\"_blank\">ein neuer Aufgang ins Sperrengeschoss<\/a> geschaffen. Diese beiden Zug\u00e4nge, die <a href=\"https:\/\/www.swm.de\/dam\/swm\/pressemitteilungen\/2017\/02\/informationsmaterial-umbau-u-bahnhof-sendlinger-tor\/sendlinger-tor-vereisung-erweiterungsbauwerk-sonnenstrasse.pdf\" target=\"_blank\">in offener Bauweise<\/a> errichtet werden m\u00fcssen, sollen prim\u00e4r die Str\u00f6me der Ein- und Aussteiger von den Umsteigern trennen. <\/p>\n<div id=\"attachment_11013\" style=\"width: 576px\" class=\"wp-caption aligncenter\"><a href=\"http:\/\/www.tramreport.de\/wp-content\/uploads\/2017\/02\/Tramreport_Sendlinger_Tor_Umbau_U1-2_3_Vorher_SWM_MVG.jpg\" rel=\"lightbox\"><img decoding=\"async\" src=\"http:\/\/www.tramreport.de\/wp-content\/uploads\/2017\/02\/Tramreport_Sendlinger_Tor_Umbau_U1-2_3_Vorher_SWM_MVG-566x425.jpg\" alt=\"K\u00fcnftig gibt es am s\u00fcd\u00f6stlichen Bahnsteigende auf der U1\/2\/7\/8-Ebene einen neuen direkten Ein- und Ausgang zur Blumenstra\u00dfe und eine Verbindung zur anderen Tunnelr\u00f6hre (Bild: SWM\/MVG)\" width=\"566\" class=\"size-medium wp-image-11013\"><\/a><\/p>\n<p class=\"wp-caption-text\">K\u00fcnftig gibt es am s\u00fcd\u00f6stlichen Bahnsteigende auf der U1\/2\/7\/8-Ebene einen neuen direkten Ein- und Ausgang zur Blumenstra\u00dfe und eine Verbindung zur anderen Tunnelr\u00f6hre (Bild: SWM\/MVG)<\/p>\n<\/div>\n<div id=\"attachment_11016\" style=\"width: 576px\" class=\"wp-caption aligncenter\"><a href=\"http:\/\/www.tramreport.de\/wp-content\/uploads\/2017\/02\/Tramreport_Sendlinger_Tor_Umbau_U1-2_3_SWM_MVG.jpg\" rel=\"lightbox\"><img decoding=\"async\" src=\"http:\/\/www.tramreport.de\/wp-content\/uploads\/2017\/02\/Tramreport_Sendlinger_Tor_Umbau_U1-2_3_SWM_MVG-640x360.jpg\" alt=\"Visualisierung des k\u00fcnftigen s\u00fcd\u00f6stlichen Bahnsteigendes (Grafik: SWM\/MVG)\" width=\"640\" class=\"size-medium wp-image-11016\"><\/a><\/p>\n<p class=\"wp-caption-text\">Visualisierung des k\u00fcnftigen s\u00fcd\u00f6stlichen Bahnsteigendes (Grafik: SWM\/MVG)<\/p>\n<\/div>\n<div id=\"attachment_11005\" style=\"width: 576px\" class=\"wp-caption aligncenter\"><a href=\"http:\/\/www.tramreport.de\/wp-content\/uploads\/2017\/02\/Tramreport_Sendlinger_Tor_Umbau_U1-2_2_SWM_MVG.png\" rel=\"lightbox\"><img decoding=\"async\" src=\"http:\/\/www.tramreport.de\/wp-content\/uploads\/2017\/02\/Tramreport_Sendlinger_Tor_Umbau_U1-2_2_SWM_MVG-640x422.png\" alt=\"Am anderen Bahnsteigende wird ein neuer Zugang ins Sperrengeschoss geschaffen (Grafik: SWM\/MVG)\" width=\"640\" class=\"size-medium wp-image-11005\"><\/a><\/p>\n<p class=\"wp-caption-text\">Am anderen Bahnsteigende wird ein neuer Zugang ins Sperrengeschoss geschaffen (Grafik: SWM\/MVG)<\/p>\n<\/div>\n<p><em>Weitere Erg\u00e4nzungen:<\/em> Die Ausg\u00e4nge Sendlinger Stra\u00dfe und M\u00fcllerstra\u00dfe werden verbreitert, da hier nach Untersuchungen der MVG die meisten Ein- und Aussteiger das Bauwerk betreten und verlassen. Der neue Zugang von der Blumenstra\u00dfe erh\u00e4lt zudem einen Aufzug. Zus\u00e4tzlich werden die beiden bestehenden Aufz\u00fcge zur U1\/2\/7\/8-Ebene bis an die Oberfl\u00e4che verl\u00e4ngert.<\/p>\n<h3>Wie ist der Bauablauf?<\/h3>\n<p>Bereits seit 2015 liefen im Bereich der Erweiterungsbauwerke Spartenma\u00dfnahmen, um Kabel, Leitungen und Kan\u00e4le rund um die ben\u00f6tigten Baufelder zu verlegen.<\/p>\n<div id=\"attachment_11019\" style=\"width: 576px\" class=\"wp-caption aligncenter\"><a href=\"http:\/\/www.tramreport.de\/wp-content\/uploads\/2017\/02\/Tramreport_Sendlinger_Tor_Umbau_Baugruben_SWM_MVG.pdf\"><img decoding=\"async\" src=\"http:\/\/www.tramreport.de\/wp-content\/uploads\/2017\/02\/Tramreport_Sendlinger_Tor_Umbau_Baugruben_SWM_MVG1-609x425.png\" alt=\"Offene Baugruben finden sich im Bereich der Sonnenstra\u00dfe und an der Ecke Blumen-\/Wallstra\u00dfe zur Errichtung der neuen Erweiterungsbauwerke (Grafik: SWM\/MVG)\" width=\"609\" class=\"size-medium wp-image-11019\"><\/a><\/p>\n<p class=\"wp-caption-text\">Offene Baugruben finden sich im Bereich der Sonnenstra\u00dfe und an der Ecke Blumen-\/Wallstra\u00dfe zur Errichtung der neuen Erweiterungsbauwerke (Grafik: SWM\/MVG)<\/p>\n<\/div>\n<p>Ab Montag, 13. Februar wird im Bereich der Nu\u00dfbaumstra\u00dfe an der Verlegung der Sonnenstra\u00dfe gearbeitet.<br \/>\nAb 10. April wird die Sonnenstra\u00dfe in Richtung Blumenstra\u00dfe dann rund um die Trambahn-Brunnenschleife verlegt, um direkt neben der Trambahnhaltestelle der Linien 16-18 die Baugrube f\u00fcr das Erweiterungsbauwerk einzurichten. F\u00fcr gut zwei Jahre wird der Autoverkehr dann am Fu\u00dfe der Matth\u00e4uskirche vorbeigeleitet. Vereinzelt sind weniger Spuren f\u00fcr den Autoverkehr vorhanden. Der Ausgang zur Sonnenstra\u00dfe muss gesperrt werden, solange an der Baugrube f\u00fcr das Erweiterungsbauwerk gearbeitet wird.<br \/>\nZudem beginnt die Sanierung des Bauwerkdeckels, sowie der Fugen, die wie an vielen anderen U-Bahnh\u00f6fen durch eindringende Chloride in Mitleidenschaft gezogen wurden.<br \/>\nBereits in diesem Jahr werden die Aufg\u00e4nge zur Trambahn erneuert.<\/p>\n<div id=\"attachment_11017\" style=\"width: 576px\" class=\"wp-caption aligncenter\"><a href=\"http:\/\/www.tramreport.de\/wp-content\/uploads\/2017\/02\/Tramreport_Sendlinger_Tor_Umbau_Verkehrsf\u00fchrung_SWM_MVG.pdf\"><img decoding=\"async\" src=\"http:\/\/www.tramreport.de\/wp-content\/uploads\/2017\/02\/Tramreport_Sendlinger_Tor_Umbau_Verkehrsf\u00fchrung_SWM_MVG-605x425.png\" alt=\"Ge\u00e4nderte Verkehrsf\u00fchrung ab den Osterferien: Zwischen Brunnenschleife und Matth\u00e4uskirche wird der Autoverkehr der Sonnenstra\u00dfe provisorisch nach S\u00fcden gef\u00fchrt (Grafik: SWM\/MVG)\" width=\"605\" class=\"size-medium wp-image-11017\"><\/a><\/p>\n<p class=\"wp-caption-text\">Ge\u00e4nderte Verkehrsf\u00fchrung ab den Osterferien: Zwischen Brunnenschleife und Matth\u00e4uskirche wird der Autoverkehr der Sonnenstra\u00dfe provisorisch nach S\u00fcden gef\u00fchrt (Grafik: SWM\/MVG)<\/p>\n<\/div>\n<p>Ab 2018 geht es mit dem Rohbau der Erweiterungsbauwerke weiter. Au\u00dferdem wird der Aufzug in der Trambahnschleife erneuert. Zeitgleich werden im Herbst die Trambahnschienen \u00fcber die Lindwurmstra\u00dfe ausgetauscht. Im Sperrengescho\u00df und auf den Bahnsteigebenen werden ab 2018 nach und nach die Verkleidungen mittels Wanderbaustelle ausgetauscht. Auf der U1\/2\/7\/8-Ebene werden 2018 die neuen Zug\u00e4nge angebunden.<\/p>\n<p>Sobald 2019 das neue Erweiterungsbauwerk ins Sperrengeschoss fertiggestellt ist und auch der Bypass in Betrieb genommen werden kann, starten die Arbeiten an der Treppenanlage. Weitere Aufg\u00e4nge m\u00fcssen zwischen 2019 und 2020 w\u00e4hrend ihrer Erneuerung gesperrt werden, der Aufgang zur Sonnenstra\u00dfe wird wieder ge\u00f6ffnet. Der bestehende Aufzug zur Kreissparkasse wird zus\u00e4tzlich ausgetauscht.<\/p>\n<p>In den Jahren 2021 und 2022 wird das Erweiterungsbauwerk zur Blumenstra\u00dfe in Betrieb genommen und die beiden Aufz\u00fcge von der U1\/2\/7\/8-Ebene auf den Sendlinger-Tor-Platz verl\u00e4ngert.<br \/>\nAu\u00dferdem werden die neuen Ladenfl\u00e4chen eingerichtet und der Treppendreh abgeschlossen.<\/p>\n<p>Ab April wird ein Infocontainer f\u00fcr die Fahrg\u00e4ste eingerichtet, in dem man sich \u00fcber Details zum Bauablauf, aber auch den Bautechniken informieren kann.<\/p>\n<h3>Gibt es Einschr\u00e4nkungen beim U-Bahn-Betrieb?<\/h3>\n<p>Auch wenn die Arbeiten unter rollendem Rad stattfinden und auch aus diesem Grund so viel Zeit in Anspruch nehmen, wird die Baustelle nicht nur zu verl\u00e4ngerten Umsteigewegen f\u00fchren. Mittels eingleisigem Betrieb zu bestimmten Zeiten bleibt der U-Bahnhof weiter erreichbar, f\u00fchrt aber zu Einschr\u00e4nkungen im Intervall der Linien.<br \/>\nAb 9. April verkehren die U-Bahnlinien U1 und U2 abends ab 22 Uhr nur im 20-Minuten-Takt. Ab Juli werden diese Einschr\u00e4nkungen auch auf die Wochenenden ausgeweitet. Allerdings soll abseits des Sendlinger Tors ein normaler Takt angeboten werden, diese Z\u00fcge sollen dann vorzeitig wenden.<\/p>\n<h3>Wie wirkt sich der Umbau auf den Betrieb der Trambahn aus?<\/h3>\n<p><a data-flickr-embed=\"true\" href=\"https:\/\/www.flickr.com\/photos\/52174721@N03\/8135213360\/\" title=\"Die Brunnenschleife wird ab den Osterferien erneuert, im Sommer folgen dann die Durchfahrtsgleise. Allerdings wird die Anlage nicht erweitert (Bild: Marian Hergesell)\"><img decoding=\"async\" src=\"https:\/\/c1.staticflickr.com\/9\/8185\/8135213360_fbf47a72ea_z.jpg\" width=\"566\" alt=\"Die Brunnenschleife wird ab den Osterferien erneuert, im Sommer folgen dann die Durchfahrtsgleise. Allerdings wird die Anlage nicht erweitert (Bild: Marian Hergesell)\"><\/a><br \/>\n<em>Die Brunnenschleife wird ab den Osterferien erneuert, im Sommer folgen dann die Durchfahrtsgleise. Allerdings wird die Anlage nicht erweitert (Bild: Marian Hergesell)<\/em><\/p>\n<p>Ab Montag, 10. April wird die <a href=\"http:\/\/www.tramreport.de\/2016\/12\/22\/sendlinger-tor-brunnenschleife-eingeschraenkt-befahrbar\/\" target=\"_blank\">ohnehin sanierungsbed\u00fcrftige Brunnenschleife<\/a> der Linien 27\/28 bis Mitte Juni im Bestand erneuert. Wie bereits im vergangenen Jahr plant man, die beiden Linien mit den Tramlinien 20 und 21 zu verbinden. Ab Juni bis zum Ende der Sommerferien sind dann die Schienen im Bereich der Haltestelle zum Austausch vorgesehen. Zwar kann weiter eine Verbindung in die M\u00fcllerstra\u00dfe durch die Fahrt \u00fcber die Brunnenschleife angeboten werden, es sollen jedoch nicht alle drei Linien \u00fcber die Schleife gef\u00fchrt werden.<br \/>\nIm Herbst 2018 wird die \u00dcberfahrt Lindwurmstra\u00dfe erneuert und dabei eine Vollsperrung der Strecken zum Ostfriedhof und zum Isartor bedingen.<\/p>\n<p>\u00dcbrigens wird der Umbau entgegen anf\u00e4nglicher Planungen nicht genutzt, um die \u00fcberlasteten Haltestellen der Trambahnen, sowie ihre Zugangsbauwerke zum U-Bahnhof zu erweitern, sondern werden nur wie bestehend erneuert. Erh\u00f6hte oder verl\u00e4ngerte Bahnsteige, vorbereitet f\u00fcr den Einsatz l\u00e4ngerer oder im dichteren Takt verkehrender Trambahnen, sind also nicht zu erwarten. Auch kann die Anlage damit nicht barrierefrei ausgestaltet werden.<\/p>\n","protected":false},"excerpt":{"rendered":"<p>Der bayerischen Landeshauptstadt stehen in den kommenden Jahren zahlreiche Bauarbeiten und daraus bedingend nat\u00fcrlich auch Einschr\u00e4nkungen ins Haus. Nicht nur der Baubeginn bei der 2. S-Bahn-Stammstrecke in gut zwei Monaten und der daraus resultierende Komplettumbau des Hauptbahnhofs f\u00fchrt \u00fcber Jahre f\u00fcr die Fahrg\u00e4ste zu Beeintr\u00e4chtigungen, auch der U-Bahn-Knotenpunkt am Sendlinger Tor wird in den kommenden [&hellip;]<\/p>\n","protected":false},"author":6,"featured_media":0,"comment_status":"open","ping_status":"open","sticky":false,"template":"","format":"standard","meta":{"advanced_seo_description":"","jetpack_seo_html_title":"","jetpack_seo_noindex":false,"jetpack_seo_schema_type":"","_jetpack_newsletter_access":"","_jetpack_dont_email_post_to_subs":true,"_jetpack_newsletter_tier_id":0,"_jetpack_memberships_contains_paywalled_content":false,"_jetpack_feature_clip_id":0,"_jetpack_memberships_contains_paid_content":false,"footnotes":"","jetpack_post_was_ever_published":false},"categories":[3,2],"tags":[],"class_list":["post-484","post","type-post","status-publish","format-standard","hentry","category-storungen-und-bauarbeiten","category-u-bahnhofe"],"jetpack_shortlink":"https:\/\/wp.me\/p87CPJ-7O","jetpack-related-posts":[{"id":532,"url":"https:\/\/www.u-bahn-muenchen.de\/blog\/2019\/11\/sendlinger-tor-umbau-nimmt-gestalt-an\/","url_meta":{"origin":484,"position":0},"title":"Sendlinger Tor: der Umbau nimmt Gestalt an","author":"Florian Sch\u00fctz","date":"3. November 2019","format":false,"excerpt":"Seit dem Jahr 2017 wird der U-Bahnhof am Sendlinger Tor umgebaut und erweitert. Bisher waren f\u00fcr Fahrg\u00e4ste der U-Bahn und alle, die gleich mit welchem Verkehrsmittel irgendwie am Sendlinger Tor vorbei mussten, prim\u00e4r die Einschr\u00e4nkungen und Baustellenfl\u00e4chen sichtbar. Allm\u00e4hlich \u00e4ndert sich das. [img id=zza_se_bauarbeiten_pendelbetrieb align=right]Seit einigen Tagen kann man bereits\u2026","rel":"","context":"In &quot;St\u00f6rungen und Bauarbeiten&quot;","block_context":{"text":"St\u00f6rungen und Bauarbeiten","link":"https:\/\/www.u-bahn-muenchen.de\/blog\/category\/storungen-und-bauarbeiten\/"},"img":{"alt_text":"","src":"","width":0,"height":0},"classes":[]},{"id":755,"url":"https:\/\/www.u-bahn-muenchen.de\/blog\/2021\/06\/terminhinweis-virtuelle-infoveranstaltung-sendlinger-tor\/","url_meta":{"origin":484,"position":1},"title":"Terminhinweis: Virtuelle Infoveranstaltung Sendlinger Tor","author":"Florian Sch\u00fctz","date":"13. Juni 2021","format":false,"excerpt":"Am\u00a0Donnerstag, 24.06.2021 um 18.30 Uhr\u00a0l\u00e4dt die M\u00fcnchner Verkehrsgesellschaft zu einem virtuellen Informationsabend ein, um den aktuellen Zwischenstand der laufenden Erweiterungs- und Sanierungsarbeiten am U-Bahnhof [bflink id=SE] vorzustellen. Seit M\u00e4rz 2017 wird der U-Bahnhof Sendlinger Tor unter laufendem Betrieb umgebaut. Alle drei Ebenen werden komplett saniert, modernisiert, umgestaltet, barrierefrei ausgebaut, brandschutztechnisch\u2026","rel":"","context":"In &quot;St\u00f6rungen und Bauarbeiten&quot;","block_context":{"text":"St\u00f6rungen und Bauarbeiten","link":"https:\/\/www.u-bahn-muenchen.de\/blog\/category\/storungen-und-bauarbeiten\/"},"img":{"alt_text":"","src":"","width":0,"height":0},"classes":[]},{"id":574,"url":"https:\/\/www.u-bahn-muenchen.de\/blog\/2020\/07\/neue-weichen-an-der-muenchner-freiheit-unterbrechung-der-u3-u6-bis-18-september\/","url_meta":{"origin":484,"position":2},"title":"Neue Weichen an der M\u00fcnchner Freiheit: Unterbrechung der U3\/U6 bis 18. September","author":"Florian Sch\u00fctz","date":"12. Juli 2020","format":false,"excerpt":"In den kommenden zehn Wochen erneuert die MVG auf der S\u00fcdseite des U-Bahnhofs M\u00fcnchner Freiheit in Schwabing neun Weichen. Die U-Bahnlinien U3 und U6 m\u00fcssen deshalb unterbrochen werden. Der Abschnitt Universit\u00e4t \u2013 Giselastra\u00dfe \u2013 M\u00fcnchner Freiheit ist von Montag, 13. Juli bis einschlie\u00dflich Freitag, 18. September voll gesperrt. [img id=mu-weichenbau-infotafel\u2026","rel":"","context":"In &quot;Betrieb&quot;","block_context":{"text":"Betrieb","link":"https:\/\/www.u-bahn-muenchen.de\/blog\/category\/betrieb\/"},"img":{"alt_text":"","src":"","width":0,"height":0},"classes":[]},{"id":325,"url":"https:\/\/www.u-bahn-muenchen.de\/blog\/2012\/04\/machbarkeitsstudie-erweiterung-u-bahnhof-sendlinger-tor\/","url_meta":{"origin":484,"position":3},"title":"Machbarkeitsstudie Erweiterung U-Bahnhof Sendlinger Tor","author":"Boris Merath","date":"11. April 2012","format":false,"excerpt":"Aufgrund von Sch\u00e4den am Bauwerk sowie Kapazit\u00e4tsengp\u00e4ssen im zentralen Umsteigebereich soll der Bahnhof [bflink id=SE] saniert und umfassend durch neue Treppenanlagen erweitert werden. In einem Pressegespr\u00e4ch gab die MVG heute die Ergebnisse einer Machbarkeitsstudie zur Kapazit\u00e4tserweiterung bekannt. Der U-Bahnhof Sendlinger Tor ist mit f\u00fcnf U-Bahn-Linien, 145000 Fahrg\u00e4sten, die dort t\u00e4glich\u2026","rel":"","context":"In &quot;St\u00f6rungen und Bauarbeiten&quot;","block_context":{"text":"St\u00f6rungen und Bauarbeiten","link":"https:\/\/www.u-bahn-muenchen.de\/blog\/category\/storungen-und-bauarbeiten\/"},"img":{"alt_text":"","src":"","width":0,"height":0},"classes":[]},{"id":788,"url":"https:\/\/www.u-bahn-muenchen.de\/blog\/2021\/06\/infoveranstaltung-sendlinger-tor\/","url_meta":{"origin":484,"position":4},"title":"Infoveranstaltung Sendlinger Tor","author":"Florian Sch\u00fctz","date":"24. Juni 2021","format":false,"excerpt":"Am 24. Juni lud die M\u00fcnchner Verkehrsgesellschaft zu einer virtuellen Informationsveranstaltung zum Fortschritt der seit 2017 bestehendenden Baustelle am Sendlinger Tor. Dort wird unter laufenden Betrieb eine Komplettsanierung und Erweiterung des U-Bahnhofs umgesetzt. Virtuelle Baustellenf\u00fchrung [img id=su_sonnenstrasse_4 align=right]Die Projektleiter Andreas Schmid, Barbara Mittermeier und Kerstin Scholber erl\u00e4uterten zun\u00e4chst die Gr\u00fcnde\u2026","rel":"","context":"In &quot;St\u00f6rungen und Bauarbeiten&quot;","block_context":{"text":"St\u00f6rungen und Bauarbeiten","link":"https:\/\/www.u-bahn-muenchen.de\/blog\/category\/storungen-und-bauarbeiten\/"},"img":{"alt_text":"","src":"","width":0,"height":0},"classes":[]},{"id":104,"url":"https:\/\/www.u-bahn-muenchen.de\/blog\/2010\/08\/fraunhoferstrasse-und-hohenzollernplatz-anstehende-bauarbeiten\/","url_meta":{"origin":484,"position":5},"title":"Fraunhoferstra\u00dfe und Hohenzollernplatz: Anstehende Bauarbeiten","author":"Florian Sch\u00fctz","date":"4. August 2010","format":false,"excerpt":"Neben der Erneuerung der Rolltreppen an vielen Bahnh\u00f6fen inklusive der zeitweiligen Sperrung des Bahnhofs [bflink id=FH] m\u00fcssen demn\u00e4chst auch die Pfeilerverkleidungen am [bflink id=HZ] erneuert werden. Viele der M\u00fcnchner U-Bahnh\u00f6fe sind mittlerweile angesichts ihres Alters von 30 Jahren und mehr sanierungsbed\u00fcrftig. Am [bflink id=MP] wurde im Zuge des Neubaus der\u2026","rel":"","context":"In &quot;St\u00f6rungen und Bauarbeiten&quot;","block_context":{"text":"St\u00f6rungen und Bauarbeiten","link":"https:\/\/www.u-bahn-muenchen.de\/blog\/category\/storungen-und-bauarbeiten\/"},"img":{"alt_text":"","src":"","width":0,"height":0},"classes":[]}],"jetpack_sharing_enabled":true,"jetpack_featured_media_url":"","_links":{"self":[{"href":"https:\/\/www.u-bahn-muenchen.de\/blog\/wp-json\/wp\/v2\/posts\/484","targetHints":{"allow":["GET"]}}],"collection":[{"href":"https:\/\/www.u-bahn-muenchen.de\/blog\/wp-json\/wp\/v2\/posts"}],"about":[{"href":"https:\/\/www.u-bahn-muenchen.de\/blog\/wp-json\/wp\/v2\/types\/post"}],"author":[{"embeddable":true,"href":"https:\/\/www.u-bahn-muenchen.de\/blog\/wp-json\/wp\/v2\/users\/6"}],"replies":[{"embeddable":true,"href":"https:\/\/www.u-bahn-muenchen.de\/blog\/wp-json\/wp\/v2\/comments?post=484"}],"version-history":[{"count":4,"href":"https:\/\/www.u-bahn-muenchen.de\/blog\/wp-json\/wp\/v2\/posts\/484\/revisions"}],"predecessor-version":[{"id":488,"href":"https:\/\/www.u-bahn-muenchen.de\/blog\/wp-json\/wp\/v2\/posts\/484\/revisions\/488"}],"wp:attachment":[{"href":"https:\/\/www.u-bahn-muenchen.de\/blog\/wp-json\/wp\/v2\/media?parent=484"}],"wp:term":[{"taxonomy":"category","embeddable":true,"href":"https:\/\/www.u-bahn-muenchen.de\/blog\/wp-json\/wp\/v2\/categories?post=484"},{"taxonomy":"post_tag","embeddable":true,"href":"https:\/\/www.u-bahn-muenchen.de\/blog\/wp-json\/wp\/v2\/tags?post=484"}],"curies":[{"name":"wp","href":"https:\/\/api.w.org\/{rel}","templated":true}]}}