{"id":454,"date":"2016-11-17T19:39:25","date_gmt":"2016-11-17T18:39:25","guid":{"rendered":"http:\/\/www.muenchnerubahn.de\/blog\/?p=454"},"modified":"2021-05-21T21:35:07","modified_gmt":"2021-05-21T19:35:07","slug":"jetzt-auch-auf-instagram","status":"publish","type":"post","link":"https:\/\/www.u-bahn-muenchen.de\/blog\/2016\/11\/jetzt-auch-auf-instagram\/","title":{"rendered":"Jetzt auch auf Instagram"},"content":{"rendered":"<p>Nachdem es diese Website seit \u00fcber 10 Jahren gibt und seit einiger Zeit auch auf <a href=\"https:\/\/www.facebook.com\/muenchnerubahn\/\" target=\"_blank\" rel=\"noopener\">Facebook<\/a> und <a href=\"https:\/\/twitter.com\/muenchnerubahn\" target=\"_blank\" rel=\"noopener\">Twitter<\/a> aktuelle Infos verf\u00fcgbar sind, gibt es seit 16. November auch eine Pr\u00e4senz auf Instagram: <a href=\"https:\/\/www.instagram.com\/muenchnerubahn\/\" target=\"_blank\" rel=\"noopener\">www.instagram.com\/muenchnerubahn<\/a><\/p>\n<p>Dort wird es eine Auswahl der sch\u00f6nsten Bilder aus der M\u00fcnchner U-Bahn, aktuelle Infos und ab und an auch mal den Blick \u00fcber den Tellerrand geben.<\/p>\n<p>Schaut daher gerne mal auf <a href=\"https:\/\/www.instagram.com\/muenchnerubahn\/\" target=\"_blank\" rel=\"noopener\">Instagram<\/a> vorbei, hier schon mal ein paar Impressionen:<\/p>\n<blockquote class=\"instagram-media\" data-instgrm-captioned=\"\" data-instgrm-version=\"7\" style=\" background:#FFF; border:0; border-radius:3px; box-shadow:0 0 1px 0 rgba(0,0,0,0.5),0 1px 10px 0 rgba(0,0,0,0.15); margin: 1px; min-height: 420px; max-width:49%; float:left; padding:0; width:99.375%; width:-webkit-calc(100% - 2px); width:calc(100% - 2px);\">\n<div style=\"padding:8px;\">\n<div style=\" background:#F8F8F8; line-height:0; margin-top:40px; padding:33.2407407407% 0; text-align:center; width:100%;\">\n<div style=\" background:url(data:image\/png;base64,iVBORw0KGgoAAAANSUhEUgAAACwAAAAsCAMAAAApWqozAAAABGdBTUEAALGPC\/xhBQAAAAFzUkdCAK7OHOkAAAAMUExURczMzPf399fX1+bm5mzY9AMAAADiSURBVDjLvZXbEsMgCES5\/P8\/t9FuRVCRmU73JWlzosgSIIZURCjo\/ad+EQJJB4Hv8BFt+IDpQoCx1wjOSBFhh2XssxEIYn3ulI\/6MNReE07UIWJEv8UEOWDS88LY97kqyTliJKKtuYBbruAyVh5wOHiXmpi5we58Ek028czwyuQdLKPG1Bkb4NnM+VeAnfHqn1k4+GPT6uGQcvu2h2OVuIf\/gWUFyy8OWEpdyZSa3aVCqpVoVvzZZ2VTnn2wU8qzVjDDetO90GSy9mVLqtgYSy231MxrY6I2gGqjrTY0L8fxCxfCBbhWrsYYAAAAAElFTkSuQmCC); display:block; height:44px; margin:0 auto -44px; position:relative; top:-22px; width:44px;\"><\/div>\n<\/div>\n<p style=\" margin:8px 0 0 0; padding:0 4px;\"> <a href=\"https:\/\/www.instagram.com\/p\/BM3PQSvAzKK\/\" style=\" color:#000; font-family:Arial,sans-serif; font-size:14px; font-style:normal; font-weight:normal; line-height:17px; text-decoration:none; word-wrap:break-word;\" target=\"_blank\" rel=\"noopener\">#u-Bahn #muc #m\u00fcnchen #subway<\/a><\/p>\n<p style=\" color:#c9c8cd; font-family:Arial,sans-serif; font-size:14px; line-height:17px; margin-bottom:0; margin-top:8px; overflow:hidden; padding:8px 0 7px; text-align:center; text-overflow:ellipsis; white-space:nowrap;\">Ein von M\u00fcnchner U-Bahn (@muenchnerubahn) gepostetes Foto am <time style=\" font-family:Arial,sans-serif; font-size:14px; line-height:17px;\" datetime=\"2016-11-16T07:44:30+00:00\">15. Nov 2016 um 23:44 Uhr<\/time><\/p>\n<\/div>\n<\/blockquote>\n<p><script async=\"\" defer=\"\" src=\"\/\/platform.instagram.com\/en_US\/embeds.js\"><\/script><\/p>\n<blockquote class=\"instagram-media\" data-instgrm-captioned=\"\" data-instgrm-version=\"7\" style=\" background:#FFF; border:0; border-radius:3px; box-shadow:0 0 1px 0 rgba(0,0,0,0.5),0 1px 10px 0 rgba(0,0,0,0.15); margin: 1px; min-height: 420px; max-width:49%; float:left;  padding:0; width:99.375%; width:-webkit-calc(100% - 2px); width:calc(100% - 2px);\">\n<div style=\"padding:8px;\">\n<div style=\" background:#F8F8F8; line-height:0; margin-top:40px; padding:33.2407407407% 0; text-align:center; width:100%;\">\n<div style=\" background:url(data:image\/png;base64,iVBORw0KGgoAAAANSUhEUgAAACwAAAAsCAMAAAApWqozAAAABGdBTUEAALGPC\/xhBQAAAAFzUkdCAK7OHOkAAAAMUExURczMzPf399fX1+bm5mzY9AMAAADiSURBVDjLvZXbEsMgCES5\/P8\/t9FuRVCRmU73JWlzosgSIIZURCjo\/ad+EQJJB4Hv8BFt+IDpQoCx1wjOSBFhh2XssxEIYn3ulI\/6MNReE07UIWJEv8UEOWDS88LY97kqyTliJKKtuYBbruAyVh5wOHiXmpi5we58Ek028czwyuQdLKPG1Bkb4NnM+VeAnfHqn1k4+GPT6uGQcvu2h2OVuIf\/gWUFyy8OWEpdyZSa3aVCqpVoVvzZZ2VTnn2wU8qzVjDDetO90GSy9mVLqtgYSy231MxrY6I2gGqjrTY0L8fxCxfCBbhWrsYYAAAAAElFTkSuQmCC); display:block; height:44px; margin:0 auto -44px; position:relative; top:-22px; width:44px;\"><\/div>\n<\/div>\n<p style=\" margin:8px 0 0 0; padding:0 4px;\"> <a href=\"https:\/\/www.instagram.com\/p\/BM6uizDgak0\/\" style=\" color:#000; font-family:Arial,sans-serif; font-size:14px; font-style:normal; font-weight:normal; line-height:17px; text-decoration:none; word-wrap:break-word;\" target=\"_blank\" rel=\"noopener\">#ubahn #igersmunich #metro #ubahnm\u00fcnchen #m\u00fcnchen #muc #blue #architecture #urban<\/a><\/p>\n<p style=\" color:#c9c8cd; font-family:Arial,sans-serif; font-size:14px; line-height:17px; margin-bottom:0; margin-top:8px; overflow:hidden; padding:8px 0 7px; text-align:center; text-overflow:ellipsis; white-space:nowrap;\">Ein von M\u00fcnchner U-Bahn (@muenchnerubahn) gepostetes Foto am <time style=\" font-family:Arial,sans-serif; font-size:14px; line-height:17px;\" datetime=\"2016-11-17T16:15:38+00:00\">17. Nov 2016 um 8:15 Uhr<\/time><\/p>\n<\/div>\n<\/blockquote>\n<p><script async=\"\" defer=\"\" src=\"\/\/platform.instagram.com\/en_US\/embeds.js\"><\/script><\/p>\n<blockquote class=\"instagram-media\" data-instgrm-captioned=\"\" data-instgrm-version=\"7\" style=\" background:#FFF; border:0; border-radius:3px; box-shadow:0 0 1px 0 rgba(0,0,0,0.5),0 1px 10px 0 rgba(0,0,0,0.15); margin: 1px; min-height: 420px; max-width:49%; float:left; adding:0; width:99.375%; width:-webkit-calc(100% - 2px); width:calc(100% - 2px);\">\n<div style=\"padding:8px;\">\n<div style=\" background:#F8F8F8; line-height:0; margin-top:40px; padding:37.4537037037% 0; text-align:center; width:100%;\">\n<div style=\" background:url(data:image\/png;base64,iVBORw0KGgoAAAANSUhEUgAAACwAAAAsCAMAAAApWqozAAAABGdBTUEAALGPC\/xhBQAAAAFzUkdCAK7OHOkAAAAMUExURczMzPf399fX1+bm5mzY9AMAAADiSURBVDjLvZXbEsMgCES5\/P8\/t9FuRVCRmU73JWlzosgSIIZURCjo\/ad+EQJJB4Hv8BFt+IDpQoCx1wjOSBFhh2XssxEIYn3ulI\/6MNReE07UIWJEv8UEOWDS88LY97kqyTliJKKtuYBbruAyVh5wOHiXmpi5we58Ek028czwyuQdLKPG1Bkb4NnM+VeAnfHqn1k4+GPT6uGQcvu2h2OVuIf\/gWUFyy8OWEpdyZSa3aVCqpVoVvzZZ2VTnn2wU8qzVjDDetO90GSy9mVLqtgYSy231MxrY6I2gGqjrTY0L8fxCxfCBbhWrsYYAAAAAElFTkSuQmCC); display:block; height:44px; margin:0 auto -44px; position:relative; top:-22px; width:44px;\"><\/div>\n<\/div>\n<p style=\" margin:8px 0 0 0; padding:0 4px;\"> <a href=\"https:\/\/www.instagram.com\/p\/BM5rB88AUq8\/\" style=\" color:#000; font-family:Arial,sans-serif; font-size:14px; font-style:normal; font-weight:normal; line-height:17px; text-decoration:none; word-wrap:break-word;\" target=\"_blank\" rel=\"noopener\">#igersmunich #train #movement #subway #ubahn #ubahnm\u00fcnchen #metro #green #m\u00fcnchen #muc<\/a><\/p>\n<p style=\" color:#c9c8cd; font-family:Arial,sans-serif; font-size:14px; line-height:17px; margin-bottom:0; margin-top:8px; overflow:hidden; padding:8px 0 7px; text-align:center; text-overflow:ellipsis; white-space:nowrap;\">Ein von M\u00fcnchner U-Bahn (@muenchnerubahn) gepostetes Foto am <time style=\" font-family:Arial,sans-serif; font-size:14px; line-height:17px;\" datetime=\"2016-11-17T06:25:41+00:00\">16. Nov 2016 um 22:25 Uhr<\/time><\/p>\n<\/div>\n<\/blockquote>\n<p><script async=\"\" defer=\"\" src=\"\/\/platform.instagram.com\/en_US\/embeds.js\"><\/script><\/p>\n<blockquote class=\"instagram-media\" data-instgrm-captioned=\"\" data-instgrm-version=\"7\" style=\" background:#FFF; border:0; border-radius:3px; box-shadow:0 0 1px 0 rgba(0,0,0,0.5),0 1px 10px 0 rgba(0,0,0,0.15); margin: 1px; min-height: 420px; max-width:49%; float:left; padding:0; width:99.375%; width:-webkit-calc(100% - 2px); width:calc(100% - 2px);\">\n<div style=\"padding:8px;\">\n<div style=\" background:#F8F8F8; line-height:0; margin-top:40px; padding:33.2407407407% 0; text-align:center; width:100%;\">\n<div style=\" background:url(data:image\/png;base64,iVBORw0KGgoAAAANSUhEUgAAACwAAAAsCAMAAAApWqozAAAABGdBTUEAALGPC\/xhBQAAAAFzUkdCAK7OHOkAAAAMUExURczMzPf399fX1+bm5mzY9AMAAADiSURBVDjLvZXbEsMgCES5\/P8\/t9FuRVCRmU73JWlzosgSIIZURCjo\/ad+EQJJB4Hv8BFt+IDpQoCx1wjOSBFhh2XssxEIYn3ulI\/6MNReE07UIWJEv8UEOWDS88LY97kqyTliJKKtuYBbruAyVh5wOHiXmpi5we58Ek028czwyuQdLKPG1Bkb4NnM+VeAnfHqn1k4+GPT6uGQcvu2h2OVuIf\/gWUFyy8OWEpdyZSa3aVCqpVoVvzZZ2VTnn2wU8qzVjDDetO90GSy9mVLqtgYSy231MxrY6I2gGqjrTY0L8fxCxfCBbhWrsYYAAAAAElFTkSuQmCC); display:block; height:44px; margin:0 auto -44px; position:relative; top:-22px; width:44px;\"><\/div>\n<\/div>\n<p style=\" margin:8px 0 0 0; padding:0 4px;\"> <a href=\"https:\/\/www.instagram.com\/p\/BM4pOSDAaDZ\/\" style=\" color:#000; font-family:Arial,sans-serif; font-size:14px; font-style:normal; font-weight:normal; line-height:17px; text-decoration:none; word-wrap:break-word;\" target=\"_blank\" rel=\"noopener\">#ubahnm\u00fcnchen #ubahn #m\u00fcnchen #muc #subway #metro #igersmunich #marienplatz #red<\/a><\/p>\n<p style=\" color:#c9c8cd; font-family:Arial,sans-serif; font-size:14px; line-height:17px; margin-bottom:0; margin-top:8px; overflow:hidden; padding:8px 0 7px; text-align:center; text-overflow:ellipsis; white-space:nowrap;\">Ein von M\u00fcnchner U-Bahn (@muenchnerubahn) gepostetes Foto am <time style=\" font-family:Arial,sans-serif; font-size:14px; line-height:17px;\" datetime=\"2016-11-16T20:50:39+00:00\">16. Nov 2016 um 12:50 Uhr<\/time><\/p>\n<\/div>\n<\/blockquote>\n<p><script async=\"\" defer=\"\" src=\"\/\/platform.instagram.com\/en_US\/embeds.js\"><\/script><\/p>\n","protected":false},"excerpt":{"rendered":"<p>Nachdem es diese Website seit \u00fcber 10 Jahren gibt und seit einiger Zeit auch auf Facebook und Twitter aktuelle Infos verf\u00fcgbar sind, gibt es seit 16. November auch eine Pr\u00e4senz auf Instagram: www.instagram.com\/muenchnerubahn Dort wird es eine Auswahl der sch\u00f6nsten Bilder aus der M\u00fcnchner U-Bahn, aktuelle Infos und ab und an auch mal den Blick [&hellip;]<\/p>\n","protected":false},"author":2,"featured_media":0,"comment_status":"open","ping_status":"open","sticky":false,"template":"","format":"standard","meta":{"advanced_seo_description":"","jetpack_seo_html_title":"","jetpack_seo_noindex":false,"jetpack_seo_schema_type":"","_jetpack_newsletter_access":"","_jetpack_dont_email_post_to_subs":true,"_jetpack_newsletter_tier_id":0,"_jetpack_memberships_contains_paywalled_content":false,"_jetpack_feature_clip_id":0,"_jetpack_memberships_contains_paid_content":false,"footnotes":"","jetpack_post_was_ever_published":false},"categories":[1],"tags":[],"class_list":["post-454","post","type-post","status-publish","format-standard","hentry","category-ueber"],"jetpack_shortlink":"https:\/\/wp.me\/p87CPJ-7k","jetpack-related-posts":[{"id":805,"url":"https:\/\/www.u-bahn-muenchen.de\/blog\/2021\/06\/u5-pasing-bund-sagt-foerdergelder-zu\/","url_meta":{"origin":454,"position":0},"title":"U5 Pasing: Bund sagt F\u00f6rdergelder zu","author":"Florian Sch\u00fctz","date":"29. Juni 2021","format":false,"excerpt":"Die Verl\u00e4ngerung der U5 vom Laimer Platz nach Pasing ist einen Schritt n\u00e4her am Baubeginn: Das Bundesministerium f\u00fcr Verkehr und digitale Infrastruktur hat mit Schreiben vom 28. Juni an Oberb\u00fcrgermeister Dieter Reiter F\u00f6rdermittel des Bundes f\u00fcr die Verl\u00e4ngerung der U-Bahn-Linie U5 vom Laimer Platz bis Pasing zugesagt.\u00a0 [img id=netz-u5 align=right\u2026","rel":"","context":"In &quot;Netz&quot;","block_context":{"text":"Netz","link":"https:\/\/www.u-bahn-muenchen.de\/blog\/category\/netz\/"},"img":{"alt_text":"","src":"","width":0,"height":0},"classes":[]},{"id":3,"url":"https:\/\/www.u-bahn-muenchen.de\/blog\/2007\/01\/was-ist-ein-u-bahn-blog\/","url_meta":{"origin":454,"position":1},"title":"Was ist ein U-Bahn-Blog?","author":"Florian Sch\u00fctz","date":"14. Januar 2007","format":false,"excerpt":"Das ist eine sehr gute Frage, die ich mir im Vorfeld dieses Blogs mehrfach gestellt habe. Es gibt da einen mehr oder minder gelungenen Vetter dieser Idee, allerdings will ich in eine andere Richtung gehen. Das Hauptaugenmerk meiner U-Bahn-Seite liegt ja im rein deskriptiven Beschreiben der Bahnh\u00f6fe und des U-Bahn-Netzes,\u2026","rel":"","context":"In &quot;\u00dcber muenchnerubahn.de&quot;","block_context":{"text":"\u00dcber muenchnerubahn.de","link":"https:\/\/www.u-bahn-muenchen.de\/blog\/category\/ueber\/"},"img":{"alt_text":"","src":"","width":0,"height":0},"classes":[]},{"id":4,"url":"https:\/\/www.u-bahn-muenchen.de\/blog\/2007\/01\/munchens-schonster-u-bahnhof\/","url_meta":{"origin":454,"position":2},"title":"M\u00fcnchens sch\u00f6nster U-Bahnhof?","author":"Florian Sch\u00fctz","date":"15. Januar 2007","format":false,"excerpt":"Ich werde immer wieder gefragt, was ich f\u00fcr M\u00fcnchens sch\u00f6nsten U-Bahnhof halte. Aber ich bin ehrlich gesagt nicht in der Lage, darauf eine definitive Antwort zu geben. M\u00fcnchen hat einfach zu viele sch\u00f6ne U-Bahnh\u00f6fe! Ich versuche mich hier mal in einer kleinen Aufz\u00e4hlung. [img id=gb_5 align=right] Georg-Brauchle-Ring Die Abendzeitung hat\u2026","rel":"","context":"In &quot;U-Bahnh\u00f6fe&quot;","block_context":{"text":"U-Bahnh\u00f6fe","link":"https:\/\/www.u-bahn-muenchen.de\/blog\/category\/u-bahnhofe\/"},"img":{"alt_text":"","src":"","width":0,"height":0},"classes":[]},{"id":14,"url":"https:\/\/www.u-bahn-muenchen.de\/blog\/2008\/12\/presseschau\/","url_meta":{"origin":454,"position":3},"title":"Presseschau","author":"Florian Sch\u00fctz","date":"21. Dezember 2008","format":false,"excerpt":"[img id=muc-abc align=right]In der vergangenen Woche sa\u00df ich im B\u00fcro gerade in einer Besprechung, als ich einen Kollegen dabei beobachtete, wie er den Lokalteil der S\u00fcddeutschen Zeitung vom Dienstag auf meinen Schreibtisch legte. Nach der Besprechung erkannte ich dann auch schnell, weswegen er das getan hatte: auf der jetzt.m\u00fcnchen-Seite stand\u2026","rel":"","context":"In &quot;\u00dcber muenchnerubahn.de&quot;","block_context":{"text":"\u00dcber muenchnerubahn.de","link":"https:\/\/www.u-bahn-muenchen.de\/blog\/category\/ueber\/"},"img":{"alt_text":"","src":"","width":0,"height":0},"classes":[]},{"id":10,"url":"https:\/\/www.u-bahn-muenchen.de\/blog\/2007\/03\/nuernberg\/","url_meta":{"origin":454,"position":4},"title":"U-Bahn in N\u00fcrnberg und F\u00fcrth","author":"Florian Sch\u00fctz","date":"31. M\u00e4rz 2007","format":false,"excerpt":"Am vergangenen Donnerstag war ich mit zwei Freunden mal wieder in N\u00fcrnberg. Dieses Mal haben wir uns das ganze Netz mal am St\u00fcck angeschaut. Das schafft man ja bei nur zwei Linien in relativ kurzer Zeit. [img id=nbg_lorenzkirche align=right]Rein optisch ist in N\u00fcrnberg bei den meisten U-Bahnh\u00f6fen nicht viel geboten:\u2026","rel":"","context":"In &quot;Blick in die Ferne&quot;","block_context":{"text":"Blick in die Ferne","link":"https:\/\/www.u-bahn-muenchen.de\/blog\/category\/blick-in-die-ferne\/"},"img":{"alt_text":"","src":"","width":0,"height":0},"classes":[]},{"id":11,"url":"https:\/\/www.u-bahn-muenchen.de\/blog\/2007\/11\/wie-man-es-schafft-in-der-u-bahn-hemmungslos-angegafft-zu-werden\/","url_meta":{"origin":454,"position":5},"title":"Wie man es schafft, in der U-Bahn hemmungslos angegafft zu werden","author":"Florian Sch\u00fctz","date":"18. November 2007","format":false,"excerpt":"Gestern bin ich etwa f\u00fcnf Stunden durch den M\u00fcnchner Untergrund gefahren. Nun gut, das alleine ist nichts besonderes, die aktuell 1235 Bilder auf muenchnerubahn.de haben sich nicht von alleine geschossen. Allerdings hab ich w\u00e4hrend der f\u00fcnf Stunden den Zug nicht gewechselt. Ich war zwar ab und an mal kurz auf\u2026","rel":"","context":"In &quot;anderes&quot;","block_context":{"text":"anderes","link":"https:\/\/www.u-bahn-muenchen.de\/blog\/category\/anderes\/"},"img":{"alt_text":"","src":"","width":0,"height":0},"classes":[]}],"jetpack_sharing_enabled":true,"jetpack_featured_media_url":"","_links":{"self":[{"href":"https:\/\/www.u-bahn-muenchen.de\/blog\/wp-json\/wp\/v2\/posts\/454","targetHints":{"allow":["GET"]}}],"collection":[{"href":"https:\/\/www.u-bahn-muenchen.de\/blog\/wp-json\/wp\/v2\/posts"}],"about":[{"href":"https:\/\/www.u-bahn-muenchen.de\/blog\/wp-json\/wp\/v2\/types\/post"}],"author":[{"embeddable":true,"href":"https:\/\/www.u-bahn-muenchen.de\/blog\/wp-json\/wp\/v2\/users\/2"}],"replies":[{"embeddable":true,"href":"https:\/\/www.u-bahn-muenchen.de\/blog\/wp-json\/wp\/v2\/comments?post=454"}],"version-history":[{"count":14,"href":"https:\/\/www.u-bahn-muenchen.de\/blog\/wp-json\/wp\/v2\/posts\/454\/revisions"}],"predecessor-version":[{"id":703,"href":"https:\/\/www.u-bahn-muenchen.de\/blog\/wp-json\/wp\/v2\/posts\/454\/revisions\/703"}],"wp:attachment":[{"href":"https:\/\/www.u-bahn-muenchen.de\/blog\/wp-json\/wp\/v2\/media?parent=454"}],"wp:term":[{"taxonomy":"category","embeddable":true,"href":"https:\/\/www.u-bahn-muenchen.de\/blog\/wp-json\/wp\/v2\/categories?post=454"},{"taxonomy":"post_tag","embeddable":true,"href":"https:\/\/www.u-bahn-muenchen.de\/blog\/wp-json\/wp\/v2\/tags?post=454"}],"curies":[{"name":"wp","href":"https:\/\/api.w.org\/{rel}","templated":true}]}}