{"id":449,"date":"2016-11-04T23:11:00","date_gmt":"2016-11-04T22:11:00","guid":{"rendered":"http:\/\/www.muenchnerubahn.de\/blog\/?p=449"},"modified":"2016-12-11T17:26:25","modified_gmt":"2016-12-11T16:26:25","slug":"c2-fahrgasteinsatz-bis-grosshadern","status":"publish","type":"post","link":"https:\/\/www.u-bahn-muenchen.de\/blog\/2016\/11\/c2-fahrgasteinsatz-bis-grosshadern\/","title":{"rendered":"C2-Fahrgasteinsatz bis Gro\u00dfhadern"},"content":{"rendered":"<p>Mit der Genehmigung f\u00fcr den Fahrgastbetrieb der C2-Z\u00fcge auf der gesamten Strecke der Linie U6 konnte heute ein wichtiger Meilenstein erreicht werden. Die derzeit drei \u00fcblicherweise eingesetzten Z\u00fcge 701, 702 und 713 sind seit dem heutigen Freitagnachmittag im Planbetrieb zwischen Garching-Forschungszentrum und Klinikum Gro\u00dfhadern im Einsatz.<\/p>\n<p><a data-flickr-embed=\"true\"  href=\"https:\/\/www.flickr.com\/gp\/frederikb\/0Y6e16\" title=\"Erster Fahrgasteinsatz im Stadtzentrum: C2-Zug 713 erreicht auf der Fahrt nach Garching den U-Bahnhof Sendlinger Tor (Bild: Frederik Buchleitner)\"><img decoding=\"async\" src=\"https:\/\/c1.staticflickr.com\/6\/5442\/30147343104_4dddf0f057_z.jpg\" width=\"640\" alt=\"Erster Fahrgasteinsatz im Stadtzentrum: C2-Zug 713 erreicht auf der Fahrt nach Garching den U-Bahnhof Sendlinger Tor (Bild: Frederik Buchleitner)\"><\/a><br \/><em>Erster Fahrgasteinsatz im Stadtzentrum: C2-Zug 713 erreicht auf der Fahrt nach Garching den U-Bahnhof Sendlinger Tor (Bild: Frederik Buchleitner)<\/em><\/p>\n<p><a href=\"http:\/\/www.tramreport.de\/2016\/08\/20\/u-bahn-c2-probebetrieb-zur-muenchner-freiheit\/\" target=\"_blank\">Im August<\/a> konnte bereits das erste Teilst\u00fcck s\u00fcdlich des Kieferngartens bis zur M\u00fcnchner Freiheit zugelassen werden. Seit heute k\u00f6nnen die Z\u00fcge nun fahrplanm\u00e4\u00dfig auf normalen Kursen eingesetzt werden, der Probebetrieb zwischen den Kursen ist damit beendet. Der neue MVG-Gesch\u00e4ftsf\u00fchrer Ingo Wortmann hat <a href=\"http:\/\/www.tramreport.de\/2016\/10\/12\/neue-aera-wird-eingelaeutet-herbert-koenig-uebergibt-an-ingo-wortmann\/\" target=\"_blank\">bei seiner Vorstellung<\/a> bereits angek\u00fcndigt, alle Kr\u00e4fte auf eine m\u00f6glichst rasche Zulassung der C2-Z\u00fcge zu setzen, um insbesondere aufgrund des erh\u00f6hten Fahrzeugbedarfs im Rahmen der <a href=\"https:\/\/www.mvg.de\/betriebsaenderungen\/2016-10-31-u3.html\" target=\"_blank\">U3-Sperrung<\/a> die neuen Z\u00fcge endlich auch im regul\u00e4ren Betrieb einsetzen zu k\u00f6nnen. Nun steht neben der Zulassung f\u00fcr weitere Linien an vorderster Stelle nat\u00fcrlich die Anlieferung und die Zulassung weiterer Garnituren. <span id=\"more-10444\"><\/span><\/p>\n<p><a data-flickr-embed=\"true\"  href=\"https:\/\/www.flickr.com\/gp\/frederikb\/RCbJ69\" title=\"C2-Zug 701 f\u00e4hrt in den U-Bahnhof Marienplatz (Bild: Frederik Buchleitner)\"><img decoding=\"async\" src=\"https:\/\/c4.staticflickr.com\/6\/5450\/30143423083_f9d9cc7737_z.jpg\" width=\"640\" alt=\"C2-Zug 701 f\u00e4hrt in den U-Bahnhof Marienplatz (Bild: Frederik Buchleitner)\"><\/a><br \/><em>C2-Zug 701 f\u00e4hrt in den U-Bahnhof Marienplatz (Bild: Frederik Buchleitner)<\/em><\/p>\n<p><a data-flickr-embed=\"true\"  href=\"https:\/\/www.flickr.com\/gp\/frederikb\/71Yuyr\" title=\"C2-Zug 713 an der Implerstra\u00dfe auf der Fahrt nach Gro\u00dfhadern (Bild: Frederik Buchleitner)\"><img decoding=\"async\" src=\"https:\/\/c5.staticflickr.com\/6\/5809\/30147355684_b126ea2096_z.jpg\" width=\"640\" alt=\"C2-Zug 713 an der Implerstra\u00dfe auf der Fahrt nach Gro\u00dfhadern (Bild: Frederik Buchleitner)\"><\/a><br \/><em>C2-Zug 713 an der Implerstra\u00dfe auf der Fahrt nach Gro\u00dfhadern (Bild: Frederik Buchleitner)<\/em><\/p>\n<p><a data-flickr-embed=\"true\"  href=\"https:\/\/www.flickr.com\/gp\/frederikb\/9u8H03\" title=\"C2-Zug 701 am Sendlinger Tor (Bild: Frederik Buchleitner)\"><img decoding=\"async\" src=\"https:\/\/c2.staticflickr.com\/6\/5527\/30778929265_8ed56ff1cc_z.jpg\" width=\"640\" alt=\"C2-Zug 701 am Sendlinger Tor (Bild: Frederik Buchleitner)\"><\/a><br \/><em>C2-Zug 701 am Sendlinger Tor (Bild: Frederik Buchleitner)<\/em><\/p>\n","protected":false},"excerpt":{"rendered":"<p>Mit der Genehmigung f\u00fcr den Fahrgastbetrieb der C2-Z\u00fcge auf der gesamten Strecke der Linie U6 konnte heute ein wichtiger Meilenstein erreicht werden. Die derzeit drei \u00fcblicherweise eingesetzten Z\u00fcge 701, 702 und 713 sind seit dem heutigen Freitagnachmittag im Planbetrieb zwischen Garching-Forschungszentrum und Klinikum Gro\u00dfhadern im Einsatz. Erster Fahrgasteinsatz im Stadtzentrum: C2-Zug 713 erreicht auf der [&hellip;]<\/p>\n","protected":false},"author":6,"featured_media":0,"comment_status":"open","ping_status":"open","sticky":false,"template":"","format":"standard","meta":{"advanced_seo_description":"","jetpack_seo_html_title":"","jetpack_seo_noindex":false,"jetpack_seo_schema_type":"","_jetpack_newsletter_access":"","_jetpack_dont_email_post_to_subs":true,"_jetpack_newsletter_tier_id":0,"_jetpack_memberships_contains_paywalled_content":false,"_jetpack_feature_clip_id":0,"_jetpack_memberships_contains_paid_content":false,"footnotes":"","jetpack_post_was_ever_published":false},"categories":[11],"tags":[],"class_list":["post-449","post","type-post","status-publish","format-standard","hentry","category-fahrzeuge"],"jetpack_shortlink":"https:\/\/wp.me\/p87CPJ-7f","jetpack-related-posts":[{"id":852,"url":"https:\/\/www.u-bahn-muenchen.de\/blog\/2021\/08\/c2-einsatz-seit-heute-auch-auf-der-u1\/","url_meta":{"origin":449,"position":0},"title":"C2-Einsatz seit heute auch auf der U1","author":"Florian Sch\u00fctz","date":"18. August 2021","format":false,"excerpt":"Nachdem die C2-Z\u00fcge bisher nur auf der U2, U3 und U6 anzutreffen waren, sind sie seit dem heutigen Tag auch auf der U1 zugelassen. Seit der Pr\u00e4sentation des ersten C2-Zuges im Februar 2014 am [bflink id=GB] waren keine C2-Z\u00fcge mehr im regul\u00e4ren Betrieb auf der U1. Hintergrund zum Zulassungsverfahren [img\u2026","rel":"","context":"In &quot;Fahrzeuge&quot;","block_context":{"text":"Fahrzeuge","link":"https:\/\/www.u-bahn-muenchen.de\/blog\/category\/fahrzeuge\/"},"img":{"alt_text":"","src":"","width":0,"height":0},"classes":[]},{"id":519,"url":"https:\/\/www.u-bahn-muenchen.de\/blog\/2018\/06\/c2-fahrgasteinsatz-jetzt-auch-auf-der-u3\/","url_meta":{"origin":449,"position":1},"title":"C2-Fahrgasteinsatz jetzt auch auf der U3","author":"Frederik Buchleitner","date":"14. Juni 2018","format":false,"excerpt":"[img id=c_716_u3 align=right size=mittel4]Lange versprochen, viel l\u00e4nger hat es dann doch gedauert: Seit heute werden auf der U-Bahnlinie U3 auch Z\u00fcge des Typs C 2.11 eingesetzt. Zwischenzeitlich werden \u2013 seit dem ersten Linieneinsatz im Juni 2016 \u2013 auf der U6 h\u00e4ufig mehr als die H\u00e4lfte aller Kurse mit der modernsten\u2026","rel":"","context":"In &quot;Betrieb&quot;","block_context":{"text":"Betrieb","link":"https:\/\/www.u-bahn-muenchen.de\/blog\/category\/betrieb\/"},"img":{"alt_text":"","src":"","width":0,"height":0},"classes":[]},{"id":1213,"url":"https:\/\/www.u-bahn-muenchen.de\/blog\/2026\/07\/c2-lieferung-nach-85-zuegen-abgeschlossen\/","url_meta":{"origin":449,"position":2},"title":"C2: Lieferung nach 85 Z\u00fcgen und gut 10 Jahren abgeschlossen","author":"Florian Sch\u00fctz","date":"30. Juli 2026","format":false,"excerpt":"Gut zehn Jahre nach Beginn der Auslieferung hat die MVG am 30. Juli 2026 den letzten Zug des Typs C2 in Betrieb genommen: Wagen 785 schlie\u00dft damit die gr\u00f6\u00dfte Fahrzeugbeschaffung in der Geschichte der M\u00fcnchner U-Bahn ab. [img id=YT=BqzRndaybHM align=right size=mittel2] Insgesamt 85 sechsteilige C2-Z\u00fcge wurden im Siemens-Werk Wien gefertigt\u2026","rel":"","context":"In &quot;Fahrzeuge&quot;","block_context":{"text":"Fahrzeuge","link":"https:\/\/www.u-bahn-muenchen.de\/blog\/category\/fahrzeuge\/"},"img":{"alt_text":"","src":"","width":0,"height":0},"classes":[]},{"id":552,"url":"https:\/\/www.u-bahn-muenchen.de\/blog\/2020\/05\/zweite-c2-serie-darf-in-den-fahrgastbetrieb\/","url_meta":{"origin":449,"position":3},"title":"Zweite C2-Serie darf in den Fahrgastbetrieb","author":"Frederik Buchleitner","date":"6. Mai 2020","format":false,"excerpt":"Am gestrigen Dienstag, den 5. Mai 2020 genehmigte die Technische Aufsichtsbeh\u00f6rde (TAB) der Regierung von Oberbayern den Einsatz zus\u00e4tzlicher U-Bahnen. Die insgesamt 24 zus\u00e4tzlichen Garnituren der Serie C 2.12 riefen die Stadtwerke im Jahr 2016 aus bestehenden Optionen bei Siemens Mobility ab, der erste sechsteilige Zug 722 traf im Juni\u2026","rel":"","context":"In &quot;Fahrzeuge&quot;","block_context":{"text":"Fahrzeuge","link":"https:\/\/www.u-bahn-muenchen.de\/blog\/category\/fahrzeuge\/"},"img":{"alt_text":"","src":"","width":0,"height":0},"classes":[]},{"id":862,"url":"https:\/\/www.u-bahn-muenchen.de\/blog\/2021\/09\/swm-schreiben-die-lieferung-von-18-neuen-c2-zuegen-aus\/","url_meta":{"origin":449,"position":4},"title":"SWM schreiben die Lieferung von 18 neuen C2-Z\u00fcgen aus","author":"Frederik Buchleitner","date":"27. September 2021","format":false,"excerpt":"In diesen Tagen haben die Stadtwerke M\u00fcnchen (SWM) eine Ausschreibung zur Lieferung neuer zus\u00e4tzlicher U-Bahnz\u00fcge gestartet. Zur Au\u00dferdienststellung der letzten Fahrzeuge der A-Serie bis sp\u00e4testens Ende 2025, sollen ab Mitte 2024 18 weitere sechsteilige Gliederz\u00fcge die Flotte der U-Bahn verst\u00e4rken. Wie die SWM in der Auftragsbekanntmachung angeben, ist eine Nachr\u00fcstung\u2026","rel":"","context":"In &quot;Fahrzeuge&quot;","block_context":{"text":"Fahrzeuge","link":"https:\/\/www.u-bahn-muenchen.de\/blog\/category\/fahrzeuge\/"},"img":{"alt_text":"","src":"","width":0,"height":0},"classes":[]},{"id":995,"url":"https:\/\/www.u-bahn-muenchen.de\/blog\/2022\/04\/neue-u-bahnen-fuer-muenchen-swm-und-mvg-erhalten-weitere-zuege-der-neuesten-generation\/","url_meta":{"origin":449,"position":5},"title":"Neue U-Bahnen f\u00fcr M\u00fcnchen: SWM und MVG erhalten weitere Z\u00fcge der neuesten Generation","author":"Florian Sch\u00fctz","date":"27. April 2022","format":false,"excerpt":"Die Stadtwerke M\u00fcnchen (SWM) setzen die Modernisierung der U-Bahn-Flotte der M\u00fcnchner Verkehrsgesellschaft (MVG) fort: Am Mittwoch, 27. April 2022, haben SWM und MVG an der Technischen Basis in Fr\u00f6ttmaning den ersten von insgesamt 22 Z\u00fcgen des Typs C2 der dritten Lieferserie (so genannte 2. Option) \u00fcbernommen. Dort wird der Zug\u2026","rel":"","context":"In &quot;Fahrzeuge&quot;","block_context":{"text":"Fahrzeuge","link":"https:\/\/www.u-bahn-muenchen.de\/blog\/category\/fahrzeuge\/"},"img":{"alt_text":"","src":"","width":0,"height":0},"classes":[]}],"jetpack_sharing_enabled":true,"jetpack_featured_media_url":"","_links":{"self":[{"href":"https:\/\/www.u-bahn-muenchen.de\/blog\/wp-json\/wp\/v2\/posts\/449","targetHints":{"allow":["GET"]}}],"collection":[{"href":"https:\/\/www.u-bahn-muenchen.de\/blog\/wp-json\/wp\/v2\/posts"}],"about":[{"href":"https:\/\/www.u-bahn-muenchen.de\/blog\/wp-json\/wp\/v2\/types\/post"}],"author":[{"embeddable":true,"href":"https:\/\/www.u-bahn-muenchen.de\/blog\/wp-json\/wp\/v2\/users\/6"}],"replies":[{"embeddable":true,"href":"https:\/\/www.u-bahn-muenchen.de\/blog\/wp-json\/wp\/v2\/comments?post=449"}],"version-history":[{"count":3,"href":"https:\/\/www.u-bahn-muenchen.de\/blog\/wp-json\/wp\/v2\/posts\/449\/revisions"}],"predecessor-version":[{"id":452,"href":"https:\/\/www.u-bahn-muenchen.de\/blog\/wp-json\/wp\/v2\/posts\/449\/revisions\/452"}],"wp:attachment":[{"href":"https:\/\/www.u-bahn-muenchen.de\/blog\/wp-json\/wp\/v2\/media?parent=449"}],"wp:term":[{"taxonomy":"category","embeddable":true,"href":"https:\/\/www.u-bahn-muenchen.de\/blog\/wp-json\/wp\/v2\/categories?post=449"},{"taxonomy":"post_tag","embeddable":true,"href":"https:\/\/www.u-bahn-muenchen.de\/blog\/wp-json\/wp\/v2\/tags?post=449"}],"curies":[{"name":"wp","href":"https:\/\/api.w.org\/{rel}","templated":true}]}}