{"id":432,"date":"2015-06-19T20:14:19","date_gmt":"2015-06-19T19:14:19","guid":{"rendered":"http:\/\/www.muenchnerubahn.de\/blog\/?p=432"},"modified":"2021-05-03T14:45:26","modified_gmt":"2021-05-03T13:45:26","slug":"neuer-u-bahnbetriebshof-in-neuperlach-geplant","status":"publish","type":"post","link":"https:\/\/www.u-bahn-muenchen.de\/blog\/2015\/06\/neuer-u-bahnbetriebshof-in-neuperlach-geplant\/","title":{"rendered":"Neuer U-Bahnbetriebshof in Neuperlach geplant"},"content":{"rendered":"<p>Die SWM\/MVG planen die U-Bahn-Abstellanlage Neuperlach S\u00fcd zu einem eigenst\u00e4ndigen Betriebshof zu erweitern. Bis Mitte Juli l\u00e4uft aktuell eine EU-weite Ausschreibung der Projektsteuerung; die Bauzeit ist zwischen 2019 und 2022 terminiert.<\/p>\n<p>[img id=b_506_1 size=mittel4 align=right text=B-Wagen_in_der_heutigen_Abstellung_Neuperlach_S\u00fcd]Die Ausschreibung sieht vor, eine dreigleisige Werkstatthalle zu bauen, welche k\u00fcnftig auch um ein zus\u00e4tzliches Gleis erweiterbar bleiben soll; auch eine Waschanlage zur Au\u00dfenreinigung ist geplant.&nbsp;Dazu soll eine Fl\u00e4che jenseits der Arnold-Sommerfeld-Stra\u00dfe genutzt werden, an der heute die Abstellanlage Neuperlach S\u00fcd endet.<\/p>\n<p>Desweiteren ist auch ein Verwaltungs- und Sozialtrakt mit B\u00fcros, Aufenthaltsr\u00e4umen und Umkleiden vorgesehen.<br \/>\nAuf dem Betriebshof sollen bis zu 180 Wagen abgestellt werden k\u00f6nnen; das ergibt eine Gesamtgleisl\u00e4nge von etwa neun Kilometern, die von einem neu zu bauenden Stellwerk \u00fcberwacht und gesteuert werden.<br \/>\nAuch ein Gleisbauhof mit Ladegleis, Lagerfl\u00e4che und einem Portalkran ist geplant. Ein etwa 900 Meter langes Bremsgleis f\u00fcr Probe- und Abnahmefahrten soll auch zum Betriebshof geh\u00f6ren.<\/p>\n<p>Im Rahmen der Bauarbeiten sollen auch zwei Bahn\u00fcberg\u00e4nge im Umfeld beseitigt und durch Br\u00fccken ersetzt werden.<\/p>\n<h4>Quellen<\/h4>\n<ul>\n<li><a href=\"http:\/\/www.swm.de\/dms\/swm\/dokumente\/unternehmen\/logistik\/ausschreibungen\/bekanntmachung8869.pdf\">Ausschreibung SV-SSP-150603-005 &#8211; Objekt: Neubau eines zweiten U-Bahn-Betriebshofes<\/a><\/li>\n<li><a href=\"http:\/\/www.merkur.de\/lokales\/muenchen\/sued\/betriebshof-u-bahn-neuperlach-sued-5136844.html\">Merkur: Hier entsteht ein Mega-U-Bahn-Projekt<\/a><\/li>\n<li><a href=\"http:\/\/www.tramreport.de\/2015\/06\/19\/neuer-u-bahnbetriebshof-geplant\/\">tramreport.de<\/a><\/li>\n<\/ul>\n","protected":false},"excerpt":{"rendered":"<p>Die SWM\/MVG planen die U-Bahn-Abstellanlage Neuperlach S\u00fcd zu einem eigenst\u00e4ndigen Betriebshof zu erweitern. Bis Mitte Juli l\u00e4uft aktuell eine EU-weite Ausschreibung der Projektsteuerung; die Bauzeit ist zwischen 2019 und 2022 terminiert. [img id=b_506_1 size=mittel4 align=right text=B-Wagen_in_der_heutigen_Abstellung_Neuperlach_S\u00fcd]Die Ausschreibung sieht vor, eine dreigleisige Werkstatthalle zu bauen, welche k\u00fcnftig auch um ein zus\u00e4tzliches Gleis erweiterbar bleiben soll; auch [&hellip;]<\/p>\n","protected":false},"author":6,"featured_media":0,"comment_status":"open","ping_status":"open","sticky":false,"template":"","format":"standard","meta":{"advanced_seo_description":"","jetpack_seo_html_title":"","jetpack_seo_noindex":false,"jetpack_seo_schema_type":"","_jetpack_newsletter_access":"","_jetpack_dont_email_post_to_subs":true,"_jetpack_newsletter_tier_id":0,"_jetpack_memberships_contains_paywalled_content":false,"_jetpack_feature_clip_id":0,"_jetpack_memberships_contains_paid_content":false,"footnotes":"","jetpack_post_was_ever_published":false},"categories":[9,3],"tags":[],"class_list":["post-432","post","type-post","status-publish","format-standard","hentry","category-betrieb","category-storungen-und-bauarbeiten"],"jetpack_shortlink":"https:\/\/wp.me\/p87CPJ-6Y","jetpack-related-posts":[{"id":631,"url":"https:\/\/www.u-bahn-muenchen.de\/blog\/2021\/05\/betriebshof-neuperlach-sued-infoveranstaltung\/","url_meta":{"origin":432,"position":0},"title":"Betriebshof S\u00fcd: Informationsveranstaltung vom 12. Mai","author":"Florian Sch\u00fctz","date":"12. Mai 2021","format":false,"excerpt":"Die M\u00fcnchner Verkehrs\u00adgesellschaft informierte am 12. Mai im Rahmen einer Online-Informationsveranstaltung zum Stand der Planungen des Betriebshofes S\u00fcd in Neuperlach, der die bisherige Betriebsanlage im Anschluss an den U-Bahnhof [bflink id=NS] zum vollst\u00e4ndigen Betriebshof erweitern soll. Projekt\u00fcberblick [img id=bs-projektbild align=right size=mittel4]Durch die Veranstaltung f\u00fchrte Monika Arzberger. Nach einem Gru\u00dfwort von\u2026","rel":"","context":"In &quot;Betrieb&quot;","block_context":{"text":"Betrieb","link":"https:\/\/www.u-bahn-muenchen.de\/blog\/category\/betrieb\/"},"img":{"alt_text":"","src":"","width":0,"height":0},"classes":[]},{"id":821,"url":"https:\/\/www.u-bahn-muenchen.de\/blog\/2021\/07\/betriebshof-sued-aenderung-des-flaechennutzungsplans\/","url_meta":{"origin":432,"position":1},"title":"Betriebshof S\u00fcd: \u00c4nderung des Fl\u00e4chennutzungsplans beschlossen","author":"Florian Sch\u00fctz","date":"7. Juli 2021","format":false,"excerpt":"Wie die heutige Rathausumschau meldet, hat der Ausschuss f\u00fcr Stadtplanung und Bauordnung dem Antrag auf \u00c4nderung des Fl\u00e4chennutzungsplans zugestimmt. Damit ist ein wichtiger Schritt zur Erlangung des Baurechts f\u00fcr den geplanten Betriebshof S\u00fcd absolviert. [img id=bs-projektbild align=right size=mittel4]Auf einem zirka sieben Hektar gro\u00dfen Gebiet am Stadtrand von M\u00fcnchen in Ramersdorf-Perlach\u2026","rel":"","context":"In &quot;Betrieb&quot;","block_context":{"text":"Betrieb","link":"https:\/\/www.u-bahn-muenchen.de\/blog\/category\/betrieb\/"},"img":{"alt_text":"","src":"","width":0,"height":0},"classes":[]},{"id":611,"url":"https:\/\/www.u-bahn-muenchen.de\/blog\/2021\/05\/terminankuendigung-infoveranstaltung-u-bahn-betriebshof-sued\/","url_meta":{"origin":432,"position":2},"title":"Terminank\u00fcndigung: Infoveranstaltung U-Bahn-Betriebshof S\u00fcd","author":"Florian Sch\u00fctz","date":"3. Mai 2021","format":false,"excerpt":"Die M\u00fcnchner Verkehrs\u00adgesellschaft wird am 12. Mai um 18:30 Uhr in einer virtuellen Infor\u00admations\u00advorstellung zum Zukunfts\u00adprojekt \"U-Bahn-Betriebshof S\u00fcd\" informieren. Der neue Stand\u00adort in Neuperlach S\u00fcd schafft Platz und Werkstatt\u00adkapazit\u00e4ten f\u00fcr die wachsende Zahl an U-Bahnz\u00fcgen. Sie erm\u00f6glichen es, das U-Bahnangebot auszubauen, das Streckennetz zu erweitern und die Leistungsf\u00e4higkeit des U-Bahnsystems\u2026","rel":"","context":"In &quot;Betrieb&quot;","block_context":{"text":"Betrieb","link":"https:\/\/www.u-bahn-muenchen.de\/blog\/category\/betrieb\/"},"img":{"alt_text":"","src":"","width":0,"height":0},"classes":[]},{"id":1014,"url":"https:\/\/www.u-bahn-muenchen.de\/blog\/2022\/09\/c2-zuege-jetzt-auch-auf-den-linien-u4-und-u5-freigegeben\/","url_meta":{"origin":432,"position":3},"title":"C2-Z\u00fcge jetzt auch auf den Linien U4 und U5 freigegeben","author":"Frederik Buchleitner","date":"15. September 2022","format":false,"excerpt":"Am morgigen Freitag, den 16. September 2022 haben die C2-Z\u00fcge ihre Einsatzpremiere auf der U-Bahnlinie U5: P\u00fcnktlich zum Wiesnbeginn darf die MVG die neuen U-Bahnz\u00fcge auch auf den Linien U4 und U5 einsetzen, die Technische Aufsichtsbeh\u00f6rde (TAB) hatte vor einigen Tagen \u2013 acht Jahre nach Auslieferung und sechs Jahre nach\u2026","rel":"","context":"In &quot;Netz&quot;","block_context":{"text":"Netz","link":"https:\/\/www.u-bahn-muenchen.de\/blog\/category\/netz\/"},"img":{"alt_text":"","src":"","width":0,"height":0},"classes":[]},{"id":11,"url":"https:\/\/www.u-bahn-muenchen.de\/blog\/2007\/11\/wie-man-es-schafft-in-der-u-bahn-hemmungslos-angegafft-zu-werden\/","url_meta":{"origin":432,"position":4},"title":"Wie man es schafft, in der U-Bahn hemmungslos angegafft zu werden","author":"Florian Sch\u00fctz","date":"18. November 2007","format":false,"excerpt":"Gestern bin ich etwa f\u00fcnf Stunden durch den M\u00fcnchner Untergrund gefahren. Nun gut, das alleine ist nichts besonderes, die aktuell 1235 Bilder auf muenchnerubahn.de haben sich nicht von alleine geschossen. Allerdings hab ich w\u00e4hrend der f\u00fcnf Stunden den Zug nicht gewechselt. Ich war zwar ab und an mal kurz auf\u2026","rel":"","context":"In &quot;anderes&quot;","block_context":{"text":"anderes","link":"https:\/\/www.u-bahn-muenchen.de\/blog\/category\/anderes\/"},"img":{"alt_text":"","src":"","width":0,"height":0},"classes":[]},{"id":1172,"url":"https:\/\/www.u-bahn-muenchen.de\/blog\/2026\/06\/giselastrasse-generalsanierung-2028\/","url_meta":{"origin":432,"position":5},"title":"Giselastra\u00dfe: Generalsanierung 2028\u20132030 mit m\u00f6glicher Vollsperrung","author":"Florian Sch\u00fctz","date":"25. Juni 2026","format":false,"excerpt":"Der U-Bahnhof [bflink id=GI] in Schwabing steht vor seiner ersten Generalsanierung. Wie aus einer aktuellen Ausschreibung der Stadtwerke M\u00fcnchen (SWM) hervorgeht, soll der 1971 er\u00f6ffnete Bahnhof zwischen 2028 und 2030 auf allen Ebenen modernisiert werden \u2013 im laufenden Betrieb, m\u00f6glicherweise aber mit einer mehrw\u00f6chigen Vollsperrung im Sommer 2028. Ein Bahnhof\u2026","rel":"","context":"In &quot;St\u00f6rungen und Bauarbeiten&quot;","block_context":{"text":"St\u00f6rungen und Bauarbeiten","link":"https:\/\/www.u-bahn-muenchen.de\/blog\/category\/storungen-und-bauarbeiten\/"},"img":{"alt_text":"","src":"","width":0,"height":0},"classes":[]}],"jetpack_sharing_enabled":true,"jetpack_featured_media_url":"","_links":{"self":[{"href":"https:\/\/www.u-bahn-muenchen.de\/blog\/wp-json\/wp\/v2\/posts\/432","targetHints":{"allow":["GET"]}}],"collection":[{"href":"https:\/\/www.u-bahn-muenchen.de\/blog\/wp-json\/wp\/v2\/posts"}],"about":[{"href":"https:\/\/www.u-bahn-muenchen.de\/blog\/wp-json\/wp\/v2\/types\/post"}],"author":[{"embeddable":true,"href":"https:\/\/www.u-bahn-muenchen.de\/blog\/wp-json\/wp\/v2\/users\/6"}],"replies":[{"embeddable":true,"href":"https:\/\/www.u-bahn-muenchen.de\/blog\/wp-json\/wp\/v2\/comments?post=432"}],"version-history":[{"count":18,"href":"https:\/\/www.u-bahn-muenchen.de\/blog\/wp-json\/wp\/v2\/posts\/432\/revisions"}],"predecessor-version":[{"id":621,"href":"https:\/\/www.u-bahn-muenchen.de\/blog\/wp-json\/wp\/v2\/posts\/432\/revisions\/621"}],"wp:attachment":[{"href":"https:\/\/www.u-bahn-muenchen.de\/blog\/wp-json\/wp\/v2\/media?parent=432"}],"wp:term":[{"taxonomy":"category","embeddable":true,"href":"https:\/\/www.u-bahn-muenchen.de\/blog\/wp-json\/wp\/v2\/categories?post=432"},{"taxonomy":"post_tag","embeddable":true,"href":"https:\/\/www.u-bahn-muenchen.de\/blog\/wp-json\/wp\/v2\/tags?post=432"}],"curies":[{"name":"wp","href":"https:\/\/api.w.org\/{rel}","templated":true}]}}