{"id":424,"date":"2015-02-01T23:10:07","date_gmt":"2015-02-01T22:10:07","guid":{"rendered":"http:\/\/www.muenchnerubahn.de\/blog\/?p=424"},"modified":"2016-12-11T17:26:35","modified_gmt":"2016-12-11T16:26:35","slug":"vor-50-jahren-baustart-fuer-die-muenchner-u-bahn","status":"publish","type":"post","link":"https:\/\/www.u-bahn-muenchen.de\/blog\/2015\/02\/vor-50-jahren-baustart-fuer-die-muenchner-u-bahn\/","title":{"rendered":"Vor 50 Jahren: Baustart f\u00fcr die M\u00fcnchner U-Bahn"},"content":{"rendered":"\n<p>Heute vor 50 Jahren begann in M\u00fcnchen der U-Bahnbau. Ohne den Bau der U-Bahn w\u00e4re M\u00fcnchen heute sicherlich im Verkehrschaos erstickt. \u00dcber 380 Millionen Fahrg\u00e4ste transportieren die acht Linien derzeit j\u00e4hrlich.<\/p>\n<div id=\"flickr\" style=\"width: 100%\" class=\"wp-caption alignnone\"><a href=\"https:\/\/www.flickr.com\/photos\/frederikb\/16422008925\/\"><img decoding=\"async\" src=\"https:\/\/farm9.staticflickr.com\/8567\/16422008925_24c50b4ecb_z.jpg\" title=\"Vor exakt 50 Jahren erfolgte der Rammsto\u00df am heutigen U-Bahnhof Nordfriedhof. Der damalige Oberb\u00fcrgermeister Hans-Jochen Vogel begleitet das Ereignis (Archiv: FMTM e.V.)\" alt=\"Vor exakt 50 Jahren erfolgte der Rammsto\u00df am heutigen U-Bahnhof Nordfriedhof. Der damalige Oberb\u00fcrgermeister Hans-Jochen Vogel begleitet das Ereignis (Archiv: FMTM e.V.)\"><\/a><\/p>\n<p class=\"wp-caption-text\">Vor exakt 50 Jahren erfolgte der Rammsto\u00df am heutigen U-Bahnhof Nordfriedhof. Der damalige Oberb\u00fcrgermeister Hans-Jochen Vogel begleitet das Ereignis (Archiv: FMTM e.V.)<\/p>\n<\/div>\n<p>Am 1. Februar 1965 setzten <a href=\"http:\/\/www.merkur-online.de\/lokales\/muenchen\/stadt-muenchen\/jahre-muenchner-u-bahn-damalige-hans-jochen-vogel-erinnert-sich-4690796.html\" target=\"_blank\">der damalige Oberb\u00fcrgermeister Hans-Jochen Vogel<\/a> und der bayerische Ministerpr\u00e4sident Alfons Goppel den ersten Spatenstich am U-Bahnhof Schenkendorfstra\u00dfe, heute Nordfriedhof. Die Vergabe der Olympischen Sommerspiele 1972 nach M\u00fcnchen gaben den Baut\u00e4tigkeiten noch einen zus\u00e4tzlichen Schub. Bereits ab 1967 fanden zwischen Studentenstadt und Alte Heide die ersten Probefahrten statt, bevor am 19. Oktober 1971 die U6 zwischen Kieferngarten und Goetheplatz feierlich er\u00f6ffnet wurde.  <span id=\"more-7235\"><\/span><\/p>\n<div id=\"flickr\" style=\"width: 100%\" class=\"wp-caption alignnone\"><a href=\"https:\/\/www.flickr.com\/photos\/frederikb\/16236114987\/\"><img decoding=\"async\" src=\"https:\/\/farm8.staticflickr.com\/7338\/16236114987_8b651a774e_z.jpg\" title=\"Im Juli 1965 wird an der Kreuzung Ungerer-\/Schenkendorfstra\u00dfe schon kr\u00e4ftig gebaut. Die Trambahn wird \u00fcber eine provisorische Trasse zum Betriebshof 4 und weiter zur Johann-Fichte-Stra\u00dfe umgeleitet (Archiv: FMTM e.V.)\" alt=\"Im Juli 1965 wird an der Kreuzung Ungerer-\/Schenkendorfstra\u00dfe schon kr\u00e4ftig gebaut. Die Trambahn wird \u00fcber eine provisorische Trasse zum Betriebshof 4 und weiter zur Johann-Fichte-Stra\u00dfe umgeleitet (Archiv: FMTM e.V.)\"><\/a><\/p>\n<p class=\"wp-caption-text\">Im Juli 1965 wird an der Kreuzung Ungerer-\/Schenkendorfstra\u00dfe schon kr\u00e4ftig gebaut. Die Trambahn wird \u00fcber eine provisorische Trasse zum Betriebshof 4 und weiter zur Johann-Fichte-Stra\u00dfe umgeleitet (Archiv: FMTM e.V.)<\/p>\n<\/div>\n<div id=\"flickr\" style=\"width: 100%\" class=\"wp-caption alignnone\"><a href=\"https:\/\/www.flickr.com\/photos\/frederikb\/16421079772\/\"><img decoding=\"async\" src=\"https:\/\/farm8.staticflickr.com\/7456\/16421079772_355dfe0b84_z.jpg\" title=\"Im M\u00e4rz 1966 laufen die Bauarbeiten an der Schenkendorfstra\u00dfe bereits auf Hochtouren. Immerhin sollte bereits eineinhalb Jahre sp\u00e4ter der erste \u00f6ffentliche Probebetrieb starten. Wir sehen den M5-Wagen 977 auf der Fahrt zur nahegelegenen Schleife am Nordfriedhof (Bild: Peter Wagner\/Archiv: FMTM e.V.)\" alt=\"Im M\u00e4rz 1966 laufen die Bauarbeiten an der Schenkendorfstra\u00dfe bereits auf Hochtouren. Immerhin sollte bereits eineinhalb Jahre sp\u00e4ter der erste \u00f6ffentliche Probebetrieb starten. Wir sehen den M5-Wagen 977 auf der Fahrt zur nahegelegenen Schleife am Nordfriedhof (Bild: Peter Wagner\/Archiv: FMTM e.V.)\"><\/a><\/p>\n<p class=\"wp-caption-text\">Im M\u00e4rz 1966 laufen die Bauarbeiten an der Schenkendorfstra\u00dfe bereits auf Hochtouren. Immerhin sollte bereits eineinhalb Jahre sp\u00e4ter der erste \u00f6ffentliche Probebetrieb starten. Wir sehen den M5-Wagen 977 auf der Fahrt zur nahegelegenen Schleife am Nordfriedhof (Bild: Peter Wagner\/Archiv: FMTM e.V.)<\/p>\n<\/div>\n<p>Ideen f\u00fcr die Einrichtung einer U-Bahn gab es bereits Anfang des 20. Jahrhunderts, diese gingen jedoch nie \u00fcber das Planungsstadium hinaus.<br \/>\n1935 verlieh das NS-Regime M\u00fcnchen den Titel \u201aHauptstadt der Bewegung\u2018; gleichzeitig wurden Pl\u00e4ne geschmiedet die \u201aantiquierte\u2018 Trambahn durch S-Bahnen zu ersetzen. Drei Jahre sp\u00e4ter erfolgte in der Lindwurmstra\u00dfe der erste Spatenstich. Der Zweite Weltkrieg machte den Pl\u00e4nen einen Strich durch die Rechnung und der Tunnel verfiel in einen Dornr\u00f6schenschlaf. Dieses Tunnelst\u00fcck ist heute ein Strekenabschnitt der U-Bahn-Linien U3\/6.<br \/>\nNach dem Zweiten Weltkrieg wurden die Planungen wieder aufgenommen, allerdings entbrannte ein Streit dar\u00fcber ob die Bundesbahn (S-Bahn) oder die Stadt M\u00fcnchen (U-Bahn) die sogenannte \u201aklassische Trasse\u2018 zwischen Haupt- und Ostbahnhof bauen und betreiben darf. Nachdem sich abzeichnete, dass eine Tarifgemeinschaft (MVV) gegr\u00fcndet wird, wurde diese Strecke an die Bahn abgegeben.<\/p>\n<p>Rechtzeitig zu den XX. Olympischen Sommerspielen kam im Mai 1972 die U3 zum Olympiazentrum hinzu. 1980 wurde die zweite U-Bahn-Stammstrecke der U1\/8 er\u00f6ffnet. Die U8 wurde sp\u00e4ter in U2 umbenannt. 1984 gesellten sich die Ost-West-Linien U5\/9 und damit die dritte Stammstrecke hinzu. Noch vor der Er\u00f6ffnung der geplanten U9 wurde sie in U4 umbenannt; somit waren alle Liniennummern zwischen U1 und U6 vergeben.<br \/>\nDas U-Bahnnetz dehnte sich nach und nach weiter aus; 1995 wurde die Stadtgrenze \u00fcberquert und die Stadt Garching erhielt Anschluss ans Netz. Mit der Verl\u00e4ngerung der U3 vom Olympia-Einkaufszentrum nach Moosach wurde der U-Bahn-Bau vorl\u00e4ufig abgeschlossen.<\/p>\n<p>Aktuell besitzt das 95 Kilometer lange Netz genau 100 Bahnh\u00f6fe; 564 U-Bahn-Wagen sind auf acht U-Bahnlinien unterwegs. Zuwachs bekommt der Wagenpark derzeit durch <a href=\"http:\/\/www.tramreport.de\/2014\/02\/21\/u-bahn-vorstellung-des-typs-c2\/\" target=\"_blank\">21 neue Z\u00fcge des Typs C2<\/a>, welche sich allerdings noch in der Zulassung und Inbetriebnahme befinden. Neben den Verl\u00e4ngerungen nach Pasing (U5) und Martinsried (U6) gibt es Pl\u00e4ne f\u00fcr eine <a href=\"http:\/\/www.tramreport.de\/2014\/02\/11\/projekt-u9-die-zukunft-der-munchner-u-bahn\/\" target=\"_blank\">als U9 bezeichnete \u201aInnenstadtspange\u2018<\/a>.<br \/>\nOberb\u00fcrgermeister Dieter Reiter dazu: &#8220;<em>Ohne die U-Bahn w\u00fcrde M\u00fcnchen nicht funktionieren. Sie bildet heute das R\u00fcckgrat unseres Verkehrssystems. Der weitere Ausbau hat daher f\u00fcr die Stadt oberste Priorit\u00e4t.<\/em>\u201c <\/p>\n<div id=\"flickr\" style=\"width: 100%\" class=\"wp-caption alignnone\"><a href=\"https:\/\/www.flickr.com\/photos\/frederikb\/16236118237\/\"><img decoding=\"async\" src=\"https:\/\/farm8.staticflickr.com\/7338\/16236118237_66b6a4bb61_z.jpg\" title=\"Am 19. Oktober 1968 durften die M\u00fcnchnerinnen und M\u00fcnchner erstmals die neue U-Bahn 'beschnuppern' (Archiv: FMTM e.V.)\" alt=\"Am 19. Oktober 1968 durften die M\u00fcnchnerinnen und M\u00fcnchner erstmals die neue U-Bahn 'beschnuppern' (Archiv: FMTM e.V.)\"><\/a><\/p>\n<p class=\"wp-caption-text\">Am 19. Oktober 1968 durften die M\u00fcnchnerinnen und M\u00fcnchner erstmals die neue U-Bahn &#8218;beschnuppern&#8216; (Archiv: FMTM e.V.)<\/p>\n<\/div>\n<div id=\"flickr\" style=\"width: 100%\" class=\"wp-caption alignnone\"><a href=\"https:\/\/www.flickr.com\/photos\/frederikb\/16420261521\/\"><img decoding=\"async\" src=\"https:\/\/farm8.staticflickr.com\/7307\/16420261521_358d61fe5f_z.jpg\" title=\"Im Pendelbetrieb fuhr der erste Langzug, bestehend aus den Wagennummern 6001a+b\/6002a+b\/6003a+b (sp\u00e4ter 6091\/7091\/6092\/7092\/6093\/7093) zwischen Nordfriedhof und Studentenstadt (Archiv: FMTM e.V.)\" alt=\"Im Pendelbetrieb fuhr der erste Langzug, bestehend aus den Wagennummern 6001a+b\/6002a+b\/6003a+b (sp\u00e4ter 6091\/7091\/6092\/7092\/6093\/7093) zwischen Nordfriedhof und Studentenstadt (Archiv: FMTM e.V.)\"><\/a><\/p>\n<p class=\"wp-caption-text\">Im Pendelbetrieb fuhr der erste Langzug, bestehend aus den Wagennummern 6001a+b\/6002a+b\/6003a+b (sp\u00e4ter 6091\/7091\/6092\/7092\/6093\/7093) zwischen Nordfriedhof und Studentenstadt (Archiv: FMTM e.V.)<\/p>\n<\/div>\n<div id=\"flickr\" style=\"width: 100%\" class=\"wp-caption alignnone\"><a href=\"https:\/\/www.flickr.com\/photos\/frederikb\/15647399483\/\"><img decoding=\"async\" src=\"https:\/\/farm9.staticflickr.com\/8662\/15647399483_16db183a1d_z.jpg\" title=\"Noch heute erinnert an der Oberfl\u00e4che des U-Bahnhofs Nordfriedhof ein Denkmal an den Baubeginn\" alt=\"Noch heute erinnert an der Oberfl\u00e4che des U-Bahnhofs Nordfriedhof ein Denkmal an den Baubeginn\"><\/a><\/p>\n<p class=\"wp-caption-text\">Noch heute erinnert an der Oberfl\u00e4che des U-Bahnhofs Nordfriedhof ein Denkmal an den Baubeginn (Bild: Frederik Buchleitner)<\/p>\n<\/div>\n<p><a href=\"https:\/\/www.youtube.com\/watch?v=wtCeVeSz3FE\" target=\"_blank\">Auf Youtube<\/a> findet sich ein hochinteressanter Film aus der Bauzeit der M\u00fcnchner U-Bahn.<\/p>\n<hr \/>\n<p><i>Mit freundlicher Unterst\u00fctzung von <a href=\"http:\/\/www.tramreport.de\/2015\/02\/01\/vor-50-jahren-baustart-fuer-die-muenchner-u-bahn\/\" target=\"_blank\">Tramreport.de<\/a><\/i> und den Freunden des M\u00fcnchner Trambahnmuseums e.V.<\/p>\n","protected":false},"excerpt":{"rendered":"<p>Heute vor 50 Jahren begann in M\u00fcnchen der U-Bahnbau. Ohne den Bau der U-Bahn w\u00e4re M\u00fcnchen heute sicherlich im Verkehrschaos erstickt. \u00dcber 380 Millionen Fahrg\u00e4ste transportieren die acht Linien derzeit j\u00e4hrlich. Vor exakt 50 Jahren erfolgte der Rammsto\u00df am heutigen U-Bahnhof Nordfriedhof. Der damalige Oberb\u00fcrgermeister Hans-Jochen Vogel begleitet das Ereignis (Archiv: FMTM e.V.) Am 1. [&hellip;]<\/p>\n","protected":false},"author":6,"featured_media":0,"comment_status":"open","ping_status":"open","sticky":false,"template":"","format":"standard","meta":{"advanced_seo_description":"","jetpack_seo_html_title":"","jetpack_seo_noindex":false,"jetpack_seo_schema_type":"","_jetpack_newsletter_access":"","_jetpack_dont_email_post_to_subs":true,"_jetpack_newsletter_tier_id":0,"_jetpack_memberships_contains_paywalled_content":false,"_jetpack_feature_clip_id":0,"_jetpack_memberships_contains_paid_content":false,"footnotes":"","jetpack_post_was_ever_published":false},"categories":[7],"tags":[],"class_list":["post-424","post","type-post","status-publish","format-standard","hentry","category-geschichte"],"jetpack_shortlink":"https:\/\/wp.me\/p87CPJ-6Q","jetpack-related-posts":[{"id":876,"url":"https:\/\/www.u-bahn-muenchen.de\/blog\/2021\/10\/50-jahre-u-bahn-muenchen-pressekonferenz-der-mvg\/","url_meta":{"origin":424,"position":0},"title":"50 Jahre U-Bahn M\u00fcnchen: Pressekonferenz der MVG","author":"Florian Sch\u00fctz","date":"19. Oktober 2021","format":false,"excerpt":"[img id=50-jahre-u-bahn-a-wagen align=right]Heute vor 50 Jahren, am 19. Oktober 1971 wurde der erste Abschnitt der M\u00fcnchner U-Bahn in Betrieb genommen: Die erste Strecke vom Kieferngarten bis zum Goetheplatz war zw\u00f6lf Kilometer lang und umfasste 13 Bahnh\u00f6fe. Heute \u2013 50 Jahre sp\u00e4ter \u2013 ist die U-Bahn das R\u00fcckgrat des \u00f6ffentlichen Nahverkehrs\u2026","rel":"","context":"In &quot;Geschichte&quot;","block_context":{"text":"Geschichte","link":"https:\/\/www.u-bahn-muenchen.de\/blog\/category\/geschichte\/"},"img":{"alt_text":"","src":"","width":0,"height":0},"classes":[]},{"id":725,"url":"https:\/\/www.u-bahn-muenchen.de\/blog\/2021\/03\/50-jahre-u-bahn-fuer-muenchen-historisches\/","url_meta":{"origin":424,"position":1},"title":"50 Jahre U-Bahn f\u00fcr M\u00fcnchen &#8211; Historisches","author":"Florian Sch\u00fctz","date":"1. M\u00e4rz 2021","format":false,"excerpt":"In diesem Jahr feiert die M\u00fcnchner U-Bahn ihren 50. Geburtstag. Am 19. Oktober 1971 wurde auf der Strecke zwischen [bflink id=KG] und [bflink id=GO] der Betrieb der U6 als erster Strecke aufgenommen. Dieses Jubil\u00e4um wird in den kommenden Monaten verschiedentlich sicher noch Erw\u00e4hnung finden. Als Einstimmung hierauf schon mal einige\u2026","rel":"","context":"In &quot;Geschichte&quot;","block_context":{"text":"Geschichte","link":"https:\/\/www.u-bahn-muenchen.de\/blog\/category\/geschichte\/"},"img":{"alt_text":"","src":"","width":0,"height":0},"classes":[]},{"id":454,"url":"https:\/\/www.u-bahn-muenchen.de\/blog\/2016\/11\/jetzt-auch-auf-instagram\/","url_meta":{"origin":424,"position":2},"title":"Jetzt auch auf Instagram","author":"Florian Sch\u00fctz","date":"17. November 2016","format":false,"excerpt":"Nachdem es diese Website seit \u00fcber 10 Jahren gibt und seit einiger Zeit auch auf Facebook und Twitter aktuelle Infos verf\u00fcgbar sind, gibt es seit 16. November auch eine Pr\u00e4senz auf Instagram: www.instagram.com\/muenchnerubahn Dort wird es eine Auswahl der sch\u00f6nsten Bilder aus der M\u00fcnchner U-Bahn, aktuelle Infos und ab und\u2026","rel":"","context":"In &quot;\u00dcber muenchnerubahn.de&quot;","block_context":{"text":"\u00dcber muenchnerubahn.de","link":"https:\/\/www.u-bahn-muenchen.de\/blog\/category\/ueber\/"},"img":{"alt_text":"","src":"","width":0,"height":0},"classes":[]},{"id":1040,"url":"https:\/\/www.u-bahn-muenchen.de\/blog\/2023\/02\/spatenstich-fuer-die-u6-verlaengerung-nach-martinsried\/","url_meta":{"origin":424,"position":3},"title":"Spatenstich f\u00fcr die U6-Verl\u00e4ngerung nach Martinsried","author":"Florian Sch\u00fctz","date":"6. Februar 2023","format":false,"excerpt":"Am 6. Februar 2023 wurde der offizielle erste Spatenstich f\u00fcr die Verl\u00e4ngerung der M\u00fcnchner U-Bahnlinie 6 nach Martinsried in der Gemeinde Planegg im Landkreis M\u00fcnchen get\u00e4tigt. [img id=md_spatenstich align=right size=mittel2]In Anwesenheit von Planeggs B\u00fcrgermeister Hermann Nafziger, Bayerns Ministerpr\u00e4sident Dr. Markus S\u00f6der, Verkehrsminister Christian Bernreiter, Wissenschaftsminister Markus Blume, dem Landrat des\u2026","rel":"","context":"In &quot;Netz&quot;","block_context":{"text":"Netz","link":"https:\/\/www.u-bahn-muenchen.de\/blog\/category\/netz\/"},"img":{"alt_text":"","src":"","width":0,"height":0},"classes":[]},{"id":704,"url":"https:\/\/www.u-bahn-muenchen.de\/blog\/2021\/05\/startschuss-fuer-parkdeck-am-geplanten-u-bahnhof-martinsried\/","url_meta":{"origin":424,"position":4},"title":"Startschuss f\u00fcr Parkdeck am geplanten U-Bahnhof Martinsried","author":"Florian Sch\u00fctz","date":"21. Mai 2021","format":false,"excerpt":"Der Bau des Parkdecks am Life-Science-Campus der Ludwig-Maximilians-Universit\u00e4t in Martinsried als Vorma\u00dfnahme der lange geplanten U-Bahn-Verl\u00e4ngerung der Linie U6 hat begonnen. Zum Fahrplanwechsel 2025\/2026 wird die Er\u00f6ffnung der gut einen Kilometer langen Erweiterung vom [bflink id=KL] zum neuen U-Bahnhof [bflink id=MD] derzeit erwartet. Lageplan des U-Bahnhof (unten) sowie des Parkdecks\u2026","rel":"","context":"In &quot;Netz&quot;","block_context":{"text":"Netz","link":"https:\/\/www.u-bahn-muenchen.de\/blog\/category\/netz\/"},"img":{"alt_text":"","src":"\/blog\/wp-content\/uploads\/2021\/05\/image-300x226.png","width":350,"height":200},"classes":[]},{"id":18,"url":"https:\/\/www.u-bahn-muenchen.de\/blog\/2010\/04\/auf-in-den-ruhestand\/","url_meta":{"origin":424,"position":5},"title":"Auf in den Ruhestand!","author":"Florian Sch\u00fctz","date":"18. April 2010","format":false,"excerpt":"[img id=420001-Abschied text=420_001_-_Die_letzte_Fahrt_durch_die_Stammstrecke align=right size=mittel2]Heute geht mein Blick etwas \u00fcber den Tellerrand der M\u00fcnchner U-Bahn hinaus, wenn auch nicht schrecklich weit: zur M\u00fcnchen S-Bahn. Wenige Monate j\u00fcnger hatte die M\u00fcnchner S-Bahn ein \u00e4hnliches Schicksal wie die U-Bahn: l\u00e4ngst geplant und durch die Olympischen Sommerspiele 1972 in der Realisierung deutlich beschleunigt.\u2026","rel":"","context":"In &quot;\u00dcber den Tellerrand&quot;","block_context":{"text":"\u00dcber den Tellerrand","link":"https:\/\/www.u-bahn-muenchen.de\/blog\/category\/uber-den-tellerrand\/"},"img":{"alt_text":"","src":"","width":0,"height":0},"classes":[]}],"jetpack_sharing_enabled":true,"jetpack_featured_media_url":"","_links":{"self":[{"href":"https:\/\/www.u-bahn-muenchen.de\/blog\/wp-json\/wp\/v2\/posts\/424","targetHints":{"allow":["GET"]}}],"collection":[{"href":"https:\/\/www.u-bahn-muenchen.de\/blog\/wp-json\/wp\/v2\/posts"}],"about":[{"href":"https:\/\/www.u-bahn-muenchen.de\/blog\/wp-json\/wp\/v2\/types\/post"}],"author":[{"embeddable":true,"href":"https:\/\/www.u-bahn-muenchen.de\/blog\/wp-json\/wp\/v2\/users\/6"}],"replies":[{"embeddable":true,"href":"https:\/\/www.u-bahn-muenchen.de\/blog\/wp-json\/wp\/v2\/comments?post=424"}],"version-history":[{"count":6,"href":"https:\/\/www.u-bahn-muenchen.de\/blog\/wp-json\/wp\/v2\/posts\/424\/revisions"}],"predecessor-version":[{"id":722,"href":"https:\/\/www.u-bahn-muenchen.de\/blog\/wp-json\/wp\/v2\/posts\/424\/revisions\/722"}],"wp:attachment":[{"href":"https:\/\/www.u-bahn-muenchen.de\/blog\/wp-json\/wp\/v2\/media?parent=424"}],"wp:term":[{"taxonomy":"category","embeddable":true,"href":"https:\/\/www.u-bahn-muenchen.de\/blog\/wp-json\/wp\/v2\/categories?post=424"},{"taxonomy":"post_tag","embeddable":true,"href":"https:\/\/www.u-bahn-muenchen.de\/blog\/wp-json\/wp\/v2\/tags?post=424"}],"curies":[{"name":"wp","href":"https:\/\/api.w.org\/{rel}","templated":true}]}}