{"id":387,"date":"2014-02-11T21:19:41","date_gmt":"2014-02-11T20:19:41","guid":{"rendered":"http:\/\/www.muenchnerubahn.de\/blog\/?p=387"},"modified":"2022-02-18T08:14:46","modified_gmt":"2022-02-18T07:14:46","slug":"projekt-u9-entlastungsspange-fuer-die-innenstadt","status":"publish","type":"post","link":"https:\/\/www.u-bahn-muenchen.de\/blog\/2014\/02\/projekt-u9-entlastungsspange-fuer-die-innenstadt\/","title":{"rendered":"Projekt U9: Entlastungsspange f\u00fcr die Innenstadt"},"content":{"rendered":"<p>Bereits seit einigen Jahren wird seitens der MVG eine weitere Innenstadtstrecke zur Entlastung der heutigen Strecken von U1\/U2 und U3\/U6 unter dem Arbeitstitel &#8222;U9&#8220; geplant. Am heutigen 11. Februar stellten die Stadtwerke M\u00fcnchen \/ M\u00fcnchner Verkehrsgesellschaft eine Machbarkeitsstudie vor, die diese &#8222;U9-Spange&#8220; genauer untersucht hat.<\/p>\n<p>Die Studie von SWM\/MVG und den M\u00fcnchner Ingenieurb\u00fcros SSF Ingenieure und V\u00f6ssing sowie der INTRAPLAN Consult GmbH bescheinigt der neuen Strecke von Sendling nach Schwabing eine positive Fahrgastprognose. Die U9-Trasse k\u00f6nnte langfristig die Leistungsf\u00e4higkeit der M\u00fcnchner U-Bahn sichern, die vor allem in den letzten Jahren auf den Innenstadtabschnitten regelm\u00e4\u00dfig an ihre Grenzen st\u00f6\u00dft &#8211; in den Jahren 2007 bis 2012 alleine um 12,5 Prozent.<\/p>\n<p>Die bisher geplanten Taktverk\u00fcrzungen auf U1\/U2 und U3\/U6 werden in den n\u00e4chsten Jahren mit einem 2-Minuten-Takt auf den Kernabschnitten ihr Maximum erreicht haben. Dichtere Takte w\u00fcrde die Zugsicherung zwar erlauben, angesichts der hohen Fahrgastzahlen an den wichtigen Knotenbahnh\u00f6fen sind dichtere Takte aber nicht realistisch.<\/p>\n<p>Die neue Trasse der U9 w\u00fcrde die Kernabschnitte zwischen [bflink id=SP]-[bflink id=HU]-[bflink id=SU] und [bflink id=MU]-[bflink id=MP]-[bflink id=IP] soweit entlasten, das hier auch langfristig ein zuverl\u00e4ssiger Takt gefahren werden kann.<\/p>\n<p>Die vorgestellte Studie untersuchte unterschiedliche Linienf\u00fchrungen im Korridor zwischen Implerstra\u00dfe und M\u00fcnchner Freiheit und hat dabei der folgenden Variante den Vorzug gegeben in Bezug auf Umsetzbarkeit und positive Entlastungseffekte im Altnetz:<\/p>\n<p>[img id=2014-mvg-u9-vorzugsvariante size=voll2]<\/p>\n<h3>Trassenverlauf<\/h3>\n<p>S\u00fcdlicher Beginn der Strecke bleibt der Bahnhof Implerstra\u00dfe. Von dort f\u00fchrt die Trasse in Richtung Theresienwiese, wo ein eigener Bahnhof unter dem Bavariapark oder ein 4-gleisiger Ausbau des bestehenden Bahnhofs zur Debatte stehen. Den Hauptbahnhof w\u00fcrde die U9 im Bereich der Haupthalle in Nord-S\u00fcd-Richtung queren und dabei unter Umst\u00e4nden als Zusatznutzen direkte Verbindungen zu den Bahnsteigen und den Fl\u00fcgelbahnh\u00f6fen herstellen. Im weiteren Verlauf ist ein Bahnhof im Bereich der Pinakotheken angedacht, der in der Maxvorstadt die Tramlinien 27 und 28 entlasten wird. Eine Einf\u00e4delung in die Bestandsstrecke ist dann an der [bflink id=GI] angedacht statt wie urspr\u00fcnglich angedacht an der [bflink id=MU]. Der Abschnitt zwischen Giselastra\u00dfe und M\u00fcnchner Freiheit w\u00fcrde viergleisig ausgebaut, ebenso wie der Bahnhof Giselastra\u00dfe selbst.<\/p>\n<p>Denkbar w\u00e4ren entweder eine komplette Entmischung der U3 und U6 in deren Stammstreckenbereich z.B. durch eine F\u00fchrung der gesamten U6 \u00fcber die neue Trasse und eine alleinige F\u00fchrung der U3 \u00fcber die Bestandsstrecke. Ebenso denkbar ist eine Linienverflechtung zwischen Linien unterschiedlicher \u00c4ste (m\u00f6gliche Linienbeispiele siehe unten). M\u00f6glich wird damit auch eine Direktverbindung Stadion-Hauptbahnhof.<\/p>\n<p>Als Option in diesen Planungen ist zudem eine Verbindungsspange von der U9 zwischen Hauptbahnhof und Pinakotheken hin zur Trasse der U2 im Bereich Theresienstra\u00dfe angedacht. Diese Spange k\u00f6nnte nochmals ganz neue Verbindungen erm\u00f6glichen, da dann z.B. Verst\u00e4rkerlinien von Milbertshofen \u00fcber Hauptbahnhof zum Harras denkbar w\u00e4ren.<\/p>\n<h3>Planungsdetails im \u00dcberblick<\/h3>\n<p>Zusammengefasst er\u00f6ffnet die m\u00f6gliche neue U-Bahnstrecke folgende Verbesserungen:<\/p>\n<ul>\n<li>Entlastung der meist belasteten Abschnitte und Bahnh\u00f6fe des U-Bahn-Bestandsnetzes durch deutliche Kapazit\u00e4tssteigerung im Nord-S\u00fcd-Verkehr<\/li>\n<li>Attraktivit\u00e4tssteigerung durch neue Direktfahrm\u00f6glichkeiten und erhebliche Fahrzeitgewinne<\/li>\n<li>Bei Realisierung der Verbindung U9\/U2 zus\u00e4tzliche M\u00f6glichkeiten zur Verdichtung der U2 Nord sowie der U1 Nord<\/li>\n<li>Neue Liniennetzverkn\u00fcpfungen, zum Beispiel:\n<ul>\n<li>[bflink id=GF] \u2013 [bflink id=FT] (Stadion) \u2013 [bflink id=MU] \u2013 [bflink id=HU] \u2013 [bflink id=IP] \u2013 [bflink id=KL] \u2013 Martinsried (Arbeitstitel U9)<\/li>\n<li>Mit Spange U9\/U2: OEZ \u2013 Rotkreuzplatz \u2013 Hauptbahnhof \u2013 Kolumbusplatz \u2013 Innsbrucker Ring \u2013 Messestadt oder Neuperlach (Arbeitstitel U11)<\/li>\n<li>Mit Spange U9\/U2: Harthof oder Milbertshofen \u2013 Hauptbahnhof \u2013 Implerstra\u00dfe \u2013 Harras (Arbeitstitel U12)<\/li>\n<\/ul>\n<\/li>\n<li>Entzerrung des Fu\u00dfballverkehrs durch zus\u00e4tzliche, umsteigefreie Verbindung Hauptbahnhof \u2013 Fr\u00f6ttmaning<\/li>\n<li>Kapazit\u00e4tssteigerung f\u00fcr Bedienung des Oktoberfestes<\/li>\n<li>Massive Steigerung der Netzflexibilit\u00e4t (z.B. bei St\u00f6rungen und Baustellen)<\/li>\n<li>V\u00f6llig neue Optionen f\u00fcr Erschlie\u00dfung im Bereich Hauptbahnhof und Verkn\u00fcpfung mit Regional- und Fernverkehr durch zus\u00e4tzlichen U-Bahnhof Hauptbahnhof unterhalb des DB-Gleisfeldes.<\/li>\n<\/ul>\n<p>Erste Prognosen ergaben f\u00fcr die neue Spange rund 50.000 Fahrg\u00e4ste t\u00e4glich im Abschnitt Hauptbahnhof \u2013 Giselastra\u00dfe, die nach einer Langfristprognose bis ca. 2050 auf gut 100.000 Fahrg\u00e4ste anwachsen k\u00f6nnten. Das entspr\u00e4che etwa dem heutigen Verkehrsaufkommen z.B. auf den Abschnitten Max-Weber-Platz \u2013 Ostbahnhof (U5), Stiglmaierplatz \u2013 Hauptbahnhof (U1\/U7) oder beispielsweise auch der Prognose f\u00fcr die 2. S-Bahn-Stammstrecke im Teilabschnitt Marienhof \u2013 Ostbahnhof.<\/p>\n<p>[imagelist col=2]2014-mvg-linienplan-u9-beispiel1,2014-mvg-linienplan-u9-beispiel2[\/imagelist]<\/p>\n<p>SWM und MVG schlagen der Stadt vor, dieses Projekt auf Basis der vorliegenden Machbarkeitsstudie voranzutreiben und die Planung weiter zu vertiefen. Notwendig sind nun als n\u00e4chstes unter anderem detaillierte Untersuchungen zur Ausgestaltung der neuen Bahnh\u00f6fe. Das Betriebskonzept soll weiter verfeinert und noch genauer auf seine Auswirkungen hin \u00fcberpr\u00fcft werden. Wesentliche Grundlage f\u00fcr alle weiteren Planungsschritte ist zudem die Fortschreibung der Strukturdaten als Bewertungsgrundlage \u2013 etwa f\u00fcr die zwingend erforderliche Nutzen-Kosten-Rechnung. Zudem sind die baulichen Abh\u00e4ngigkeiten etwa zum geplanten neuen DB-Empfangsgeb\u00e4ude am Hauptbahnhof sowie zur 2. S-Bahn-Stammstrecke mit allen Beteiligten, nicht zuletzt auch dem Freistaat Bayern und der DB AG, zu kl\u00e4ren. Erst danach k\u00f6nnen genauere Aussagen zu den Kosten getroffen werden.<\/p>\n<p>Klar d\u00fcrfte sein, dass w\u00e4hrend der Bauzeit an den Verkn\u00fcpfungspunkten zum Bestandsnetz gr\u00f6\u00dfere Behinderungen zu erwarten sind bis hin zu l\u00e4ngeren Stilllegungen der betroffenen Abschnitte von U2, U3 und U6. So m\u00fcsste wohl auch der Tunnel unter der Leopoldstra\u00dfe erweitert werden &#8211; was nur mit gr\u00f6\u00dferen Sperrungen m\u00f6glich sein d\u00fcrfte.<\/p>\n<h4>Quelle:<\/h4>\n<p><a href=\"http:\/\/www.mvg-mobil.de\/presse\/2014-02-11_mvg-pressemeldung.pdf\" target=\"_blank\" rel=\"noopener\">MVG Pressemitteilung vom 11. Februar 2014: Projekt U9-Spange<\/a><\/p>\n","protected":false},"excerpt":{"rendered":"<p>Bereits seit einigen Jahren wird seitens der MVG eine weitere Innenstadtstrecke zur Entlastung der heutigen Strecken von U1\/U2 und U3\/U6 unter dem Arbeitstitel &#8222;U9&#8220; geplant. Am heutigen 11. Februar stellten die Stadtwerke M\u00fcnchen \/ M\u00fcnchner Verkehrsgesellschaft eine Machbarkeitsstudie vor, die diese &#8222;U9-Spange&#8220; genauer untersucht hat. Die Studie von SWM\/MVG und den M\u00fcnchner Ingenieurb\u00fcros SSF Ingenieure [&hellip;]<\/p>\n","protected":false},"author":2,"featured_media":0,"comment_status":"open","ping_status":"open","sticky":false,"template":"","format":"standard","meta":{"advanced_seo_description":"","jetpack_seo_html_title":"","jetpack_seo_noindex":false,"jetpack_seo_schema_type":"","_jetpack_newsletter_access":"","_jetpack_dont_email_post_to_subs":false,"_jetpack_newsletter_tier_id":0,"_jetpack_memberships_contains_paywalled_content":false,"_jetpack_feature_clip_id":0,"_jetpack_memberships_contains_paid_content":false,"footnotes":"","jetpack_post_was_ever_published":false},"categories":[9,18,2],"tags":[],"class_list":["post-387","post","type-post","status-publish","format-standard","hentry","category-betrieb","category-netz","category-u-bahnhofe"],"jetpack_shortlink":"https:\/\/wp.me\/p87CPJ-6f","jetpack-related-posts":[{"id":1031,"url":"https:\/\/www.u-bahn-muenchen.de\/blog\/2022\/11\/pressespiegel-stadtrat-bekennt-sich-zur-u9-u2-nach-feldkirchen-bleibt-unwahrscheinlich\/","url_meta":{"origin":387,"position":0},"title":"Pressespiegel: Stadtrat bekennt sich zur U9 \/ U2 nach Feldkirchen bleibt unwahrscheinlich","author":"Florian Sch\u00fctz","date":"25. November 2022","format":false,"excerpt":"Wie die S\u00fcddeutsche Zeitung heute berichtet, bekennt sich der Stadtrat zum Bau der U9 und will gr\u00fcnes Licht geben f\u00fcr den Bau des Vorhaltebauwerks am Hauptbahnhof, das zusammen mit den Bauarbeiten zur Zweiten S-Bahn-Stammstrecke errichtet werden soll. Die Kosten hierf\u00fcr muss die Stadt vorerst alleine stemmen, da f\u00fcr die U9\u2026","rel":"","context":"In &quot;Netz&quot;","block_context":{"text":"Netz","link":"https:\/\/www.u-bahn-muenchen.de\/blog\/category\/netz\/"},"img":{"alt_text":"","src":"","width":0,"height":0},"classes":[]},{"id":611,"url":"https:\/\/www.u-bahn-muenchen.de\/blog\/2021\/05\/terminankuendigung-infoveranstaltung-u-bahn-betriebshof-sued\/","url_meta":{"origin":387,"position":1},"title":"Terminank\u00fcndigung: Infoveranstaltung U-Bahn-Betriebshof S\u00fcd","author":"Florian Sch\u00fctz","date":"3. Mai 2021","format":false,"excerpt":"Die M\u00fcnchner Verkehrs\u00adgesellschaft wird am 12. Mai um 18:30 Uhr in einer virtuellen Infor\u00admations\u00advorstellung zum Zukunfts\u00adprojekt \"U-Bahn-Betriebshof S\u00fcd\" informieren. Der neue Stand\u00adort in Neuperlach S\u00fcd schafft Platz und Werkstatt\u00adkapazit\u00e4ten f\u00fcr die wachsende Zahl an U-Bahnz\u00fcgen. Sie erm\u00f6glichen es, das U-Bahnangebot auszubauen, das Streckennetz zu erweitern und die Leistungsf\u00e4higkeit des U-Bahnsystems\u2026","rel":"","context":"In &quot;Betrieb&quot;","block_context":{"text":"Betrieb","link":"https:\/\/www.u-bahn-muenchen.de\/blog\/category\/betrieb\/"},"img":{"alt_text":"","src":"","width":0,"height":0},"classes":[]},{"id":119,"url":"https:\/\/www.u-bahn-muenchen.de\/blog\/2010\/09\/taktverdichtungen-im-u-bahnnetz-bis-2020-geplant\/","url_meta":{"origin":387,"position":2},"title":"Taktverdichtungen im U-Bahnnetz bis 2020 geplant","author":"Florian Sch\u00fctz","date":"23. September 2010","format":false,"excerpt":"Wie die M\u00fcnchner Verkehrsgesellschaft in einem Pressegespr\u00e4ch am 23. September bekannt gab, sind im U-Bahn, Tram und Busbereich in den kommenden Jahren zahlreiche Angebotsverdichtungen und -ver\u00e4nderungen geplant. [img id=a_335_2 align=right]U-Bahn, Tram und Bus stehen bei ihren Fahrg\u00e4sten hoch im Kurs. Die Zufriedenheit der Kunden hat in der Vergangenheit kontinuierlich zugenommen.\u2026","rel":"","context":"In &quot;Betrieb&quot;","block_context":{"text":"Betrieb","link":"https:\/\/www.u-bahn-muenchen.de\/blog\/category\/betrieb\/"},"img":{"alt_text":"","src":"","width":0,"height":0},"classes":[]},{"id":876,"url":"https:\/\/www.u-bahn-muenchen.de\/blog\/2021\/10\/50-jahre-u-bahn-muenchen-pressekonferenz-der-mvg\/","url_meta":{"origin":387,"position":3},"title":"50 Jahre U-Bahn M\u00fcnchen: Pressekonferenz der MVG","author":"Florian Sch\u00fctz","date":"19. Oktober 2021","format":false,"excerpt":"[img id=50-jahre-u-bahn-a-wagen align=right]Heute vor 50 Jahren, am 19. Oktober 1971 wurde der erste Abschnitt der M\u00fcnchner U-Bahn in Betrieb genommen: Die erste Strecke vom Kieferngarten bis zum Goetheplatz war zw\u00f6lf Kilometer lang und umfasste 13 Bahnh\u00f6fe. Heute \u2013 50 Jahre sp\u00e4ter \u2013 ist die U-Bahn das R\u00fcckgrat des \u00f6ffentlichen Nahverkehrs\u2026","rel":"","context":"In &quot;Geschichte&quot;","block_context":{"text":"Geschichte","link":"https:\/\/www.u-bahn-muenchen.de\/blog\/category\/geschichte\/"},"img":{"alt_text":"","src":"","width":0,"height":0},"classes":[]},{"id":424,"url":"https:\/\/www.u-bahn-muenchen.de\/blog\/2015\/02\/vor-50-jahren-baustart-fuer-die-muenchner-u-bahn\/","url_meta":{"origin":387,"position":4},"title":"Vor 50 Jahren: Baustart f\u00fcr die M\u00fcnchner U-Bahn","author":"Frederik Buchleitner","date":"1. Februar 2015","format":false,"excerpt":"Heute vor 50 Jahren begann in M\u00fcnchen der U-Bahnbau. Ohne den Bau der U-Bahn w\u00e4re M\u00fcnchen heute sicherlich im Verkehrschaos erstickt. \u00dcber 380 Millionen Fahrg\u00e4ste transportieren die acht Linien derzeit j\u00e4hrlich. Vor exakt 50 Jahren erfolgte der Rammsto\u00df am heutigen U-Bahnhof Nordfriedhof. Der damalige Oberb\u00fcrgermeister Hans-Jochen Vogel begleitet das Ereignis\u2026","rel":"","context":"In &quot;Geschichte&quot;","block_context":{"text":"Geschichte","link":"https:\/\/www.u-bahn-muenchen.de\/blog\/category\/geschichte\/"},"img":{"alt_text":"","src":"","width":0,"height":0},"classes":[]},{"id":159,"url":"https:\/\/www.u-bahn-muenchen.de\/blog\/2010\/10\/handyversorgung-ab-samstag-auch-auf-der-u1-zum-oez\/","url_meta":{"origin":387,"position":5},"title":"Handyversorgung ab Samstag auch auf der U1 zum OEZ","author":"Florian Sch\u00fctz","date":"29. Oktober 2010","format":false,"excerpt":"Das Mobilfunknetz in der M\u00fcnchner U-Bahn wird um den Nordabschnitt der U-Bahnlinie U1 zum [bflink id=OE] erweitert. Die vier Netzbetreiber Vodafone, T-Mobile, E-Plus und Telef\u00f3nica O2 Germany nehmen die Sende- und Empfangsanlagen zwischen den U-Bahnstationen [bflink id=SM] und [bflink id=OE] am Samstag, 30. Oktober 2010, in Betrieb. Dieser Streckenabschnitt umfasst\u2026","rel":"","context":"In &quot;Technik&quot;","block_context":{"text":"Technik","link":"https:\/\/www.u-bahn-muenchen.de\/blog\/category\/technik\/"},"img":{"alt_text":"","src":"","width":0,"height":0},"classes":[]}],"jetpack_sharing_enabled":true,"jetpack_featured_media_url":"","_links":{"self":[{"href":"https:\/\/www.u-bahn-muenchen.de\/blog\/wp-json\/wp\/v2\/posts\/387","targetHints":{"allow":["GET"]}}],"collection":[{"href":"https:\/\/www.u-bahn-muenchen.de\/blog\/wp-json\/wp\/v2\/posts"}],"about":[{"href":"https:\/\/www.u-bahn-muenchen.de\/blog\/wp-json\/wp\/v2\/types\/post"}],"author":[{"embeddable":true,"href":"https:\/\/www.u-bahn-muenchen.de\/blog\/wp-json\/wp\/v2\/users\/2"}],"replies":[{"embeddable":true,"href":"https:\/\/www.u-bahn-muenchen.de\/blog\/wp-json\/wp\/v2\/comments?post=387"}],"version-history":[{"count":21,"href":"https:\/\/www.u-bahn-muenchen.de\/blog\/wp-json\/wp\/v2\/posts\/387\/revisions"}],"predecessor-version":[{"id":959,"href":"https:\/\/www.u-bahn-muenchen.de\/blog\/wp-json\/wp\/v2\/posts\/387\/revisions\/959"}],"wp:attachment":[{"href":"https:\/\/www.u-bahn-muenchen.de\/blog\/wp-json\/wp\/v2\/media?parent=387"}],"wp:term":[{"taxonomy":"category","embeddable":true,"href":"https:\/\/www.u-bahn-muenchen.de\/blog\/wp-json\/wp\/v2\/categories?post=387"},{"taxonomy":"post_tag","embeddable":true,"href":"https:\/\/www.u-bahn-muenchen.de\/blog\/wp-json\/wp\/v2\/tags?post=387"}],"curies":[{"name":"wp","href":"https:\/\/api.w.org\/{rel}","templated":true}]}}