{"id":377,"date":"2014-01-31T22:11:08","date_gmt":"2014-01-31T21:11:08","guid":{"rendered":"http:\/\/www.muenchnerubahn.de\/blog\/?p=377"},"modified":"2014-02-03T13:09:09","modified_gmt":"2014-02-03T12:09:09","slug":"c2-zug-auf-erster-testfahrt","status":"publish","type":"post","link":"https:\/\/www.u-bahn-muenchen.de\/blog\/2014\/01\/c2-zug-auf-erster-testfahrt\/","title":{"rendered":"C2-Zug auf erster Testfahrt"},"content":{"rendered":"<p>Neben den neuen Avenio-Trambahnen von Siemens befinden sich bei den SWM\/MVG auch neue U-Bahnen vom selben Hersteller in Auslieferung und Inbetriebsetzung. Die neuen U-Bahn-Gliederz\u00fcge vom Typ C2.11 sind eine Weiterentwicklung der ab 2000 gelieferten Typen C1.9 \/ C1.10 und basieren technisch auf dem \u201aInspiro\u2018 von Siemens. Von den 21 bestellten Fahrzeugen wurde der erste Zug mit der Nummer 701 nach ausgiebigen Testfahrten im Siemens Testcenter Wegberg-Wildenrath vor zehn Tagen per Bahn in die Technische Basis in Fr\u00f6ttmaning \u00fcberstellt. Am heutigen Freitag konnten erste Testfahrten im Betriebshofgel\u00e4nde beobachtet werden.<\/p>\n<div id=\"flickr\" style=\"width: 650px\" class=\"wp-caption alignnone\"><a href=\"http:\/\/www.flickr.com\/photos\/frederikb\/12235859235\/\"><img decoding=\"async\" aria-describedby=\"caption-flickr\" src=\"http:\/\/farm4.staticflickr.com\/3724\/12235859235_4442e46b22_z.jpg\" title=\"C2-Zug 701 in Fr\u00f6ttmaning\" alt=\"C2-Zug 701 in Fr\u00f6ttmaning\"><\/a><p id=\"caption-flickr\" class=\"wp-caption-text\">Auf dem Bremsgleis der Technischen Basis in Fr\u00f6ttmaning proben die Siemens-Techniker zahlreiche Betriebssituationen mit dem neuen Gliederzug (Bild: Frederik Buchleitner)<\/p><\/div>\n<p>Eigentlich sollten auch die neuen C2-Z\u00fcge zum Fahrplanwechsel den Dienst aufnehmen, doch \u00e4hnlich wie bei der Trambahn kam es zu Verz\u00f6gerungen, sodass bisher noch kein Termin bekannt wurde, an welchem die ersten Fahrzeuge den Fahrg\u00e4sten \u00fcbergeben werden.<\/p>\n<div id=\"flickr-2\" style=\"width: 650px\" class=\"wp-caption alignnone\"><a href=\"http:\/\/www.flickr.com\/photos\/frederikb\/12236273444\/\"><img decoding=\"async\" aria-describedby=\"caption-flickr-2\" src=\"http:\/\/farm6.staticflickr.com\/5514\/12236273444_15f806e3ee_z.jpg\" title=\"C2-Zug 701 in Fr\u00f6ttmaning\" alt=\"C2-Zug 701 in Fr\u00f6ttmaning\"><\/a><p id=\"caption-flickr-2\" class=\"wp-caption-text\">Auf der Fahrt \u00fcber das Bremsgleis passiert der Zug die Werkstatthallen (Bild: Frederik Buchleitner)<\/p><\/div>\n<div id=\"flickr-3\" style=\"width: 650px\" class=\"wp-caption alignnone\"><a href=\"http:\/\/www.flickr.com\/photos\/frederikb\/12235860055\/\"><img decoding=\"async\" aria-describedby=\"caption-flickr-3\" src=\"http:\/\/farm8.staticflickr.com\/7446\/12235860055_7e6c1f53a4_z.jpg\" title=\"C2-Zug 701 in Fr\u00f6ttmaning\" alt=\"C2-Zug 701 in Fr\u00f6ttmaning\"><\/a><p id=\"caption-flickr-3\" class=\"wp-caption-text\">Und wenig sp\u00e4ter den U-Bahnhof Fr\u00f6ttmaning (Bild: Frederik Buchleitner)<\/p><\/div>\n","protected":false},"excerpt":{"rendered":"<p>Neben den neuen Avenio-Trambahnen von Siemens befinden sich bei den SWM\/MVG auch neue U-Bahnen vom selben Hersteller in Auslieferung und Inbetriebsetzung. Die neuen U-Bahn-Gliederz\u00fcge vom Typ C2.11 sind eine Weiterentwicklung der ab 2000 gelieferten Typen C1.9 \/ C1.10 und basieren technisch auf dem \u201aInspiro\u2018 von Siemens. Von den 21 bestellten Fahrzeugen wurde der erste Zug [&hellip;]<\/p>\n","protected":false},"author":6,"featured_media":0,"comment_status":"open","ping_status":"open","sticky":false,"template":"","format":"standard","meta":{"advanced_seo_description":"","jetpack_seo_html_title":"","jetpack_seo_noindex":false,"jetpack_seo_schema_type":"","_jetpack_newsletter_access":"","_jetpack_dont_email_post_to_subs":false,"_jetpack_newsletter_tier_id":0,"_jetpack_memberships_contains_paywalled_content":false,"_jetpack_feature_clip_id":0,"_jetpack_memberships_contains_paid_content":false,"footnotes":"","jetpack_post_was_ever_published":false},"categories":[11],"tags":[16,15,17,12,13,14],"class_list":["post-377","post","type-post","status-publish","format-standard","hentry","category-fahrzeuge","tag-16","tag-15","tag-17","tag-c2","tag-c2-zug","tag-siemens"],"jetpack_shortlink":"https:\/\/wp.me\/p87CPJ-65","jetpack-related-posts":[{"id":413,"url":"https:\/\/www.u-bahn-muenchen.de\/blog\/2014\/05\/c2-zug-702-kommt-fuer-701\/","url_meta":{"origin":377,"position":0},"title":"C2-Zug 702 kommt f\u00fcr 701","author":"Frederik Buchleitner","date":"22. Mai 2014","format":false,"excerpt":"Neben den acht neuen Avenio-Trambahnen befinden sich auch die neuen U-Bahnen vom Typ C2 im Zulassungsverfahren. Nachdem der erstgelieferte Wagen 701 Probefahrten im U-Bahnnetz absolvierte, wurde er am vergangenen Montag zum Siemens-Pr\u00fcfcenter Wegberg-Wildenrath \u00fcberf\u00fchrt. Jedoch nahm zeitgleich bereits der n\u00e4chste C2-Zug Kurs auf M\u00fcnchen: Wagen 702 wurde per Bahn im\u2026","rel":"","context":"In &quot;Fahrzeuge&quot;","block_context":{"text":"Fahrzeuge","link":"https:\/\/www.u-bahn-muenchen.de\/blog\/category\/fahrzeuge\/"},"img":{"alt_text":"","src":"","width":0,"height":0},"classes":[]},{"id":529,"url":"https:\/\/www.u-bahn-muenchen.de\/blog\/2019\/06\/c2-auslieferung-der-zweiten-bauserie-beginnt\/","url_meta":{"origin":377,"position":1},"title":"C2: Auslieferung der zweiten Bauserie beginnt","author":"Florian Sch\u00fctz","date":"17. Juni 2019","format":false,"excerpt":"Die erste von insgesamt 24 neuen U-Bahnen f\u00fcr M\u00fcnchen ist da: Siemens hat den Zug vom Typ C2 mit der Wagennummer 722 in der vergangenen Woche in die Technische Basis der U-Bahn in Fr\u00f6ttmaning \u00fcberf\u00fchrt. Dort wird der Zug nun betriebsbereit gemacht, umfangreichen Tests unterzogen und schlie\u00dflich zugelassen. Er soll\u2026","rel":"","context":"In &quot;Betrieb&quot;","block_context":{"text":"Betrieb","link":"https:\/\/www.u-bahn-muenchen.de\/blog\/category\/betrieb\/"},"img":{"alt_text":"","src":"","width":0,"height":0},"classes":[]},{"id":1213,"url":"https:\/\/www.u-bahn-muenchen.de\/blog\/2026\/07\/c2-lieferung-nach-85-zuegen-abgeschlossen\/","url_meta":{"origin":377,"position":2},"title":"C2: Lieferung nach 85 Z\u00fcgen und gut 10 Jahren abgeschlossen","author":"Florian Sch\u00fctz","date":"30. Juli 2026","format":false,"excerpt":"Gut zehn Jahre nach Beginn der Auslieferung hat die MVG am 30. Juli 2026 den letzten Zug des Typs C2 in Betrieb genommen: Wagen 785 schlie\u00dft damit die gr\u00f6\u00dfte Fahrzeugbeschaffung in der Geschichte der M\u00fcnchner U-Bahn ab. [img id=YT=BqzRndaybHM align=right size=mittel2] Insgesamt 85 sechsteilige C2-Z\u00fcge wurden im Siemens-Werk Wien gefertigt\u2026","rel":"","context":"In &quot;Fahrzeuge&quot;","block_context":{"text":"Fahrzeuge","link":"https:\/\/www.u-bahn-muenchen.de\/blog\/category\/fahrzeuge\/"},"img":{"alt_text":"","src":"","width":0,"height":0},"classes":[]},{"id":995,"url":"https:\/\/www.u-bahn-muenchen.de\/blog\/2022\/04\/neue-u-bahnen-fuer-muenchen-swm-und-mvg-erhalten-weitere-zuege-der-neuesten-generation\/","url_meta":{"origin":377,"position":3},"title":"Neue U-Bahnen f\u00fcr M\u00fcnchen: SWM und MVG erhalten weitere Z\u00fcge der neuesten Generation","author":"Florian Sch\u00fctz","date":"27. April 2022","format":false,"excerpt":"Die Stadtwerke M\u00fcnchen (SWM) setzen die Modernisierung der U-Bahn-Flotte der M\u00fcnchner Verkehrsgesellschaft (MVG) fort: Am Mittwoch, 27. April 2022, haben SWM und MVG an der Technischen Basis in Fr\u00f6ttmaning den ersten von insgesamt 22 Z\u00fcgen des Typs C2 der dritten Lieferserie (so genannte 2. Option) \u00fcbernommen. Dort wird der Zug\u2026","rel":"","context":"In &quot;Fahrzeuge&quot;","block_context":{"text":"Fahrzeuge","link":"https:\/\/www.u-bahn-muenchen.de\/blog\/category\/fahrzeuge\/"},"img":{"alt_text":"","src":"","width":0,"height":0},"classes":[]},{"id":406,"url":"https:\/\/www.u-bahn-muenchen.de\/blog\/2014\/02\/c2-zug-wird-am-21-februar-praesentiert\/","url_meta":{"origin":377,"position":4},"title":"C2-Zug wird am 21. Februar pr\u00e4sentiert","author":"Florian Sch\u00fctz","date":"16. Februar 2014","format":false,"excerpt":"Die neue Zug-Generation vom Typ C2 sollte urspr\u00fcnglich schon Ende 2013 in Betrieb gehen, doch seit einigen Wochen befindet sich nun das erste Exemplar in M\u00fcnchen und dreht bisher vornehmlich auf dem Gel\u00e4nde der Technischen Basis in Fr\u00f6ttmaning seine Runden. Am Freitag, 21. Februar 2014 wird die MVG nun den\u2026","rel":"","context":"In &quot;Fahrzeuge&quot;","block_context":{"text":"Fahrzeuge","link":"https:\/\/www.u-bahn-muenchen.de\/blog\/category\/fahrzeuge\/"},"img":{"alt_text":"","src":"","width":0,"height":0},"classes":[]},{"id":852,"url":"https:\/\/www.u-bahn-muenchen.de\/blog\/2021\/08\/c2-einsatz-seit-heute-auch-auf-der-u1\/","url_meta":{"origin":377,"position":5},"title":"C2-Einsatz seit heute auch auf der U1","author":"Florian Sch\u00fctz","date":"18. August 2021","format":false,"excerpt":"Nachdem die C2-Z\u00fcge bisher nur auf der U2, U3 und U6 anzutreffen waren, sind sie seit dem heutigen Tag auch auf der U1 zugelassen. Seit der Pr\u00e4sentation des ersten C2-Zuges im Februar 2014 am [bflink id=GB] waren keine C2-Z\u00fcge mehr im regul\u00e4ren Betrieb auf der U1. Hintergrund zum Zulassungsverfahren [img\u2026","rel":"","context":"In &quot;Fahrzeuge&quot;","block_context":{"text":"Fahrzeuge","link":"https:\/\/www.u-bahn-muenchen.de\/blog\/category\/fahrzeuge\/"},"img":{"alt_text":"","src":"","width":0,"height":0},"classes":[]}],"jetpack_sharing_enabled":true,"jetpack_featured_media_url":"","_links":{"self":[{"href":"https:\/\/www.u-bahn-muenchen.de\/blog\/wp-json\/wp\/v2\/posts\/377","targetHints":{"allow":["GET"]}}],"collection":[{"href":"https:\/\/www.u-bahn-muenchen.de\/blog\/wp-json\/wp\/v2\/posts"}],"about":[{"href":"https:\/\/www.u-bahn-muenchen.de\/blog\/wp-json\/wp\/v2\/types\/post"}],"author":[{"embeddable":true,"href":"https:\/\/www.u-bahn-muenchen.de\/blog\/wp-json\/wp\/v2\/users\/6"}],"replies":[{"embeddable":true,"href":"https:\/\/www.u-bahn-muenchen.de\/blog\/wp-json\/wp\/v2\/comments?post=377"}],"version-history":[{"count":7,"href":"https:\/\/www.u-bahn-muenchen.de\/blog\/wp-json\/wp\/v2\/posts\/377\/revisions"}],"predecessor-version":[{"id":385,"href":"https:\/\/www.u-bahn-muenchen.de\/blog\/wp-json\/wp\/v2\/posts\/377\/revisions\/385"}],"wp:attachment":[{"href":"https:\/\/www.u-bahn-muenchen.de\/blog\/wp-json\/wp\/v2\/media?parent=377"}],"wp:term":[{"taxonomy":"category","embeddable":true,"href":"https:\/\/www.u-bahn-muenchen.de\/blog\/wp-json\/wp\/v2\/categories?post=377"},{"taxonomy":"post_tag","embeddable":true,"href":"https:\/\/www.u-bahn-muenchen.de\/blog\/wp-json\/wp\/v2\/tags?post=377"}],"curies":[{"name":"wp","href":"https:\/\/api.w.org\/{rel}","templated":true}]}}