{"id":363,"date":"2013-11-21T23:01:29","date_gmt":"2013-11-21T22:01:29","guid":{"rendered":"http:\/\/www.muenchnerubahn.de\/blog\/?p=363"},"modified":"2023-04-06T21:41:11","modified_gmt":"2023-04-06T19:41:11","slug":"muenchner-fenster-die-fahrgaeste-sehen-fern","status":"publish","type":"post","link":"https:\/\/www.u-bahn-muenchen.de\/blog\/2013\/11\/muenchner-fenster-die-fahrgaeste-sehen-fern\/","title":{"rendered":"M\u00fcnchner Fenster: Die Fahrg\u00e4ste sehen fern"},"content":{"rendered":"\n<p class=\"wp-block-paragraph\">Bereits <a href=\"\/aktuelles\/2010\/03\/infotainment-fahrgastinfo\/\" target=\"_blank\" rel=\"noopener\">2010<\/a> stellte die MVG die ersten Fahrgastinfo-Monitore in Z\u00fcgen der U-Bahn-Baureihe A vor. Dass bis zum Fahrgasteinsatz drei Jahre vergingen, lag an langwierigen Ausschreibungs- und Genehmigungsverfahren; schlie\u00dflich musste nachgewiesen werden, dass die neue Technik sich nicht auf die bisherige Fahrzeug- und Streckentechnik auswirkt oder sie beeinflusst.<\/p>\n\n\n\n<figure class=\"wp-block-image\"><a href=\"https:\/\/www.flickr.com\/photos\/frederikb\/10983011214\/\"><img decoding=\"async\" src=\"https:\/\/farm6.staticflickr.com\/5490\/10983011214_218dacd20c.jpg\" alt=\"Das neue \u201eM\u00fcnchner Fenster\u201c im A-Wagen 6340\/7340 auf den ersten Runden im Fahrgastbetrieb\" title=\"Das neue \u201eM\u00fcnchner Fenster\u201c im A-Wagen 6340\/7340 auf den ersten Runden im Fahrgastbetrieb\"\/><\/a><\/figure>\n\n\n\n<p class=\"wp-block-paragraph\">Doch ab dem heutigen Donnerstag kann das \u201eM\u00fcnchner Fenster&#8220; endlich loslegen. Nachdem am Morgen vor der Presse die neuen Informationsmonitore der U-Bahnen feierlich enth\u00fcllt wurden, ging heute gegen 19 Uhr der erste U-Bahn-Zug vom Typ A mit aktiviertem \u201eU-Bahn-Fernsehen\u201c in den Fahrgasteinsatz auf die U6. <\/p>\n\n\n\n<!--more-->\n\n\n\n<figure class=\"wp-block-image alignnone size-medium wp-image-2453\"><img decoding=\"async\" src=\"\/bild\/gross\/u-bahn_fernsehen.jpg\" alt=\"Andreas Orth, Gesch\u00e4ftsf\u00fchrer der mc R&amp;D GmbH (M\u00fcnchner Fenster) und MVG-Chef Herbert K\u00f6nig enth\u00fcllen das neue Fahrgastinformationssystem (Bild: SWM\/MVG)\" class=\"wp-image-2453\"\/><figcaption class=\"wp-element-caption\">Andreas Orth, Gesch\u00e4ftsf\u00fchrer der mc R&amp;D GmbH (M\u00fcnchner Fenster) und MVG-Chef Herbert K\u00f6nig enth\u00fcllen das neue Fahrgastinformationssystem (Bild: SWM\/MVG)<\/figcaption><\/figure>\n\n\n\n<p class=\"wp-block-paragraph\">Wie bei den Trambahnen der Typen R2.2 Redesign, den Variobahnen S1.4 und S1.5 und dem neuen Avenio T1.6 sind die Doppelmonitore zweigeteilt: Der linke Bildschirm ist f\u00fcr Fahrgastinformation zust\u00e4ndig, w\u00e4hrend der rechte das sogenannte Infotainment zeigt. Auch in einigen R3.3-Wagen wurden die Bildschirme <a href=\"http:\/\/www.tramreport.de\/2013\/08\/14\/fahrgast-infodisplays-auch-im-r3-wagen\/\" target=\"_blank\" rel=\"noopener\">bereits nachger\u00fcstet<\/a>.<\/p>\n\n\n\n<figure class=\"wp-block-image alignnone\"><a href=\"https:\/\/www.flickr.com\/photos\/frederikb\/10983058234\/in\/photostream\/\"><img decoding=\"async\" src=\"https:\/\/farm4.staticflickr.com\/3742\/10983058234_80d02f2356.jpg\" alt=\"P\u00fcnktlich zum kommenden Fahrplanwechsel kann die MVG \u00fcber neue Linien (wie hier dem X30) informieren\"\/><\/a><figcaption class=\"wp-element-caption\">P\u00fcnktlich zum kommenden Fahrplanwechsel kann die MVG \u00fcber neue Linien (wie hier dem X30) informieren<\/figcaption><\/figure>\n\n\n\n<p class=\"wp-block-paragraph\">Der rechte Infotainment-Monitor zeigt in HD-Qualit\u00e4t Nachrichten, Service, Unterhaltung und (zur Finanzierung notwendige) Werbung. Eine Programmschleife besteht aus 15 Minuten, davon sind mindestens 80% redaktioneller Inhalt und maximal 20% Werbung.&nbsp;Die MVG f\u00fcllt 15 Prozent der Sendezeit mit aktuellen \u00d6PNV-bezogenen Informationen (Fahrplan\u00e4nderungen, Sonderverkehre, Baustelleninfos, besondere Tarifangebote).<br>Mehrmals t\u00e4glich findet eine Aktualisierung der Programmschleife statt.<\/p>\n\n\n\n<p class=\"wp-block-paragraph\">Der Fahrgastinformationsbildschirm zeigt bei U-Bahn und Tram den Linienverlauf mit den kommenden Haltestellen und wechselt kurz vor Erreichen der n\u00e4chsten Haltestelle auf die dortigen Umsteigem\u00f6glichkeiten und informiert auch \u00fcber in der N\u00e4he liegende Sehensw\u00fcrdigkeiten. Neu bei der U-Bahn ist, dass bereits teilweise die Anschl\u00fcsse in Echtzeit angezeigt werden. Die Daten werden \u00fcber ein Datenfunk\u00fcbertragungssystem durch sogenannte \u201eAccess Points\u201c (sinngem\u00e4\u00df \u201cDatentankstellen\u201d) in die Z\u00fcge \u00fcbertragen. Parallel mit der Ausr\u00fcstung der Z\u00fcge muss also auch die Infrastruktur entsprechend aufgebaut werden. Das M\u00fcnchner U-Bahnnetz hat 35 dieser \u201eAccess Points\u201d und bis Ende des Jahres sollen es deren 50 sein. Diese befinden sich an Endstationen, in Wendeanlagen sowie zun\u00e4chst entlang der U3 und U6 vor allem in der Innenstadt. Daher sind f\u00fcr die umger\u00fcsteten Z\u00fcge als Einsatzschwerpunkt diese beiden Linien geplant. Planungsziel des Ausbaus sind 400 dieser \u201eAccess Points\u201d; im kommenden Jahr soll bereits die H\u00e4lfte installiert sein. Mit jedem \u201eAccess Point\u201d steigt auch die Zahl der Umsteigebahnh\u00f6fe, f\u00fcr die Anschl\u00fcsse in Echtzeit angezeigt werden.&nbsp;F\u00fcr die Tram wird derzeit eine L\u00f6sung \u00fcber den Mobilfunkstandard <a href=\"http:\/\/de.wikipedia.org\/wiki\/Universal_Mobile_Telecommunications_System\" target=\"_blank\" rel=\"noopener\">UMTS<\/a> erarbeitet und voraussichtlich 2014 in Betrieb gehen.<\/p>\n\n\n\n<figure class=\"wp-block-image\"><a href=\"https:\/\/www.flickr.com\/photos\/frederikb\/10983049003\/in\/photostream\/\"><img decoding=\"async\" src=\"https:\/\/farm6.staticflickr.com\/5494\/10983049003_2372523f28.jpg\" alt=\"Im linken Monitor werden f\u00fcr den kommenden Halt die n\u00e4chsten Anschlussm\u00f6glichkeiten in Echtzeit angezeigt\" title=\"Im linken Monitor werden f\u00fcr den kommenden Halt die n\u00e4chsten Anschlussm\u00f6glichkeiten in Echtzeit angezeigt\"\/><\/a><\/figure>\n\n\n\n<figure class=\"wp-block-image\"><a href=\"https:\/\/www.flickr.com\/photos\/frederikb\/10983024434\/in\/photostream\/\"><img decoding=\"async\" src=\"https:\/\/farm4.staticflickr.com\/3677\/10983024434_08146eefb7.jpg\" alt=\"Der rechte Bildschirm zeigt unter anderem aktuelle Nachrichten in Kooperation mit der \u201aS\u00fcddeutschen Zeitung\u2018 oder der 'BR Rundschau'\" title=\"Der rechte Bildschirm zeigt unter anderem aktuelle Nachrichten in Kooperation mit der \u201aS\u00fcddeutschen Zeitung\u2018 oder der 'BR Rundschau'\"\/><\/a><\/figure>\n\n\n\n<figure class=\"wp-block-image\"><a href=\"https:\/\/www.flickr.com\/photos\/frederikb\/10983038604\/in\/photostream\/\"><img decoding=\"async\" src=\"https:\/\/farm6.staticflickr.com\/5526\/10983038604_64ab0b4757.jpg\" alt=\"Konzerttips, Filmkritiken, Nachrichten und andere Serviceinformationen wechseln sich mit MVG-Informationen (wie Fahrplan\u00e4nderungen, Baustelleninfos und Tarifangeboten) und Werbung ab\" title=\"Konzerttips, Filmkritiken, Nachrichten und andere Serviceinformationen wechseln sich mit MVG-Informationen (wie Fahrplan\u00e4nderungen, Baustelleninfos und Tarifangeboten) und Werbung ab\"\/><\/a><\/figure>\n\n\n\n<p class=\"wp-block-paragraph\">F\u00fcr die Auswahl der Inhalte setzte sich in einem Ausschreibungsverfahren die &#8218;mc R&amp;D GmbH&#8216; gegen andere Bewerber durch. Dieser Anbieter ist auch f\u00fcr die Inhalte des \u201eBerliner Fensters\u201c in den dortigen U- und Stra\u00dfenbahnen verantwortlich.&nbsp;<\/p>\n\n\n\n<figure class=\"wp-block-image\"><a href=\"https:\/\/www.flickr.com\/photos\/frederikb\/10983061903\/in\/photostream\/\"><img decoding=\"async\" src=\"https:\/\/farm8.staticflickr.com\/7395\/10983061903_c9a18e9272.jpg\" alt=\"Trotz der Vielzahl von Umsteigem\u00f6glichkeiten an den gro\u00dfen Knotenpunkten werden diese \u00fcbersichtlich dargestellt\" title=\"Trotz der Vielzahl von Umsteigem\u00f6glichkeiten an den gro\u00dfen Knotenpunkten werden diese \u00fcbersichtlich dargestellt\"\/><\/a><\/figure>\n\n\n\n<figure class=\"wp-block-image\"><a href=\"https:\/\/www.flickr.com\/photos\/frederikb\/10983046124\/in\/photostream\/\"><img decoding=\"async\" src=\"https:\/\/farm6.staticflickr.com\/5499\/10983046124_143694c666.jpg\" alt=\"Fehlen die Echtzeitdaten, werden die Anschlusslinien - nach Verkehrsmittel geordnet - dargestellt\" title=\"Fehlen die Echtzeitdaten, werden die Anschlusslinien - nach Verkehrsmittel geordnet - dargestellt\"\/><\/a><\/figure>\n\n\n\n<p class=\"wp-block-paragraph\">Aus den Stra\u00dfenbahnen, Bussen und den C-Z\u00fcgen der U-Bahn sind die automatischen Haltestellenansagen bereits bekannt. Diese Ansagen werden jetzt auch in den mit Informationsmonitoren nachger\u00fcsteten Z\u00fcgen der Baureihen A und B erschallen.<\/p>\n\n\n\n<figure class=\"wp-block-image\"><a href=\"https:\/\/www.flickr.com\/photos\/frederikb\/10983051944\/in\/photostream\/\"><img decoding=\"async\" src=\"https:\/\/farm3.staticflickr.com\/2834\/10983051944_dc521a1c11.jpg\" alt=\"Der neue ASR-Bildschirm ersetzt die bisherige IBIS-Bedieneinheit\" title=\"Der neue ASR-Bildschirm ersetzt die bisherige IBIS-Bedieneinheit\"\/><\/a><\/figure>\n\n\n\n<p class=\"wp-block-paragraph\">Bei der U-Bahn sind derzeit 15 Doppeltriebwagen der Type A mit insgesamt 240 Einzelbildschirmen ausger\u00fcstet. Diese fahren voraussichtlich ab dem morgigen Freitag auf den Linien U3 und U6.<br>Nachdem die Technische Aufsichtsbeh\u00f6rde den Start des neuen Systems abgesegnet hat, werden nun alle Wagen, die noch mindestens zehn Jahre in Betrieb bleiben, nachger\u00fcstet. Die 21 neuen Z\u00fcge vom Typ C2, die bis 2015 ausgeliefert werden, sind bereits ab Werk ausger\u00fcstet. Insgesamt geht es um ein Volumen von etwa 600 Wagen mit etwa 2000 Doppel-Monitoren und einem Zeitaufwand von ca. drei Jahren.<br>Bei der Trambahn werden ebenfalls alle modernen Z\u00fcge mit Monitoren f\u00fcr das neue System ausgestattet. Jedes Wagenteil soll jeweils eine Einheit mit zwei wie bei der U-Bahn angeordneten Doppelbildschirmen (12 Zoll) bekommen. Derzeit liegt die Ausstattungsquote mit Monitoren bereits bei etwa 65 Prozent. Geplant sind in der Tramflotte insgesamt rund 750 Doppel-Monitore.<\/p>\n\n\n\n<p class=\"wp-block-paragraph\"><em>Text und Bilder: <a href=\"http:\/\/www.tramreport.de\" target=\"_blank\" rel=\"noopener\">Frederik Buchleitner<\/a><\/em><\/p>\n","protected":false},"excerpt":{"rendered":"<p>Bereits 2010 stellte die MVG die ersten Fahrgastinfo-Monitore in Z\u00fcgen der U-Bahn-Baureihe A vor. Dass bis zum Fahrgasteinsatz drei Jahre vergingen, lag an langwierigen Ausschreibungs- und Genehmigungsverfahren; schlie\u00dflich musste nachgewiesen werden, dass die neue Technik sich nicht auf die bisherige Fahrzeug- und Streckentechnik auswirkt oder sie beeinflusst. Doch ab dem heutigen Donnerstag kann das \u201eM\u00fcnchner [&hellip;]<\/p>\n","protected":false},"author":6,"featured_media":0,"comment_status":"open","ping_status":"open","sticky":false,"template":"","format":"standard","meta":{"advanced_seo_description":"","jetpack_seo_html_title":"","jetpack_seo_noindex":false,"jetpack_seo_schema_type":"","_jetpack_newsletter_access":"","_jetpack_dont_email_post_to_subs":false,"_jetpack_newsletter_tier_id":0,"_jetpack_memberships_contains_paywalled_content":false,"_jetpack_feature_clip_id":0,"_jetpack_memberships_contains_paid_content":false,"footnotes":"","jetpack_post_was_ever_published":false},"categories":[9,11,10],"tags":[],"class_list":["post-363","post","type-post","status-publish","format-standard","hentry","category-betrieb","category-fahrzeuge","category-technik"],"jetpack_shortlink":"https:\/\/wp.me\/p87CPJ-5R","jetpack-related-posts":[{"id":559,"url":"https:\/\/www.u-bahn-muenchen.de\/blog\/2020\/07\/mvg-bestellt-weitere-22-zuege-des-typs-c2\/","url_meta":{"origin":363,"position":0},"title":"MVG bestellt weitere 22 Z\u00fcge des Typs C2","author":"Florian Sch\u00fctz","date":"2. Juli 2020","format":false,"excerpt":"Die Erneuerung der M\u00fcnchner U-Bahn-Flotte wird konsequent fortgesetzt: aus der zweiten Option der urspr\u00fcnglichen C2-Bestellung werden bei Siemens weitere 22 Z\u00fcge des Typs C2 abgerufen. Die neuen Fahrzeuge l\u00f6sen zwischen 2022 und 2024 alte Z\u00fcge vom Typ A ab. [img id=gb_c2_2 align=right text=Vorstellung_2014]Die 22 neuen C2-Z\u00fcge erg\u00e4nzen die bereits 2014\u2026","rel":"","context":"In &quot;Fahrzeuge&quot;","block_context":{"text":"Fahrzeuge","link":"https:\/\/www.u-bahn-muenchen.de\/blog\/category\/fahrzeuge\/"},"img":{"alt_text":"","src":"","width":0,"height":0},"classes":[]},{"id":168,"url":"https:\/\/www.u-bahn-muenchen.de\/blog\/2010\/11\/geplante-bestellung-neuer-zuge-vom-typ-c2-11\/","url_meta":{"origin":363,"position":1},"title":"Geplante Bestellung neuer Z\u00fcge vom Typ C2.11","author":"Boris Merath","date":"12. November 2010","format":false,"excerpt":"Der Fahrzeugpark der U-Bahn wurde mit der Zeit immer wieder in kleinen Serien an den steigenden Bedarf angepasst und erweitert. Jetzt will die MVG mit der gr\u00f6\u00dften Fahrzeugbestellung seit Inbetriebnahme der U-Bahn eine gro\u00dfe Menge an baugleichen Fahrzeugen beschaffen. [img id=c2-simulation_mvg size=mittel align=right text=Fotomontage_desneuen_ZugesBild:_SWM\/MVG]Erstmals sollen dabei U-Bahn-Wagen der ersten Generation\u2026","rel":"","context":"In &quot;Fahrzeuge&quot;","block_context":{"text":"Fahrzeuge","link":"https:\/\/www.u-bahn-muenchen.de\/blog\/category\/fahrzeuge\/"},"img":{"alt_text":"","src":"","width":0,"height":0},"classes":[]},{"id":995,"url":"https:\/\/www.u-bahn-muenchen.de\/blog\/2022\/04\/neue-u-bahnen-fuer-muenchen-swm-und-mvg-erhalten-weitere-zuege-der-neuesten-generation\/","url_meta":{"origin":363,"position":2},"title":"Neue U-Bahnen f\u00fcr M\u00fcnchen: SWM und MVG erhalten weitere Z\u00fcge der neuesten Generation","author":"Florian Sch\u00fctz","date":"27. April 2022","format":false,"excerpt":"Die Stadtwerke M\u00fcnchen (SWM) setzen die Modernisierung der U-Bahn-Flotte der M\u00fcnchner Verkehrsgesellschaft (MVG) fort: Am Mittwoch, 27. April 2022, haben SWM und MVG an der Technischen Basis in Fr\u00f6ttmaning den ersten von insgesamt 22 Z\u00fcgen des Typs C2 der dritten Lieferserie (so genannte 2. Option) \u00fcbernommen. Dort wird der Zug\u2026","rel":"","context":"In &quot;Fahrzeuge&quot;","block_context":{"text":"Fahrzeuge","link":"https:\/\/www.u-bahn-muenchen.de\/blog\/category\/fahrzeuge\/"},"img":{"alt_text":"","src":"","width":0,"height":0},"classes":[]},{"id":529,"url":"https:\/\/www.u-bahn-muenchen.de\/blog\/2019\/06\/c2-auslieferung-der-zweiten-bauserie-beginnt\/","url_meta":{"origin":363,"position":3},"title":"C2: Auslieferung der zweiten Bauserie beginnt","author":"Florian Sch\u00fctz","date":"17. Juni 2019","format":false,"excerpt":"Die erste von insgesamt 24 neuen U-Bahnen f\u00fcr M\u00fcnchen ist da: Siemens hat den Zug vom Typ C2 mit der Wagennummer 722 in der vergangenen Woche in die Technische Basis der U-Bahn in Fr\u00f6ttmaning \u00fcberf\u00fchrt. Dort wird der Zug nun betriebsbereit gemacht, umfangreichen Tests unterzogen und schlie\u00dflich zugelassen. Er soll\u2026","rel":"","context":"In &quot;Betrieb&quot;","block_context":{"text":"Betrieb","link":"https:\/\/www.u-bahn-muenchen.de\/blog\/category\/betrieb\/"},"img":{"alt_text":"","src":"","width":0,"height":0},"classes":[]},{"id":876,"url":"https:\/\/www.u-bahn-muenchen.de\/blog\/2021\/10\/50-jahre-u-bahn-muenchen-pressekonferenz-der-mvg\/","url_meta":{"origin":363,"position":4},"title":"50 Jahre U-Bahn M\u00fcnchen: Pressekonferenz der MVG","author":"Florian Sch\u00fctz","date":"19. Oktober 2021","format":false,"excerpt":"[img id=50-jahre-u-bahn-a-wagen align=right]Heute vor 50 Jahren, am 19. Oktober 1971 wurde der erste Abschnitt der M\u00fcnchner U-Bahn in Betrieb genommen: Die erste Strecke vom Kieferngarten bis zum Goetheplatz war zw\u00f6lf Kilometer lang und umfasste 13 Bahnh\u00f6fe. Heute \u2013 50 Jahre sp\u00e4ter \u2013 ist die U-Bahn das R\u00fcckgrat des \u00f6ffentlichen Nahverkehrs\u2026","rel":"","context":"In &quot;Geschichte&quot;","block_context":{"text":"Geschichte","link":"https:\/\/www.u-bahn-muenchen.de\/blog\/category\/geschichte\/"},"img":{"alt_text":"","src":"","width":0,"height":0},"classes":[]},{"id":258,"url":"https:\/\/www.u-bahn-muenchen.de\/blog\/2011\/10\/munchen-mags-mobil-150-jahre-mobilitat-fur-munchen-40-jahre-u-bahn\/","url_meta":{"origin":363,"position":5},"title":"M\u00fcnchen mag&#8217;s mobil! 150 Jahre Mobilit\u00e4t f\u00fcr M\u00fcnchen \u2013 40 Jahre U-Bahn.","author":"Florian Sch\u00fctz","date":"23. Oktober 2011","format":false,"excerpt":"Bei strahlendem Sonnenschein und mildem Herbstwetter pr\u00e4sentierte die M\u00fcnchner Verkehrsgesellschaft am Samstag, 22. Oktober Ihren G\u00e4sten ein buntes Festprogramm quer \u00fcber das Stadtgebiet verteilt. [img id=tram_betriebshof align=right]Los ging es kurz vor 10 Uhr mit einem Fahrzeugkorso aus historischen und aktuellen Bussen und Trambahnen von der Theatinerstra\u00dfe bis zum Max-Weber-Platz. Das\u2026","rel":"","context":"In &quot;Betrieb&quot;","block_context":{"text":"Betrieb","link":"https:\/\/www.u-bahn-muenchen.de\/blog\/category\/betrieb\/"},"img":{"alt_text":"","src":"","width":0,"height":0},"classes":[]}],"jetpack_sharing_enabled":true,"jetpack_featured_media_url":"","_links":{"self":[{"href":"https:\/\/www.u-bahn-muenchen.de\/blog\/wp-json\/wp\/v2\/posts\/363","targetHints":{"allow":["GET"]}}],"collection":[{"href":"https:\/\/www.u-bahn-muenchen.de\/blog\/wp-json\/wp\/v2\/posts"}],"about":[{"href":"https:\/\/www.u-bahn-muenchen.de\/blog\/wp-json\/wp\/v2\/types\/post"}],"author":[{"embeddable":true,"href":"https:\/\/www.u-bahn-muenchen.de\/blog\/wp-json\/wp\/v2\/users\/6"}],"replies":[{"embeddable":true,"href":"https:\/\/www.u-bahn-muenchen.de\/blog\/wp-json\/wp\/v2\/comments?post=363"}],"version-history":[{"count":11,"href":"https:\/\/www.u-bahn-muenchen.de\/blog\/wp-json\/wp\/v2\/posts\/363\/revisions"}],"predecessor-version":[{"id":1090,"href":"https:\/\/www.u-bahn-muenchen.de\/blog\/wp-json\/wp\/v2\/posts\/363\/revisions\/1090"}],"wp:attachment":[{"href":"https:\/\/www.u-bahn-muenchen.de\/blog\/wp-json\/wp\/v2\/media?parent=363"}],"wp:term":[{"taxonomy":"category","embeddable":true,"href":"https:\/\/www.u-bahn-muenchen.de\/blog\/wp-json\/wp\/v2\/categories?post=363"},{"taxonomy":"post_tag","embeddable":true,"href":"https:\/\/www.u-bahn-muenchen.de\/blog\/wp-json\/wp\/v2\/tags?post=363"}],"curies":[{"name":"wp","href":"https:\/\/api.w.org\/{rel}","templated":true}]}}