{"id":355,"date":"2012-05-10T08:29:58","date_gmt":"2012-05-10T07:29:58","guid":{"rendered":"http:\/\/www.muenchnerubahn.de\/blog\/?p=355"},"modified":"2026-05-30T10:13:56","modified_gmt":"2026-05-30T08:13:56","slug":"u-bahnhof-munchner-freiheit-umbau-wird-mit-dem-local-rail-award-ausgezeichnet","status":"publish","type":"post","link":"https:\/\/www.u-bahn-muenchen.de\/blog\/2012\/05\/u-bahnhof-munchner-freiheit-umbau-wird-mit-dem-local-rail-award-ausgezeichnet\/","title":{"rendered":"U-Bahnhof M\u00fcnchner Freiheit: Umbau wird mit dem Local Rail Award ausgezeichnet"},"content":{"rendered":"<p>Die [bflink id=MU] ist jetzt preisgekr\u00f6nt: F\u00fcr die gelungene Erneuerung der Umsteigehaltestelle an der Oberfl\u00e4che und die Modernisierung der U-Bahnstation hat die M\u00fcnchner Verkehrsgesellschaft (MVG) am 9. Mai in Warschau den \u201eLocal Rail Award\u201c der UITP (Internationaler Verband f\u00fcr \u00f6ffentliches Verkehrswesen) in der Kategorie \u201eStops and stations\u201c erhalten.<\/p>\n<p>Gew\u00fcrdigt wird mit der erstmals vergebenen Auszeichnung die vorbildliche Neugestaltung des Knotenpunkts zu einem attraktiven und optisch ansprechenden Aush\u00e4ngeschild des Nahverkehrs mit hohem Zusatznutzen f\u00fcr die Fahrg\u00e4ste \u2013 in einem st\u00e4dtebaulich anspruchsvollen Umfeld. UITP-Pr\u00e4sident Alain Flausch \u00fcberreichte den Preis im Rahmen des \u201eLocal Rail Summit\u201c in Warschau.<\/p>\n<p>[imagelist col=4]mu_6,mu_16,mu_9,mu_14[\/imagelist]Die v\u00f6llig neu gestaltete Bus- und Tramhaltestelle sowie der neue U-Bahnhof gingen zum Fahrplanwechsel im Dezember 2009 in Betrieb. Die Stadtwerke M\u00fcnchen (SWM) hatten den 1971 er\u00f6ffneten U-Bahnhof 2008 bis 2009 umfassend saniert, neu gestaltet, brandschutztechnisch ert\u00fcchtigt und barrierefrei ausgebaut.<\/p>\n<p>[img id=mu_trambahnhof size=mittel align=right]Das neue Licht- und Farbkonzept stammt von dem weltweit renommierten Schwabinger Lichtdesigner Ingo Maurer. W\u00e4hrend die bestehende Architektur weitgehend erhalten blieb, wurde das sichtbar in die Tage gekommene Erscheinungsbild der viergleisigen U-Bahnstation vollst\u00e4ndig \u00fcberarbeitet.<\/p>\n<p>Die Bus- und Tramhaltestelle mit ihrem markanten und weithin sichtbaren Dach wurde im Zuge der Neubaustrecke f\u00fcr die Tram 23 als Ersatz f\u00fcr einen unansehnlichen Zweckbau errichtet. Das Dach z\u00e4hlt inzwischen zu den architektonischen Markenzeichen des Stadtviertels und findet durch seine au\u00dfergew\u00f6hnliche Gestaltung \u2013 wie auch der U-Bahnhof \u2013 international gro\u00dfe Beachtung.<\/p>\n<h3>Siehe auch:<\/h3>\n<p><a href=\"\/aktuelles\/2009\/12\/muenchner-freiheit\/\">\u00bb Vorstellung Bahnhofsumbau M\u00fcnchner Freiheit (2009)<\/a><br \/>\n<a href='\/aktuelles\/2007\/12\/neugestaltung-muenchner-freiheit\/'>\u00bb Sanierung und Neugestaltung U-Bahnhof M\u00fcnchner Freiheit (2007)<\/a>.<\/p>\n<h3>Quelle:<\/h3>\n<p><a href=\"http:\/\/www.mvg-mobil.de\/presse\/2012-05-09b_mvg-pressemeldung.pdf\" target=\"_blank\">MVG-Pressemeldung vom 9. Mai 2012: MVG: Internationaler Preis f\u00fcr M\u00fcnchner Freiheit<\/a><\/p>\n","protected":false},"excerpt":{"rendered":"<p>Die [bflink id=MU] ist jetzt preisgekr\u00f6nt: F\u00fcr die gelungene Erneuerung der Umsteigehaltestelle an der Oberfl\u00e4che und die Modernisierung der U-Bahnstation hat die M\u00fcnchner Verkehrsgesellschaft (MVG) am 9. Mai in Warschau den \u201eLocal Rail Award\u201c der UITP (Internationaler Verband f\u00fcr \u00f6ffentliches Verkehrswesen) in der Kategorie \u201eStops and stations\u201c erhalten. Gew\u00fcrdigt wird mit der erstmals vergebenen Auszeichnung [&hellip;]<\/p>\n","protected":false},"author":2,"featured_media":0,"comment_status":"open","ping_status":"open","sticky":false,"template":"","format":"standard","meta":{"advanced_seo_description":"","jetpack_seo_html_title":"","jetpack_seo_noindex":false,"jetpack_seo_schema_type":"","_jetpack_newsletter_access":"","_jetpack_dont_email_post_to_subs":false,"_jetpack_newsletter_tier_id":0,"_jetpack_memberships_contains_paywalled_content":false,"_jetpack_feature_clip_id":0,"_jetpack_memberships_contains_paid_content":false,"footnotes":"","jetpack_post_was_ever_published":false},"categories":[2],"tags":[],"class_list":["post-355","post","type-post","status-publish","format-standard","hentry","category-u-bahnhofe"],"jetpack_shortlink":"https:\/\/wp.me\/p87CPJ-5J","jetpack-related-posts":[{"id":995,"url":"https:\/\/www.u-bahn-muenchen.de\/blog\/2022\/04\/neue-u-bahnen-fuer-muenchen-swm-und-mvg-erhalten-weitere-zuege-der-neuesten-generation\/","url_meta":{"origin":355,"position":0},"title":"Neue U-Bahnen f\u00fcr M\u00fcnchen: SWM und MVG erhalten weitere Z\u00fcge der neuesten Generation","author":"Florian Sch\u00fctz","date":"27. April 2022","format":false,"excerpt":"Die Stadtwerke M\u00fcnchen (SWM) setzen die Modernisierung der U-Bahn-Flotte der M\u00fcnchner Verkehrsgesellschaft (MVG) fort: Am Mittwoch, 27. April 2022, haben SWM und MVG an der Technischen Basis in Fr\u00f6ttmaning den ersten von insgesamt 22 Z\u00fcgen des Typs C2 der dritten Lieferserie (so genannte 2. Option) \u00fcbernommen. Dort wird der Zug\u2026","rel":"","context":"In &quot;Fahrzeuge&quot;","block_context":{"text":"Fahrzeuge","link":"https:\/\/www.u-bahn-muenchen.de\/blog\/category\/fahrzeuge\/"},"img":{"alt_text":"","src":"","width":0,"height":0},"classes":[]},{"id":876,"url":"https:\/\/www.u-bahn-muenchen.de\/blog\/2021\/10\/50-jahre-u-bahn-muenchen-pressekonferenz-der-mvg\/","url_meta":{"origin":355,"position":1},"title":"50 Jahre U-Bahn M\u00fcnchen: Pressekonferenz der MVG","author":"Florian Sch\u00fctz","date":"19. Oktober 2021","format":false,"excerpt":"[img id=50-jahre-u-bahn-a-wagen align=right]Heute vor 50 Jahren, am 19. Oktober 1971 wurde der erste Abschnitt der M\u00fcnchner U-Bahn in Betrieb genommen: Die erste Strecke vom Kieferngarten bis zum Goetheplatz war zw\u00f6lf Kilometer lang und umfasste 13 Bahnh\u00f6fe. Heute \u2013 50 Jahre sp\u00e4ter \u2013 ist die U-Bahn das R\u00fcckgrat des \u00f6ffentlichen Nahverkehrs\u2026","rel":"","context":"In &quot;Geschichte&quot;","block_context":{"text":"Geschichte","link":"https:\/\/www.u-bahn-muenchen.de\/blog\/category\/geschichte\/"},"img":{"alt_text":"","src":"","width":0,"height":0},"classes":[]},{"id":258,"url":"https:\/\/www.u-bahn-muenchen.de\/blog\/2011\/10\/munchen-mags-mobil-150-jahre-mobilitat-fur-munchen-40-jahre-u-bahn\/","url_meta":{"origin":355,"position":2},"title":"M\u00fcnchen mag&#8217;s mobil! 150 Jahre Mobilit\u00e4t f\u00fcr M\u00fcnchen \u2013 40 Jahre U-Bahn.","author":"Florian Sch\u00fctz","date":"23. Oktober 2011","format":false,"excerpt":"Bei strahlendem Sonnenschein und mildem Herbstwetter pr\u00e4sentierte die M\u00fcnchner Verkehrsgesellschaft am Samstag, 22. Oktober Ihren G\u00e4sten ein buntes Festprogramm quer \u00fcber das Stadtgebiet verteilt. [img id=tram_betriebshof align=right]Los ging es kurz vor 10 Uhr mit einem Fahrzeugkorso aus historischen und aktuellen Bussen und Trambahnen von der Theatinerstra\u00dfe bis zum Max-Weber-Platz. Das\u2026","rel":"","context":"In &quot;Betrieb&quot;","block_context":{"text":"Betrieb","link":"https:\/\/www.u-bahn-muenchen.de\/blog\/category\/betrieb\/"},"img":{"alt_text":"","src":"","width":0,"height":0},"classes":[]},{"id":23,"url":"https:\/\/www.u-bahn-muenchen.de\/blog\/2010\/04\/bauma-2010\/","url_meta":{"origin":355,"position":3},"title":"bauma 2010","author":"Florian Sch\u00fctz","date":"24. April 2010","format":false,"excerpt":"Die bauma ist die weltweit gr\u00f6\u00dfte Messe der Baubranche. Die Fachmesse f\u00fcr Baumaschinen, Baustoffmaschinen, Bergbaumaschinen, Baufahrzeuge und Bauger\u00e4t findet alle drei Jahre auf dem Gel\u00e4nde der Neue Messe M\u00fcnchen statt und dauert jeweils sieben Tage. Dieses Jahr geht die Bauma vom 19. bis zum 25. April 2010 und verlangt von\u2026","rel":"","context":"In &quot;Betrieb&quot;","block_context":{"text":"Betrieb","link":"https:\/\/www.u-bahn-muenchen.de\/blog\/category\/betrieb\/"},"img":{"alt_text":"","src":"","width":0,"height":0},"classes":[]},{"id":755,"url":"https:\/\/www.u-bahn-muenchen.de\/blog\/2021\/06\/terminhinweis-virtuelle-infoveranstaltung-sendlinger-tor\/","url_meta":{"origin":355,"position":4},"title":"Terminhinweis: Virtuelle Infoveranstaltung Sendlinger Tor","author":"Florian Sch\u00fctz","date":"13. Juni 2021","format":false,"excerpt":"Am\u00a0Donnerstag, 24.06.2021 um 18.30 Uhr\u00a0l\u00e4dt die M\u00fcnchner Verkehrsgesellschaft zu einem virtuellen Informationsabend ein, um den aktuellen Zwischenstand der laufenden Erweiterungs- und Sanierungsarbeiten am U-Bahnhof [bflink id=SE] vorzustellen. Seit M\u00e4rz 2017 wird der U-Bahnhof Sendlinger Tor unter laufendem Betrieb umgebaut. Alle drei Ebenen werden komplett saniert, modernisiert, umgestaltet, barrierefrei ausgebaut, brandschutztechnisch\u2026","rel":"","context":"In &quot;St\u00f6rungen und Bauarbeiten&quot;","block_context":{"text":"St\u00f6rungen und Bauarbeiten","link":"https:\/\/www.u-bahn-muenchen.de\/blog\/category\/storungen-und-bauarbeiten\/"},"img":{"alt_text":"","src":"","width":0,"height":0},"classes":[]},{"id":20,"url":"https:\/\/www.u-bahn-muenchen.de\/blog\/2010\/05\/paolo-nestler\/","url_meta":{"origin":355,"position":5},"title":"Paolo Nestler &#8211; Ein Nachruf","author":"Florian Sch\u00fctz","date":"8. Mai 2010","format":false,"excerpt":"Vor wenigen Wochen ist einer der Pioniere der M\u00fcnchner U-Bahn im Alter von 89 Jahren gestorben: Professor Paolo Nestler. Obwohl der Name vermutlich wenigen etwas sagt, kennt jeder M\u00fcnchner zahlreiche seiner Bauwerke: Paolo Nestler zeichnet sich f\u00fcr eine Vielzahl an U-Bahnh\u00f6fen in M\u00fcnchen verantwortlich, darunter fast alle des 1971 er\u00f6ffneten\u2026","rel":"","context":"In &quot;Geschichte&quot;","block_context":{"text":"Geschichte","link":"https:\/\/www.u-bahn-muenchen.de\/blog\/category\/geschichte\/"},"img":{"alt_text":"","src":"","width":0,"height":0},"classes":[]}],"jetpack_sharing_enabled":true,"jetpack_featured_media_url":"","_links":{"self":[{"href":"https:\/\/www.u-bahn-muenchen.de\/blog\/wp-json\/wp\/v2\/posts\/355","targetHints":{"allow":["GET"]}}],"collection":[{"href":"https:\/\/www.u-bahn-muenchen.de\/blog\/wp-json\/wp\/v2\/posts"}],"about":[{"href":"https:\/\/www.u-bahn-muenchen.de\/blog\/wp-json\/wp\/v2\/types\/post"}],"author":[{"embeddable":true,"href":"https:\/\/www.u-bahn-muenchen.de\/blog\/wp-json\/wp\/v2\/users\/2"}],"replies":[{"embeddable":true,"href":"https:\/\/www.u-bahn-muenchen.de\/blog\/wp-json\/wp\/v2\/comments?post=355"}],"version-history":[{"count":4,"href":"https:\/\/www.u-bahn-muenchen.de\/blog\/wp-json\/wp\/v2\/posts\/355\/revisions"}],"predecessor-version":[{"id":1133,"href":"https:\/\/www.u-bahn-muenchen.de\/blog\/wp-json\/wp\/v2\/posts\/355\/revisions\/1133"}],"wp:attachment":[{"href":"https:\/\/www.u-bahn-muenchen.de\/blog\/wp-json\/wp\/v2\/media?parent=355"}],"wp:term":[{"taxonomy":"category","embeddable":true,"href":"https:\/\/www.u-bahn-muenchen.de\/blog\/wp-json\/wp\/v2\/categories?post=355"},{"taxonomy":"post_tag","embeddable":true,"href":"https:\/\/www.u-bahn-muenchen.de\/blog\/wp-json\/wp\/v2\/tags?post=355"}],"curies":[{"name":"wp","href":"https:\/\/api.w.org\/{rel}","templated":true}]}}