{"id":325,"date":"2012-04-11T16:39:53","date_gmt":"2012-04-11T15:39:53","guid":{"rendered":"http:\/\/www.muenchnerubahn.de\/blog\/?p=325"},"modified":"2026-07-02T22:51:26","modified_gmt":"2026-07-02T20:51:26","slug":"machbarkeitsstudie-erweiterung-u-bahnhof-sendlinger-tor","status":"publish","type":"post","link":"https:\/\/www.u-bahn-muenchen.de\/blog\/2012\/04\/machbarkeitsstudie-erweiterung-u-bahnhof-sendlinger-tor\/","title":{"rendered":"Machbarkeitsstudie Erweiterung U-Bahnhof Sendlinger Tor"},"content":{"rendered":"\n<p class=\"wp-block-paragraph\">Aufgrund von Sch\u00e4den am Bauwerk sowie Kapazit\u00e4tsengp\u00e4ssen im zentralen Umsteigebereich soll der Bahnhof [bflink id=SE] saniert und umfassend durch neue Treppenanlagen erweitert werden. In einem Pressegespr\u00e4ch gab die MVG  heute die Ergebnisse einer Machbarkeitsstudie zur Kapazit\u00e4tserweiterung bekannt.<\/p>\n\n\n\n<p class=\"wp-block-paragraph\">Der U-Bahnhof Sendlinger Tor ist mit f\u00fcnf U-Bahn-Linien, 145000 Fahrg\u00e4sten, die dort t\u00e4glich Ein-, Aus- und Umsteigen und 1350 Zugabfahrten t\u00e4glich einer der am st\u00e4rksten belasteten Bahnh\u00f6fe des M\u00fcnchner U-Bahnnetzes. Nach der Er\u00f6ffnung 1971 wurde der Bahnhof 1980 zum Kreuzungsbahnhof zwischen der Strecke der U3\/6 und der Strecke der U1\/2\/7 erweitert &#8211; seit dieser Erweiterung haben sich die Fahrgastzahlen mehr als verdreifacht. Damit erf\u00fcllt der Bahnhof nicht mehr die Anforderungen, die durch die hohe Belastung an ihn gestellt werden. Gleichzeitig sind durch den Streusalzeinsatz an der Oberfl\u00e4che Sch\u00e4den an der Bauwerkssubstanz entstanden, die ohnehin eine umfassende Sanierung des Bahnhofs n\u00f6tig machen. In diesem Rahmen ist auch eine Verbesserung der Barrierefreiheit sowie des Brandschutzes n\u00f6tig.<br>\nBei dieser Gelegenheit sollen daher die Umsteigebeziehungen zwischen den beiden U-Bahn-Strecken optimiert sowie die Fahrgaststr\u00f6me \u00fcber zus\u00e4tzliche Verbindungen von der U1\/2-Ebene zum Sperrengeschoss beziehungsweise zur Oberfl\u00e4che entzerrt werden.<\/p>\n\n\n\n<p class=\"wp-block-paragraph\">Dies soll mit drei Ma\u00dfnahmen erfolgen:<\/p>\n\n\n\n<ul class=\"wp-block-list\">\n<li>Abbruch von Betriebsr\u00e4umen auf Ebene der U1\/2 f\u00fcr mehr Platz im Gang zwischen den beiden Bahnsteigen<\/li>\n\n\n\n<li>Anderung der Anordnung und Erh\u00f6hung der Zahl der Treppen und Rolltreppen zwischen dem Bahnsteig der U1\/2 und dem Bahnsteig der U3\/6<\/li>\n\n\n\n<li>Bau einer neuen Treppenanlage vom Nordende des U1\/2-Bahnsteigs zum Sperrengeschoss sowie einer weiteren Treppenanlage vom S\u00fcdende des Bahnsteigs direkt an die Oberfl\u00e4che<\/li>\n<\/ul>\n\n\n<p>[img id=se_umbau_fotomontage_neu_1 align=right text=Rolltreppenanlage_auf_Ebene_der_U1\/2<br_\/>Quelle:_SWM\/MVG]<\/p>\n\n\n\n<p class=\"wp-block-paragraph\">Au\u00dferdem wird das Sperrengeschoss vollst\u00e4ndig neu gestaltet und die Verkaufsfl\u00e4chen werden neu angeordnet und erweitert.<\/p>\n\n\n\n<p class=\"wp-block-paragraph\">Die Detailplanungen werden nun einige Jahren in Anspruch nehmen, unter anderem ist wegen dem gro\u00dfen Umfang der Bauarbeiten ein Planfeststellungsverfahren n\u00f6tig. Damit ist ein Baubeginn fr\u00fchestens im Jahr 2015 m\u00f6glich, und die Bauarbeiten werden wegen der hohen Komplexit\u00e4t voraussichtlich mindestens vier Jahre dauern. F\u00fcr den Bau werden Kosten in der H\u00f6he von 80 Millionen Euro erwartet, die voraussichtlich im wesentlichen von den Stadtwerken getragen werden m\u00fcssen.<\/p>\n\n\n\n<h2 class=\"wp-block-heading\">Erweiterung der Leistungsf\u00e4higkeit und Entzerrung der Fahrgaststr\u00f6me<\/h2>\n\n\n\n<p class=\"wp-block-paragraph\">Am Sendlinger Tor gibt es zwei besonders problematische Bereiche: Einmal auf der Ebene der U1\/2 vor den Rolltreppen die zur U3\/6 hinauff\u00fchren, und zum anderen am anderen Ende dieser Rolltreppen auf Ebene der U3\/6. Hier \u00fcberkreuzen sich die Wege der umsteigenden Fahrg\u00e4ste von unten nach oben mit denen von oben nach unten, und auf Ebene der U1\/2 m\u00fcssen sogar die Fahrg\u00e4ste, die zur Oberfl\u00e4che m\u00f6chten, ebenfalls an der Engstelle vorbei.<\/p>\n\n\n\n<p class=\"wp-block-paragraph\">Ideal w\u00e4re hier nat\u00fcrlich eine Verbreiterung des Bahnsteigs der U3\/6, oder aber sogar Bahnsteige auf beiden Seiten des Gleises. Allerdings ist der Bahnsteig zwischen den Kellern der Nachbarh\u00e4user eingezw\u00e4ngt, so dass dies nicht m\u00f6glich ist.<\/p>\n\n\n\n<h3 class=\"wp-block-heading\">&#8222;Der Bypass&#8220;<\/h3>\n\n\n\n<p class=\"wp-block-paragraph\">Auf der Ebene der U1\/2 befinden sich neben dem Durchgang zwischen den beiden Bahnsteigen eine Vielzahl von Betriebsr\u00e4umen. Ein gro\u00dfer Teil der Betriebsr\u00e4ume kann an andere Orte verlagert werden, nur einige wenige technische Anlagen m\u00fcssen zwingend an dieser Stelle verbleiben. Da die technischen Anlagen im Rahmen der Sanierung sowieso erneuert werden m\u00fcssen, ist diese Verlagerung ohne gro\u00dfen zus\u00e4tzlichen Aufwand m\u00f6glich.<\/p>\n\n\n\n<p class=\"wp-block-paragraph\">Auf diese Art wird der Verbindungsgang zwischen den beiden Bahnsteigen deutlich verbreitert und Platz f\u00fcr neue Fahrgaststr\u00f6me geschaffen.<\/p>\n\n\n\n<h3 class=\"wp-block-heading\">&#8222;Der Treppen-Dreh&#8220;<\/h3>\n\n\n\n<p class=\"wp-block-paragraph\">Das Freiwenden der Fl\u00e4chen von den Betriebsr\u00e4umen erm\u00f6glicht eine verbesserte Anordnung der Treppen zwischen U1\/2 und U3\/6. Bisher f\u00fchren auf der einen Seite zwei Rolltreppen nach oben und eine nach unten, auf der anderen Seite ist eine Rolltreppe durch eine Festtreppe ersetzt. K\u00fcnftig sollen von jedem Bahnsteig der U1\/2 je zwei Rolltreppen direkt nach oben zum U3\/6-Bahnsteig f\u00fchren. Die Treppen nach unten dagegen werden gedreht angeordnet. Das verl\u00e4ngert zwar die Wege beim Umstieg von der U3\/6 zur U1\/2, entzerrt allerdings die Fahrgaststr\u00f6me und erm\u00f6glicht eine Erh\u00f6hung der Treppenzahl, so dass k\u00fcnftig von der U3\/6 zu jedem Bahnsteig der U1\/2 je zwei Treppen nach unten f\u00fchren sollen:<br>\n[img align=right id=se_umbau_uebersicht text=\u00dcberblick_\u00fcber_die_Umbauma\u00dfnahmen<br_>Quelle:_SWM\/MVG]<br>\nDurch die Drehung werden die Treppen so angeordnet, dass die Fahrg\u00e4ste von der U3\/6 die Rolltreppen erreichen k\u00f6nnen, ohne die von unten kommenden Fahrgaststr\u00f6me zu \u00fcberkreuzen.<br>\nDabei sollen m\u00f6glichst viele der acht Treppen als Rolltreppen ausgef\u00fchrt werden, da nur auf diese Art daf\u00fcr gesorgt werden kann, dass alle Treppen nur in eine Richtung genutzt werden. Allerdings muss noch abgekl\u00e4rt werden, in wie weit ein Teil der Treppen aus Brandschutzgr\u00fcnden als Festtreppen ausgef\u00fchrt werden muss.<\/br_><\/p>\n\n\n\n<p class=\"wp-block-paragraph\">Da die Abg\u00e4nge von der U3\/6 zur U1\/2 sich \u00fcber einen Teil des Bahnsteiges verteilen, erhofft sich die MVG au\u00dferdem eine bessere Verteilung der Fahrg\u00e4ste \u00fcber die ganze Zugl\u00e4nge und damit eine Beschleunigung der Umsteigevorg\u00e4nge bei den Z\u00fcgen der U3\/6.<\/p>\n\n\n\n<h3 class=\"wp-block-heading\">&#8222;Die neuen Ausg\u00e4nge&#8220;<\/h3>\n\n\n\n<p class=\"wp-block-paragraph\">Als zus\u00e4tzliche Entlastung des zentralen Treppenbereichs der U1\/2-Ebene sollen die Bahnsteige \u00fcber zwei weitere Treppenanlagen angebunden werden.<\/p>\n\n\n\n<h4 class=\"wp-block-heading\">N\u00f6rdliche Treppenanlage<\/h4>\n\n\n\n<p class=\"wp-block-paragraph\">Vom n\u00f6rdlichen Ende des Bahnsteigs soll eine Festtreppe und zwei Rolltreppen direkt in das Sperrengeschoss f\u00fchren. Die Festtreppe trifft dabei direkt am Aufgang beim Sendlinger Tor an das bestehende Sperrengeschoss, die beiden Rolltreppen dagegen links neben den bestehenden Aufg\u00e4ngen von der U1\/2.<br>\nIm oberen Bereich des daf\u00fcr n\u00f6tigen Bauschachtes soll ein Teil der Technikr\u00e4ume, die sich bisher auf der U1\/2-Ebene befunden haben, untergebracht werden.<\/p>\n\n\n\n<h4 class=\"wp-block-heading\">Zugang Blumenstra\u00dfe<\/h4>\n\n\n\n<p class=\"wp-block-paragraph\">Am S\u00fcdende des Bahnsteigs wird ein neuer Zugang direkt an die Oberfl\u00e4che errichtet. Dieser soll ungef\u00e4hr im Bereich der S-Kurve an der Blumenstra\u00dfe an die Oberfl\u00e4che treten &#8211; die genaue Lage muss noch mit der Stadt M\u00fcnchen abgestimmt werden, da hier die Verschwenkung der Stra\u00dfe schon seit einiger Zeit im Gespr\u00e4ch ist.<\/p>\n\n\n\n<p class=\"wp-block-paragraph\"><iframe loading=\"lazy\" width=\"640\" height=\"480\" frameborder=\"0\" scrolling=\"no\" marginheight=\"0\" marginwidth=\"0\" src=\"https:\/\/maps.google.de\/maps\/ms?msa=0&amp;msid=214081778434886381492.0004bd6bd174051e72bb7&amp;ie=UTF8&amp;t=k&amp;ll=48.133301,11.567439&amp;spn=0.001719,0.003433&amp;z=18&amp;output=embed\"><\/iframe><br>\n<small><a href=\"https:\/\/maps.google.de\/maps\/ms?msa=0&amp;msid=214081778434886381492.0004bd6bd174051e72bb7&amp;ie=UTF8&amp;t=k&amp;ll=48.133301,11.567439&amp;spn=0.001719,0.003433&amp;z=18&amp;source=embed\" style=\"color:#0000FF;text-align:left\">Umbau Sendlinger Tor<\/a> auf einer gr\u00f6\u00dferen Karte anzeigen<\/small><\/p>\n\n\n\n<ul class=\"wp-block-list\">\n<li>Blau: M\u00f6glicher Bereich f\u00fcr den neuen direkten Zugang zur U1\/2 von der Blumenstra\u00dfe aus.<\/li>\n\n\n\n<li>Rot: Bereich f\u00fcr einen m\u00f6glichen Startschacht f\u00fcr die neue Verbindung vom n\u00f6rdlichen Ende des U1\/2-Bahnsteigs zum Sperrengeschoss.<\/li>\n<\/ul>\n\n\n\n<h2 class=\"wp-block-heading\">Weitere Umbauten<\/h2>\n\n\n\n<h3 class=\"wp-block-heading\">Bauwerkssanierungen<\/h3>\n\n\n\n<p class=\"wp-block-paragraph\">Einer der Gr\u00fcnde f\u00fcr die Umbauten sind Bauwerkssch\u00e4den durch Korrosion, die durch Streusalze ausgel\u00f6st wurde. Daf\u00fcr m\u00fcssen an vielen Stellen Bauwerksteile und Fugen freigelegt und saniert werden. Teilweise muss dazu auch die Decke des U-Bahn-Bauwerks von oben freigelegt werden.<\/p>\n\n\n\n<p class=\"wp-block-paragraph\">In diesem Rahmen soll auch die architektonische Gestaltung und das Beleuchtungskonzept erneuert und modernisiert werden. Die Planungen dazu werden allerdings erst zu einen sp\u00e4teren Zeitpunkt durchgef\u00fchrt &#8211; die Gestaltung auf den Computersimulationen ist nur zur Veranschaulichung, und sagt nichts uber das endg\u00fcltige Gestaltungskonzept aus.<\/p>\n\n\n\n<p class=\"wp-block-paragraph\">Au\u00dferdem sollen auch alle technischen Anlagen, die inzwischen in die Jahre gekommen sind, erneuert werden.<\/p>\n\n\n\n<h3 class=\"wp-block-heading\">Barrierefreie Erschlie\u00dfung<\/h3>\n\n\n\n<p class=\"wp-block-paragraph\">Im Rahmen des Umbaus soll auch die barrierefreie Erschlie\u00dfung verbessert werden. Dazu wird direkt am Sendlinger Tor ein neuer Aufzug zum Sperrengeschoss eingebaut &#8211; Gehbehinderte und Personen mit Kinderwagen m\u00fcssen hier also die Sonnenstra\u00dfe nicht mehr \u00fcberqueren, um zur U-Bahn zu gelangen.<br>\nAu\u00dferdem wird, wie bei anderen Bahnhofssanierungen auch schon, der Bahnsteig um 5 cm erh\u00f6ht, um so einen beinahe ebenen Einstieg in die Z\u00fcge zu erm\u00f6glichen.<\/p>\n\n\n\n<h3 class=\"wp-block-heading\">Brandschutz<\/h3>\n\n\n\n<p class=\"wp-block-paragraph\">Aber auch der Brandschutz wird an die heutigen Standards angepasst. Ein wichtiges Thema sind dabei die Fluchtwege, die dank der beiden zus\u00e4tzlichen Bahnsteigzug\u00e4nge deutlich verbessert werden.<\/p>\n\n\n\n<h3 class=\"wp-block-heading\">Umbau Sperrengeschoss<\/h3>\n\n\n\n<p class=\"wp-block-paragraph\">Die Raumaufteilung des Sperrengeschoss soll \u00fcberarbeitet werden. Dabei soll die Zahl der Einzelhandelsfl\u00e4chen deutlich erh\u00f6ht werden, was zum einen f\u00fcr den Fahrgast verbesserte Einkaufsm\u00f6glichkeiten, zum anderen aber auch erh\u00f6hte Einnahmen zur Kostenreduzierung des U-Bahn-Betriebes bringen soll. Insbesondere soll dabei der gro\u00dfe Bereich hinter dem Infopoint der MVG, der bisher nur von wenigen Fahrg\u00e4sten genutzt wird, zur Ladenfl\u00e4che umgebaut werden.<br>\nDar\u00fcber hinaus soll die bestehende Treppe mit schmaler Rampe in der Mitte des Sperrengeschosses durch eine langgezogene Rampe, die \u00fcber die gesamte Breite des Sperrengeschosses geht, ersetzt werden. Die Einzelhandelsfl\u00e4chen in diesem Bereich werden etwas verbreitert, daf\u00fcr entfallen aber die Warenauslagen, die bisher den Durchgang stark verschm\u00e4lern.<\/p>\n\n\n\n<h2 class=\"wp-block-heading\">Zeitplan und Kosten<\/h2>\n\n\n\n<p class=\"wp-block-paragraph\">N\u00e4chste Woche soll der Bauausschu\u00df des Stadtrats der Stadt M\u00fcnchen \u00fcber die Ergebnisse der Machbarkeitsstudie informiert werden.<br>\nDie Machbarkeitsstudie gibt nur die groben Rahmenbedingungen f\u00fcr den Umbau vor &#8211; diese Rahmenbedingungen m\u00fcssen jetzt detaillierte Baupl\u00e4ne umgesetzt werden. Aufgrund der Bauarbeiten an der Oberfl\u00e4che sowie des neuen Zugangs an der Blumenstra\u00dfe ist sogar ein Planfeststellungsverfahren n\u00f6tig. Auch der Bauablauf wird kompliziert &#8211; der U-Bahnhof muss trotz der beengten Platzverh\u00e4ltnisse nat\u00fcrlich jederzeit weiterhin f\u00fcr die Fahrg\u00e4ste nutzbar sein.  All dies braucht seine Zeit, so dass ein Baubeginn fr\u00fchestens 2015 m\u00f6glich ist, und die Bauarbeiten mindestens vier Jahre dauern werden, eine Fertigstellung ist damit fr\u00fchestens 2019 denkbar.<br>\nDie Baukosten von 80 Millionen Euro werden die Stadtwerke M\u00fcnchen wohl gr\u00f6\u00dftenteils selber bezahlen m\u00fcssen, allerdings sollen Zusch\u00fcsse nach dem Gemeindeverkehrs- und Finanzierungsgesetz f\u00fcr Verbesserungen bei der barrierefreien Zug\u00e4nglichkeit sowie f\u00fcr den zus\u00e4tzlichen Zugang von der Blumenstra\u00dfe aus beantragt werden. Zum Vergleich: Die Bauarbeiten an der M\u00fcnchner Freiheit, wo ebenfalls der Beton saniert sowie die Wandverkleidungen und die Technik erneuert wurden, allerdings keine neuen Zug\u00e4nge errichtet wurden, haben ca. 20 Millionen Euro gekostet.<\/p>\n\n\n\n<p class=\"wp-block-paragraph\">Die beiden Treppenh\u00e4user zu dem Bahnsteig der U1\/2 hinab werden wahrscheinlich in einer offenen Baugrube errichtet werden m\u00fcssen, genauere Details muss aber erst die Detailplanung zeigen. Wahrscheinlich muss daf\u00fcr die Sonnenstra\u00dfe zeitweise um mindestens eine Fahrspur reduziert werden. Au\u00dferdem muss ein Teil der Sanierung der Fugen und des Betons von der Oberfl\u00e4che aus erfolgen &#8211; da das Bauwerk direkt unter der Stra\u00dfe, die im Winter mit Salz gestreut wird, besonders angegriffen ist, sind auch hier Einschr\u00e4nkungen im Oberfl\u00e4chenverkehr sehr wahrscheinlich.<\/p>\n\n\n\n<h3 class=\"wp-block-heading\">Quelle &amp; weitere Informationen<\/h3>\n\n\n\n<p class=\"wp-block-paragraph\"><a href=\"http:\/\/www.swm.de\/dms\/swm\/pressemitteilungen\/2012\/04\/mvg20120411\/Pressemitteilung%20vom%2011.04.2012%20.pdf\" target=\"_blank\">Pressemitteilung der SWM und MVG vom 11.4.2012<\/a><br>\n<a href=\"http:\/\/www.swm.de\/privatkunden\/presse\/filme\/aktuell.html\" target=\"_blank\">Animation zur Verdeutlichung der Umbauma\u00dfnahmen<\/a><br>\n<a href=\"http:\/\/www.swm.de\/privatkunden\/presse\/audio.html\" target=\"_blank\">O-T\u00f6ne von Herbert K\u00f6nig, Vorsitzender der MVG-Gesch\u00e4ftsf\u00fchrung und Gunnar Heipp, Leiter Strategische Planungsprojekte<\/a><\/p>\n","protected":false},"excerpt":{"rendered":"<p>Aufgrund von Sch\u00e4den am Bauwerk sowie Kapazit\u00e4tsengp\u00e4ssen im zentralen Umsteigebereich soll der Bahnhof [bflink id=SE] saniert und umfassend durch neue Treppenanlagen erweitert werden. In einem Pressegespr\u00e4ch gab die MVG heute die Ergebnisse einer Machbarkeitsstudie zur Kapazit\u00e4tserweiterung bekannt. Der U-Bahnhof Sendlinger Tor ist mit f\u00fcnf U-Bahn-Linien, 145000 Fahrg\u00e4sten, die dort t\u00e4glich Ein-, Aus- und Umsteigen und [&hellip;]<\/p>\n","protected":false},"author":3,"featured_media":0,"comment_status":"open","ping_status":"open","sticky":false,"template":"","format":"standard","meta":{"advanced_seo_description":"","jetpack_seo_html_title":"","jetpack_seo_noindex":false,"jetpack_seo_schema_type":"","_jetpack_newsletter_access":"","_jetpack_dont_email_post_to_subs":false,"_jetpack_newsletter_tier_id":0,"_jetpack_memberships_contains_paywalled_content":false,"_jetpack_feature_clip_id":0,"_jetpack_memberships_contains_paid_content":false,"footnotes":"","jetpack_post_was_ever_published":false},"categories":[3,2],"tags":[],"class_list":["post-325","post","type-post","status-publish","format-standard","hentry","category-storungen-und-bauarbeiten","category-u-bahnhofe"],"jetpack_shortlink":"https:\/\/wp.me\/p87CPJ-5f","jetpack-related-posts":[{"id":755,"url":"https:\/\/www.u-bahn-muenchen.de\/blog\/2021\/06\/terminhinweis-virtuelle-infoveranstaltung-sendlinger-tor\/","url_meta":{"origin":325,"position":0},"title":"Terminhinweis: Virtuelle Infoveranstaltung Sendlinger Tor","author":"Florian Sch\u00fctz","date":"13. Juni 2021","format":false,"excerpt":"Am\u00a0Donnerstag, 24.06.2021 um 18.30 Uhr\u00a0l\u00e4dt die M\u00fcnchner Verkehrsgesellschaft zu einem virtuellen Informationsabend ein, um den aktuellen Zwischenstand der laufenden Erweiterungs- und Sanierungsarbeiten am U-Bahnhof [bflink id=SE] vorzustellen. Seit M\u00e4rz 2017 wird der U-Bahnhof Sendlinger Tor unter laufendem Betrieb umgebaut. Alle drei Ebenen werden komplett saniert, modernisiert, umgestaltet, barrierefrei ausgebaut, brandschutztechnisch\u2026","rel":"","context":"In &quot;St\u00f6rungen und Bauarbeiten&quot;","block_context":{"text":"St\u00f6rungen und Bauarbeiten","link":"https:\/\/www.u-bahn-muenchen.de\/blog\/category\/storungen-und-bauarbeiten\/"},"img":{"alt_text":"","src":"","width":0,"height":0},"classes":[]},{"id":387,"url":"https:\/\/www.u-bahn-muenchen.de\/blog\/2014\/02\/projekt-u9-entlastungsspange-fuer-die-innenstadt\/","url_meta":{"origin":325,"position":1},"title":"Projekt U9: Entlastungsspange f\u00fcr die Innenstadt","author":"Florian Sch\u00fctz","date":"11. Februar 2014","format":false,"excerpt":"Bereits seit einigen Jahren wird seitens der MVG eine weitere Innenstadtstrecke zur Entlastung der heutigen Strecken von U1\/U2 und U3\/U6 unter dem Arbeitstitel \"U9\" geplant. Am heutigen 11. Februar stellten die Stadtwerke M\u00fcnchen \/ M\u00fcnchner Verkehrsgesellschaft eine Machbarkeitsstudie vor, die diese \"U9-Spange\" genauer untersucht hat. Die Studie von SWM\/MVG und\u2026","rel":"","context":"In &quot;Betrieb&quot;","block_context":{"text":"Betrieb","link":"https:\/\/www.u-bahn-muenchen.de\/blog\/category\/betrieb\/"},"img":{"alt_text":"","src":"","width":0,"height":0},"classes":[]},{"id":484,"url":"https:\/\/www.u-bahn-muenchen.de\/blog\/2017\/02\/umbau-sendlinger-tor-am-montag-gehts-los\/","url_meta":{"origin":325,"position":2},"title":"Umbau Sendlinger Tor: Am Montag geht\u2019s los","author":"Frederik Buchleitner","date":"9. Februar 2017","format":false,"excerpt":"Der bayerischen Landeshauptstadt stehen in den kommenden Jahren zahlreiche Bauarbeiten und daraus bedingend nat\u00fcrlich auch Einschr\u00e4nkungen ins Haus. Nicht nur der Baubeginn bei der 2. S-Bahn-Stammstrecke in gut zwei Monaten und der daraus resultierende Komplettumbau des Hauptbahnhofs f\u00fchrt \u00fcber Jahre f\u00fcr die Fahrg\u00e4ste zu Beeintr\u00e4chtigungen, auch der U-Bahn-Knotenpunkt am Sendlinger\u2026","rel":"","context":"In &quot;St\u00f6rungen und Bauarbeiten&quot;","block_context":{"text":"St\u00f6rungen und Bauarbeiten","link":"https:\/\/www.u-bahn-muenchen.de\/blog\/category\/storungen-und-bauarbeiten\/"},"img":{"alt_text":"","src":"","width":0,"height":0},"classes":[]},{"id":788,"url":"https:\/\/www.u-bahn-muenchen.de\/blog\/2021\/06\/infoveranstaltung-sendlinger-tor\/","url_meta":{"origin":325,"position":3},"title":"Infoveranstaltung Sendlinger Tor","author":"Florian Sch\u00fctz","date":"24. Juni 2021","format":false,"excerpt":"Am 24. Juni lud die M\u00fcnchner Verkehrsgesellschaft zu einer virtuellen Informationsveranstaltung zum Fortschritt der seit 2017 bestehendenden Baustelle am Sendlinger Tor. Dort wird unter laufenden Betrieb eine Komplettsanierung und Erweiterung des U-Bahnhofs umgesetzt. Virtuelle Baustellenf\u00fchrung [img id=su_sonnenstrasse_4 align=right]Die Projektleiter Andreas Schmid, Barbara Mittermeier und Kerstin Scholber erl\u00e4uterten zun\u00e4chst die Gr\u00fcnde\u2026","rel":"","context":"In &quot;St\u00f6rungen und Bauarbeiten&quot;","block_context":{"text":"St\u00f6rungen und Bauarbeiten","link":"https:\/\/www.u-bahn-muenchen.de\/blog\/category\/storungen-und-bauarbeiten\/"},"img":{"alt_text":"","src":"","width":0,"height":0},"classes":[]},{"id":961,"url":"https:\/\/www.u-bahn-muenchen.de\/blog\/2022\/02\/planung-aus-einer-hand-fur-kunftige-u-und-s-bahnstation-in-englschalking\/","url_meta":{"origin":325,"position":4},"title":"Planung aus einer Hand f\u00fcr k\u00fcnftige U- und S-Bahnstation in Englschalking","author":"Florian Sch\u00fctz","date":"28. Februar 2022","format":false,"excerpt":"Die DB Netz AG bindet in ihre laufende Planung f\u00fcr den viergleisigen Ausbau zwischen Daglfing und Johanneskirchen ab sofort die Planung f\u00fcr ein gemeinsames Kreuzungsbauwerk der S-Bahnlinie S8 und der U-Bahnlinie U4 in [bflink id=ES] ein. Das haben die Stadt M\u00fcnchen als zust\u00e4ndiger Vorhabentr\u00e4ger f\u00fcr den U-Bahn-Bau und die DB\u2026","rel":"","context":"In &quot;Netz&quot;","block_context":{"text":"Netz","link":"https:\/\/www.u-bahn-muenchen.de\/blog\/category\/netz\/"},"img":{"alt_text":"","src":"","width":0,"height":0},"classes":[]},{"id":532,"url":"https:\/\/www.u-bahn-muenchen.de\/blog\/2019\/11\/sendlinger-tor-umbau-nimmt-gestalt-an\/","url_meta":{"origin":325,"position":5},"title":"Sendlinger Tor: der Umbau nimmt Gestalt an","author":"Florian Sch\u00fctz","date":"3. November 2019","format":false,"excerpt":"Seit dem Jahr 2017 wird der U-Bahnhof am Sendlinger Tor umgebaut und erweitert. Bisher waren f\u00fcr Fahrg\u00e4ste der U-Bahn und alle, die gleich mit welchem Verkehrsmittel irgendwie am Sendlinger Tor vorbei mussten, prim\u00e4r die Einschr\u00e4nkungen und Baustellenfl\u00e4chen sichtbar. Allm\u00e4hlich \u00e4ndert sich das. [img id=zza_se_bauarbeiten_pendelbetrieb align=right]Seit einigen Tagen kann man bereits\u2026","rel":"","context":"In &quot;St\u00f6rungen und Bauarbeiten&quot;","block_context":{"text":"St\u00f6rungen und Bauarbeiten","link":"https:\/\/www.u-bahn-muenchen.de\/blog\/category\/storungen-und-bauarbeiten\/"},"img":{"alt_text":"","src":"","width":0,"height":0},"classes":[]}],"jetpack_sharing_enabled":true,"jetpack_featured_media_url":"","_links":{"self":[{"href":"https:\/\/www.u-bahn-muenchen.de\/blog\/wp-json\/wp\/v2\/posts\/325","targetHints":{"allow":["GET"]}}],"collection":[{"href":"https:\/\/www.u-bahn-muenchen.de\/blog\/wp-json\/wp\/v2\/posts"}],"about":[{"href":"https:\/\/www.u-bahn-muenchen.de\/blog\/wp-json\/wp\/v2\/types\/post"}],"author":[{"embeddable":true,"href":"https:\/\/www.u-bahn-muenchen.de\/blog\/wp-json\/wp\/v2\/users\/3"}],"replies":[{"embeddable":true,"href":"https:\/\/www.u-bahn-muenchen.de\/blog\/wp-json\/wp\/v2\/comments?post=325"}],"version-history":[{"count":21,"href":"https:\/\/www.u-bahn-muenchen.de\/blog\/wp-json\/wp\/v2\/posts\/325\/revisions"}],"predecessor-version":[{"id":1195,"href":"https:\/\/www.u-bahn-muenchen.de\/blog\/wp-json\/wp\/v2\/posts\/325\/revisions\/1195"}],"wp:attachment":[{"href":"https:\/\/www.u-bahn-muenchen.de\/blog\/wp-json\/wp\/v2\/media?parent=325"}],"wp:term":[{"taxonomy":"category","embeddable":true,"href":"https:\/\/www.u-bahn-muenchen.de\/blog\/wp-json\/wp\/v2\/categories?post=325"},{"taxonomy":"post_tag","embeddable":true,"href":"https:\/\/www.u-bahn-muenchen.de\/blog\/wp-json\/wp\/v2\/tags?post=325"}],"curies":[{"name":"wp","href":"https:\/\/api.w.org\/{rel}","templated":true}]}}