{"id":307,"date":"2012-03-24T16:29:58","date_gmt":"2012-03-24T15:29:58","guid":{"rendered":"http:\/\/www.muenchnerubahn.de\/blog\/?p=307"},"modified":"2012-04-11T16:48:08","modified_gmt":"2012-04-11T15:48:08","slug":"sev-auf-u2-und-u3-im-bereich-scheidplatz-wahrend-der-osterferien","status":"publish","type":"post","link":"https:\/\/www.u-bahn-muenchen.de\/blog\/2012\/03\/sev-auf-u2-und-u3-im-bereich-scheidplatz-wahrend-der-osterferien\/","title":{"rendered":"SEV auf U2 und U3 im Bereich Scheidplatz w\u00e4hrend der Osterferien"},"content":{"rendered":"<p>[img id=baustelle align=right size=kleiner]Da am [bflink id=SP] das Stellwerk der U-Bahn nach 40 Jahren Betrieb erneuert werden muss, verkehren U2 und U3 in den Osterferien nur eingeschr\u00e4nkt. <\/p>\n<p>Zeitgleich finden auf den betroffenen Abschnitten zudem gr\u00f6\u00dfere Gleisbauarbeiten statt, bei dem u.a. die Weichen zwischen U2 und U3 am Scheidplatz getauscht werden. <\/p>\n<h3>U2<\/h3>\n<p>[img id=U2 align=right]<b>Fahrplan\u00e4nderungen zwischen [bflink id=KN] und [bflink id=FM]:<\/b><\/p>\n<p>Auf diesem Abschnitt kommt es generell zu Fahrzeitverl\u00e4ngerungen von bis zu 5 Minuten. Stadteinw\u00e4rts fahren die Z\u00fcge teilweise auch einige Minuten fr\u00fcher als gewohnt ab.<\/p>\n<p>Am Montag und Dienstag, den 2. und 3. April, f\u00e4hrt die U2 in diesem Abschnitt zur Hauptverkehrszeit statt im 5- nur im 10-Minuten-Takt.<\/p>\n<p>Von Mittwoch, 4. April bis Dienstag, 10. April f\u00e4hrt die U2 zwischen [bflink id=KN] und [bflink id=FM] ab ca. 22 Uhr nur alle 20 Minuten.<\/p>\n<p>Vom 11. April bis 15. April kommt es ab [bflink id=HZ] in Richtung [bflink id=FM] zu Versp\u00e4tungen von ca. 5 Minuten.<\/p>\n<h3>U3<\/h3>\n<p>[img id=U3 align=right]<b>Bus statt U-Bahn zwischen [bflink id=MU] und [bflink id=OZ]:<\/b><\/p>\n<p>Zwischen M\u00fcnchner Freiheit und Olympiazentrum wird der U-Bahnbetrieb f\u00fcr 16 Tage vom 31. M\u00e4rz bis 15. April komplett eingestellt. Die U3 f\u00e4hrt weiterhin fahrplanm\u00e4\u00dfig zwischen F\u00fcrstenried West und M\u00fcnchner Freiheit sowie im 10-Minuten-Takt zwischen Olympiazentrum und Moosach. <\/p>\n<p>Die Stationen [bflink id=BP], [bflink id=SP] und [bflink id=PR] k\u00f6nnen von der U3 nicht bedient werden. Deshalb wird zwischen M\u00fcnchner Freiheit und Olympiazentrum ein Ersatzverkehr mit Bussen der Linie 103 eingerichtet. Hier verkehren zeitgleich bis zu 17 Busse im 2 bis 5-Minuten-Takt<\/p>\n<p>Bitte planen Sie, bedingt durch das notwendige Umsteigen sowie die l\u00e4ngere Fahrzeit der Busse, mehr Reisezeit ein. In den Bussen ist leider keine Fahrradbef\u00f6rderung m\u00f6glich.<\/p>\n<h3>Ausweichempfehlungen<\/h3>\n<ul>\n<li>Wer aus Moosach ins Stadtzentrum m\u00f6chte, sollte am [bflink id=OK ]in die U1 oder in Hauptverkehrszeiten in die U7 umsteigen. <\/li>\n<li>Ab [bflink id=MO] erreichen Sie das Stadtzentrum au\u00dferdem auch mit der Tram 20 oder der S1.<\/li>\n<li>Wer vom [bflink id=SP] aus in Richtung Stadtzentrum m\u00f6chte, sollte die U2 Richtung Messestadt Ost nutzen.<\/li>\n<li>Wer vom [bflink id=PR] aus in die Stadtmitte m\u00f6chte, sollte die Tram 27 zum Karlsplatz (Stachus) und Sendlinger Tor nutzen.<\/li>\n<\/ul>\n<h3>Quelle &#038; weitere Informationen<\/h3>\n<p><a href=\"http:\/\/www.mvg-mobil.de\/betriebsaenderungen\/2012-03-31_sev_u3.html\" target=\"_blank\">Informationsseite der MVG zur Baustelle<\/a><\/p>\n","protected":false},"excerpt":{"rendered":"<p>[img id=baustelle align=right size=kleiner]Da am [bflink id=SP] das Stellwerk der U-Bahn nach 40 Jahren Betrieb erneuert werden muss, verkehren U2 und U3 in den Osterferien nur eingeschr\u00e4nkt. Zeitgleich finden auf den betroffenen Abschnitten zudem gr\u00f6\u00dfere Gleisbauarbeiten statt, bei dem u.a. die Weichen zwischen U2 und U3 am Scheidplatz getauscht werden. U2 [img id=U2 align=right]Fahrplan\u00e4nderungen zwischen [&hellip;]<\/p>\n","protected":false},"author":2,"featured_media":0,"comment_status":"open","ping_status":"open","sticky":false,"template":"","format":"standard","meta":{"advanced_seo_description":"","jetpack_seo_html_title":"","jetpack_seo_noindex":false,"jetpack_seo_schema_type":"","_jetpack_newsletter_access":"","_jetpack_dont_email_post_to_subs":false,"_jetpack_newsletter_tier_id":0,"_jetpack_memberships_contains_paywalled_content":false,"_jetpack_feature_clip_id":0,"_jetpack_memberships_contains_paid_content":false,"footnotes":"","jetpack_post_was_ever_published":false},"categories":[9,3],"tags":[],"class_list":["post-307","post","type-post","status-publish","format-standard","hentry","category-betrieb","category-storungen-und-bauarbeiten"],"jetpack_shortlink":"https:\/\/wp.me\/p87CPJ-4X","jetpack-related-posts":[{"id":501,"url":"https:\/\/www.u-bahn-muenchen.de\/blog\/2017\/04\/u3-baustelle-endete-genereller-sanierungsbedarf-steigt\/","url_meta":{"origin":307,"position":0},"title":"U3-Baustelle endet &#8211; genereller Sanierungsbedarf steigt","author":"Florian Sch\u00fctz","date":"14. April 2017","format":false,"excerpt":"\u00dcber Ostern wird die Gleiserneuerung auf der seit Ende Oktober gesperrten U3 zwischen Scheidplatz und M\u00fcnchner Freiheit abgeschlossen. Ab Dienstag, 18. April wird die U3 damit wieder auf ihrem angestammten Linienweg zwischen [bflink id=MO] und [bflink id=FW] verkehren. Allerdings werden gr\u00f6\u00dfere Bauma\u00dfnahmen in den kommenden Jahren h\u00e4ufiger werden. [img id=u3_bp_2017\u2026","rel":"","context":"In &quot;Netz&quot;","block_context":{"text":"Netz","link":"https:\/\/www.u-bahn-muenchen.de\/blog\/category\/netz\/"},"img":{"alt_text":"","src":"","width":0,"height":0},"classes":[]},{"id":232,"url":"https:\/\/www.u-bahn-muenchen.de\/blog\/2011\/06\/u3-nord-pendelzugbetrieb-wegen-bauarbeiten-im-spatverkehr\/","url_meta":{"origin":307,"position":1},"title":"U3 Nord: Pendelzugbetrieb wegen Bauarbeiten im Sp\u00e4tverkehr [aktualisiert]","author":"Florian Sch\u00fctz","date":"22. Juni 2011","format":false,"excerpt":"Die Erneuerung des Stellwerks Scheidplatz geht in eine weitere Bauphase mit tempor\u00e4ren Gleissperrungen. Aus diesem Grund werden im Nordabschnitt der U-Bahnlinie U3 im Sp\u00e4tverkehr ab 22 Uhr erneut Pendelz\u00fcge einsetzen. Damit kommt es von Sonntag, 26. Juni bis vsl. Donnerstag, 1. September, jeweils ab ca. 22 Uhr zu \u00e4hnlichen Einschr\u00e4nkungen\u2026","rel":"","context":"In &quot;Betrieb&quot;","block_context":{"text":"Betrieb","link":"https:\/\/www.u-bahn-muenchen.de\/blog\/category\/betrieb\/"},"img":{"alt_text":"","src":"","width":0,"height":0},"classes":[]},{"id":119,"url":"https:\/\/www.u-bahn-muenchen.de\/blog\/2010\/09\/taktverdichtungen-im-u-bahnnetz-bis-2020-geplant\/","url_meta":{"origin":307,"position":2},"title":"Taktverdichtungen im U-Bahnnetz bis 2020 geplant","author":"Florian Sch\u00fctz","date":"23. September 2010","format":false,"excerpt":"Wie die M\u00fcnchner Verkehrsgesellschaft in einem Pressegespr\u00e4ch am 23. September bekannt gab, sind im U-Bahn, Tram und Busbereich in den kommenden Jahren zahlreiche Angebotsverdichtungen und -ver\u00e4nderungen geplant. [img id=a_335_2 align=right]U-Bahn, Tram und Bus stehen bei ihren Fahrg\u00e4sten hoch im Kurs. Die Zufriedenheit der Kunden hat in der Vergangenheit kontinuierlich zugenommen.\u2026","rel":"","context":"In &quot;Betrieb&quot;","block_context":{"text":"Betrieb","link":"https:\/\/www.u-bahn-muenchen.de\/blog\/category\/betrieb\/"},"img":{"alt_text":"","src":"","width":0,"height":0},"classes":[]},{"id":574,"url":"https:\/\/www.u-bahn-muenchen.de\/blog\/2020\/07\/neue-weichen-an-der-muenchner-freiheit-unterbrechung-der-u3-u6-bis-18-september\/","url_meta":{"origin":307,"position":3},"title":"Neue Weichen an der M\u00fcnchner Freiheit: Unterbrechung der U3\/U6 bis 18. September","author":"Florian Sch\u00fctz","date":"12. Juli 2020","format":false,"excerpt":"In den kommenden zehn Wochen erneuert die MVG auf der S\u00fcdseite des U-Bahnhofs M\u00fcnchner Freiheit in Schwabing neun Weichen. Die U-Bahnlinien U3 und U6 m\u00fcssen deshalb unterbrochen werden. Der Abschnitt Universit\u00e4t \u2013 Giselastra\u00dfe \u2013 M\u00fcnchner Freiheit ist von Montag, 13. Juli bis einschlie\u00dflich Freitag, 18. September voll gesperrt. [img id=mu-weichenbau-infotafel\u2026","rel":"","context":"In &quot;Betrieb&quot;","block_context":{"text":"Betrieb","link":"https:\/\/www.u-bahn-muenchen.de\/blog\/category\/betrieb\/"},"img":{"alt_text":"","src":"","width":0,"height":0},"classes":[]},{"id":285,"url":"https:\/\/www.u-bahn-muenchen.de\/blog\/2011\/12\/anderungen-zum-fahrplanwechsel\/","url_meta":{"origin":307,"position":4},"title":"\u00c4nderungen zum Fahrplanwechsel","author":"Florian Sch\u00fctz","date":"5. Dezember 2011","format":false,"excerpt":"Zum Fahrplanwechsel am 11. Dezember 2011 gibt es dieses Jahr auch bei der U-Bahn einige Neuerungen zu vermelden. Gr\u00f6\u00dfte Neuerung bei der U-Bahn ist wohl die Einf\u00fchrung einer Verst\u00e4rkerlinie U7 zur morgendlichen Hauptverkehrszeit. F\u00fcr den gesamten Nahverkehr noch bedeutsamer ist aber sicher die Er\u00f6ffnung der Tram nach St. Emmeram. Die\u2026","rel":"","context":"In &quot;Betrieb&quot;","block_context":{"text":"Betrieb","link":"https:\/\/www.u-bahn-muenchen.de\/blog\/category\/betrieb\/"},"img":{"alt_text":"","src":"","width":0,"height":0},"classes":[]},{"id":387,"url":"https:\/\/www.u-bahn-muenchen.de\/blog\/2014\/02\/projekt-u9-entlastungsspange-fuer-die-innenstadt\/","url_meta":{"origin":307,"position":5},"title":"Projekt U9: Entlastungsspange f\u00fcr die Innenstadt","author":"Florian Sch\u00fctz","date":"11. Februar 2014","format":false,"excerpt":"Bereits seit einigen Jahren wird seitens der MVG eine weitere Innenstadtstrecke zur Entlastung der heutigen Strecken von U1\/U2 und U3\/U6 unter dem Arbeitstitel \"U9\" geplant. Am heutigen 11. Februar stellten die Stadtwerke M\u00fcnchen \/ M\u00fcnchner Verkehrsgesellschaft eine Machbarkeitsstudie vor, die diese \"U9-Spange\" genauer untersucht hat. Die Studie von SWM\/MVG und\u2026","rel":"","context":"In &quot;Betrieb&quot;","block_context":{"text":"Betrieb","link":"https:\/\/www.u-bahn-muenchen.de\/blog\/category\/betrieb\/"},"img":{"alt_text":"","src":"","width":0,"height":0},"classes":[]}],"jetpack_sharing_enabled":true,"jetpack_featured_media_url":"","_links":{"self":[{"href":"https:\/\/www.u-bahn-muenchen.de\/blog\/wp-json\/wp\/v2\/posts\/307","targetHints":{"allow":["GET"]}}],"collection":[{"href":"https:\/\/www.u-bahn-muenchen.de\/blog\/wp-json\/wp\/v2\/posts"}],"about":[{"href":"https:\/\/www.u-bahn-muenchen.de\/blog\/wp-json\/wp\/v2\/types\/post"}],"author":[{"embeddable":true,"href":"https:\/\/www.u-bahn-muenchen.de\/blog\/wp-json\/wp\/v2\/users\/2"}],"replies":[{"embeddable":true,"href":"https:\/\/www.u-bahn-muenchen.de\/blog\/wp-json\/wp\/v2\/comments?post=307"}],"version-history":[{"count":16,"href":"https:\/\/www.u-bahn-muenchen.de\/blog\/wp-json\/wp\/v2\/posts\/307\/revisions"}],"predecessor-version":[{"id":317,"href":"https:\/\/www.u-bahn-muenchen.de\/blog\/wp-json\/wp\/v2\/posts\/307\/revisions\/317"}],"wp:attachment":[{"href":"https:\/\/www.u-bahn-muenchen.de\/blog\/wp-json\/wp\/v2\/media?parent=307"}],"wp:term":[{"taxonomy":"category","embeddable":true,"href":"https:\/\/www.u-bahn-muenchen.de\/blog\/wp-json\/wp\/v2\/categories?post=307"},{"taxonomy":"post_tag","embeddable":true,"href":"https:\/\/www.u-bahn-muenchen.de\/blog\/wp-json\/wp\/v2\/tags?post=307"}],"curies":[{"name":"wp","href":"https:\/\/api.w.org\/{rel}","templated":true}]}}