{"id":3,"date":"2007-01-14T21:39:30","date_gmt":"2007-01-14T20:39:30","guid":{"rendered":"http:\/\/www.muenchnerubahn.de\/blog\/2007\/01\/was-ist-ein-u-bahn-blog\/"},"modified":"2007-01-15T11:12:43","modified_gmt":"2007-01-15T10:12:43","slug":"was-ist-ein-u-bahn-blog","status":"publish","type":"post","link":"https:\/\/www.u-bahn-muenchen.de\/blog\/2007\/01\/was-ist-ein-u-bahn-blog\/","title":{"rendered":"Was ist ein U-Bahn-Blog?"},"content":{"rendered":"<p>Das ist eine sehr gute Frage, die ich mir im Vorfeld dieses Blogs mehrfach gestellt habe. Es gibt da einen mehr oder minder gelungenen <a href=\"http:\/\/www.muenchenblogger.de\/topics\/u-bahn\">Vetter<\/a> dieser Idee, allerdings will ich in eine andere Richtung gehen.<\/p>\n<p>Das Hauptaugenmerk meiner U-Bahn-Seite liegt ja im rein deskriptiven Beschreiben der Bahnh\u00f6fe und des U-Bahn-Netzes, eine eigene Meinung habe ich soweit wie m\u00f6glich vermieden. Allerdings m\u00f6chte ich gelegentlich auch mal etwas schreiben k\u00f6nnen, das von meiner Meinung eingef\u00e4rbt ist. Daher habe ich mich entschieden, diese Rubrik neu einzuf\u00fchren und damit etwas privater schreiben zu k\u00f6nnen. Ich werde vielleicht nicht der Einzige Schreiber bleiben, aber einstweilen w\u00fcnsche ich allen Besuchern viel Spa\u00df mit dem Blog und der ganzen U-Bahn-Seite!<\/p>\n","protected":false},"excerpt":{"rendered":"<p>Das ist eine sehr gute Frage, die ich mir im Vorfeld dieses Blogs mehrfach gestellt habe. Es gibt da einen mehr oder minder gelungenen Vetter dieser Idee, allerdings will ich in eine andere Richtung gehen. Das Hauptaugenmerk meiner U-Bahn-Seite liegt ja im rein deskriptiven Beschreiben der Bahnh\u00f6fe und des U-Bahn-Netzes, eine eigene Meinung habe ich [&hellip;]<\/p>\n","protected":false},"author":2,"featured_media":0,"comment_status":"open","ping_status":"open","sticky":false,"template":"","format":"standard","meta":{"advanced_seo_description":"","jetpack_seo_html_title":"","jetpack_seo_noindex":false,"jetpack_seo_schema_type":"","_jetpack_newsletter_access":"","_jetpack_dont_email_post_to_subs":false,"_jetpack_newsletter_tier_id":0,"_jetpack_memberships_contains_paywalled_content":false,"_jetpack_feature_clip_id":0,"_jetpack_memberships_contains_paid_content":false,"footnotes":"","jetpack_post_was_ever_published":false},"categories":[1],"tags":[],"class_list":["post-3","post","type-post","status-publish","format-standard","hentry","category-ueber"],"jetpack_shortlink":"https:\/\/wp.me\/p87CPJ-3","jetpack-related-posts":[{"id":4,"url":"https:\/\/www.u-bahn-muenchen.de\/blog\/2007\/01\/munchens-schonster-u-bahnhof\/","url_meta":{"origin":3,"position":0},"title":"M\u00fcnchens sch\u00f6nster U-Bahnhof?","author":"Florian Sch\u00fctz","date":"15. Januar 2007","format":false,"excerpt":"Ich werde immer wieder gefragt, was ich f\u00fcr M\u00fcnchens sch\u00f6nsten U-Bahnhof halte. Aber ich bin ehrlich gesagt nicht in der Lage, darauf eine definitive Antwort zu geben. M\u00fcnchen hat einfach zu viele sch\u00f6ne U-Bahnh\u00f6fe! Ich versuche mich hier mal in einer kleinen Aufz\u00e4hlung. [img id=gb_5 align=right] Georg-Brauchle-Ring Die Abendzeitung hat\u2026","rel":"","context":"In &quot;U-Bahnh\u00f6fe&quot;","block_context":{"text":"U-Bahnh\u00f6fe","link":"https:\/\/www.u-bahn-muenchen.de\/blog\/category\/u-bahnhofe\/"},"img":{"alt_text":"","src":"","width":0,"height":0},"classes":[]},{"id":805,"url":"https:\/\/www.u-bahn-muenchen.de\/blog\/2021\/06\/u5-pasing-bund-sagt-foerdergelder-zu\/","url_meta":{"origin":3,"position":1},"title":"U5 Pasing: Bund sagt F\u00f6rdergelder zu","author":"Florian Sch\u00fctz","date":"29. Juni 2021","format":false,"excerpt":"Die Verl\u00e4ngerung der U5 vom Laimer Platz nach Pasing ist einen Schritt n\u00e4her am Baubeginn: Das Bundesministerium f\u00fcr Verkehr und digitale Infrastruktur hat mit Schreiben vom 28. Juni an Oberb\u00fcrgermeister Dieter Reiter F\u00f6rdermittel des Bundes f\u00fcr die Verl\u00e4ngerung der U-Bahn-Linie U5 vom Laimer Platz bis Pasing zugesagt.\u00a0 [img id=netz-u5 align=right\u2026","rel":"","context":"In &quot;Netz&quot;","block_context":{"text":"Netz","link":"https:\/\/www.u-bahn-muenchen.de\/blog\/category\/netz\/"},"img":{"alt_text":"","src":"","width":0,"height":0},"classes":[]},{"id":1058,"url":"https:\/\/www.u-bahn-muenchen.de\/blog\/2023\/02\/poccistrasse-ausschreibung-zur-bauwerksstabilisierung\/","url_meta":{"origin":3,"position":2},"title":"Poccistra\u00dfe: Ausschreibung zur Bauwerksstabilisierung","author":"Florian Sch\u00fctz","date":"27. Februar 2023","format":false,"excerpt":"Die Stadtwerke M\u00fcnchen schreiben Ma\u00dfnahmen zur statischen und brandschutztechnischen Ert\u00fcchtigung des U-Bahnhofes [bflink id=PC] aus. In den Details der \u00f6ffentlichen Ausschreibung lassen sich einige interessante Details ablesen, was Gegenwart und Zukunft des U-Bahnhofs betrifft. [img id=pc_1 align=right]Im Rahmen der Planungen zur Entlastungsspange U9, deren Inbetriebnahme aber fr\u00fchestens in den 2040er-Jahren\u2026","rel":"","context":"In &quot;Netz&quot;","block_context":{"text":"Netz","link":"https:\/\/www.u-bahn-muenchen.de\/blog\/category\/netz\/"},"img":{"alt_text":"","src":"","width":0,"height":0},"classes":[]},{"id":432,"url":"https:\/\/www.u-bahn-muenchen.de\/blog\/2015\/06\/neuer-u-bahnbetriebshof-in-neuperlach-geplant\/","url_meta":{"origin":3,"position":3},"title":"Neuer U-Bahnbetriebshof in Neuperlach geplant","author":"Frederik Buchleitner","date":"19. Juni 2015","format":false,"excerpt":"Die SWM\/MVG planen die U-Bahn-Abstellanlage Neuperlach S\u00fcd zu einem eigenst\u00e4ndigen Betriebshof zu erweitern. Bis Mitte Juli l\u00e4uft aktuell eine EU-weite Ausschreibung der Projektsteuerung; die Bauzeit ist zwischen 2019 und 2022 terminiert. [img id=b_506_1 size=mittel4 align=right text=B-Wagen_in_der_heutigen_Abstellung_Neuperlach_S\u00fcd]Die Ausschreibung sieht vor, eine dreigleisige Werkstatthalle zu bauen, welche k\u00fcnftig auch um ein zus\u00e4tzliches\u2026","rel":"","context":"In &quot;Betrieb&quot;","block_context":{"text":"Betrieb","link":"https:\/\/www.u-bahn-muenchen.de\/blog\/category\/betrieb\/"},"img":{"alt_text":"","src":"","width":0,"height":0},"classes":[]},{"id":18,"url":"https:\/\/www.u-bahn-muenchen.de\/blog\/2010\/04\/auf-in-den-ruhestand\/","url_meta":{"origin":3,"position":4},"title":"Auf in den Ruhestand!","author":"Florian Sch\u00fctz","date":"18. April 2010","format":false,"excerpt":"[img id=420001-Abschied text=420_001_-_Die_letzte_Fahrt_durch_die_Stammstrecke align=right size=mittel2]Heute geht mein Blick etwas \u00fcber den Tellerrand der M\u00fcnchner U-Bahn hinaus, wenn auch nicht schrecklich weit: zur M\u00fcnchen S-Bahn. Wenige Monate j\u00fcnger hatte die M\u00fcnchner S-Bahn ein \u00e4hnliches Schicksal wie die U-Bahn: l\u00e4ngst geplant und durch die Olympischen Sommerspiele 1972 in der Realisierung deutlich beschleunigt.\u2026","rel":"","context":"In &quot;\u00dcber den Tellerrand&quot;","block_context":{"text":"\u00dcber den Tellerrand","link":"https:\/\/www.u-bahn-muenchen.de\/blog\/category\/uber-den-tellerrand\/"},"img":{"alt_text":"","src":"","width":0,"height":0},"classes":[]},{"id":168,"url":"https:\/\/www.u-bahn-muenchen.de\/blog\/2010\/11\/geplante-bestellung-neuer-zuge-vom-typ-c2-11\/","url_meta":{"origin":3,"position":5},"title":"Geplante Bestellung neuer Z\u00fcge vom Typ C2.11","author":"Boris Merath","date":"12. November 2010","format":false,"excerpt":"Der Fahrzeugpark der U-Bahn wurde mit der Zeit immer wieder in kleinen Serien an den steigenden Bedarf angepasst und erweitert. Jetzt will die MVG mit der gr\u00f6\u00dften Fahrzeugbestellung seit Inbetriebnahme der U-Bahn eine gro\u00dfe Menge an baugleichen Fahrzeugen beschaffen. [img id=c2-simulation_mvg size=mittel align=right text=Fotomontage_desneuen_ZugesBild:_SWM\/MVG]Erstmals sollen dabei U-Bahn-Wagen der ersten Generation\u2026","rel":"","context":"In &quot;Fahrzeuge&quot;","block_context":{"text":"Fahrzeuge","link":"https:\/\/www.u-bahn-muenchen.de\/blog\/category\/fahrzeuge\/"},"img":{"alt_text":"","src":"","width":0,"height":0},"classes":[]}],"jetpack_sharing_enabled":true,"jetpack_featured_media_url":"","_links":{"self":[{"href":"https:\/\/www.u-bahn-muenchen.de\/blog\/wp-json\/wp\/v2\/posts\/3","targetHints":{"allow":["GET"]}}],"collection":[{"href":"https:\/\/www.u-bahn-muenchen.de\/blog\/wp-json\/wp\/v2\/posts"}],"about":[{"href":"https:\/\/www.u-bahn-muenchen.de\/blog\/wp-json\/wp\/v2\/types\/post"}],"author":[{"embeddable":true,"href":"https:\/\/www.u-bahn-muenchen.de\/blog\/wp-json\/wp\/v2\/users\/2"}],"replies":[{"embeddable":true,"href":"https:\/\/www.u-bahn-muenchen.de\/blog\/wp-json\/wp\/v2\/comments?post=3"}],"version-history":[{"count":0,"href":"https:\/\/www.u-bahn-muenchen.de\/blog\/wp-json\/wp\/v2\/posts\/3\/revisions"}],"wp:attachment":[{"href":"https:\/\/www.u-bahn-muenchen.de\/blog\/wp-json\/wp\/v2\/media?parent=3"}],"wp:term":[{"taxonomy":"category","embeddable":true,"href":"https:\/\/www.u-bahn-muenchen.de\/blog\/wp-json\/wp\/v2\/categories?post=3"},{"taxonomy":"post_tag","embeddable":true,"href":"https:\/\/www.u-bahn-muenchen.de\/blog\/wp-json\/wp\/v2\/tags?post=3"}],"curies":[{"name":"wp","href":"https:\/\/api.w.org\/{rel}","templated":true}]}}