{"id":285,"date":"2011-12-05T22:12:55","date_gmt":"2011-12-05T20:12:55","guid":{"rendered":"http:\/\/www.muenchnerubahn.de\/blog\/?p=285"},"modified":"2012-04-20T12:23:30","modified_gmt":"2012-04-20T11:23:30","slug":"anderungen-zum-fahrplanwechsel","status":"publish","type":"post","link":"https:\/\/www.u-bahn-muenchen.de\/blog\/2011\/12\/anderungen-zum-fahrplanwechsel\/","title":{"rendered":"\u00c4nderungen zum Fahrplanwechsel"},"content":{"rendered":"<p>Zum Fahrplanwechsel am 11. Dezember 2011 gibt es dieses Jahr auch bei der U-Bahn einige Neuerungen zu vermelden. Gr\u00f6\u00dfte Neuerung bei der U-Bahn ist wohl die Einf\u00fchrung einer Verst\u00e4rkerlinie U7 zur morgendlichen Hauptverkehrszeit. F\u00fcr den gesamten Nahverkehr noch bedeutsamer ist aber sicher die <a href=\"http:\/\/www.mvg-mobil.de\/aktuell\/st-emmeram.html\" target=\"_blank\">Er\u00f6ffnung der Tram nach St. Emmeram<\/a>. <\/p>\n<p>Die \u00c4nderungen bei der U-Bahn im Einzelnen:<\/p>\n<h3>Neue Verst\u00e4rkerlinie U7<\/h3>\n<p>[img id=u7_2012 align=left size=kleiner]Die neue Verst\u00e4rkerlinie U7 verbindet Streckenabschnitte der U1, U2 und U5 und verkehrt zwischen [bflink id=WF] und [bflink id=NZ] \u00fcber [bflink id=SU] und [bflink id=IR]. <\/p>\n<p>Dabei ersetzt sie die bisherigen Verst\u00e4rkerfahrten der U1 zwischen [bflink id=WF] und [bflink id=SU]. Im weiteren Abschnitt bis [bflink id=NZ] sind die Fahrten zus\u00e4tzlich zum bisherigen Fahrplanangebot. <\/p>\n<p>[img id=zza_u7_vollzug align=right text=Bild:_MVG\/SMW]Da die neue Linie haupts\u00e4chlich die Spitzen im Sch\u00fclerverkehr am Morgen abfangen soll, verkehrt sie nur zwischen ca. 7 und 9 Uhr. Am Nachmittag bleibt es bei den bisherigen Verst\u00e4rkerfahrten der U1.<br \/>\nDa die U7 nur mit Vollz\u00fcgen verkehrt, werden k\u00fcnftig in der Zugvorschauansicht der dynamischen Abfahrtmonitore Vollz\u00fcge entsprechend angezeigt. <\/p>\n<p>Eine Linie U7 gab es schon einmal: zwischen 1999 und 2006 verkehrte sie zwischen [bflink id=RO] und [bflink id=KO] bzw. bei Gro\u00dfmessen bis [bflink id=MS]. Die neue Linie wird allerdings eine eigene Linienfarbe in Hellgr\u00fcn haben.<br \/>\nMehr zu alten U7 unter <a href=\"\/netz\/ehemaligelinien\/\">ehemalige Linien<\/a>. <\/p>\n<h3>U2-Verst\u00e4rkerfahrten auch an Freitagnachmittagen bis Messestadt<\/h3>\n<p>[img id=u2 align=left size=kleiner]Um den gestiegenen Fahrgastzahlen gerecht zu werden, verkehren die Verst\u00e4rkerfahrten der U2 k\u00fcnftig auch an Freitagnachmittagen nicht nur bis [bflink id=IR] sondern bis [bflink id=MS]. <\/p>\n<h3>U6: k\u00fcnftig eine Sp\u00e4tfahrt mehr bis [bflink id=GF]<\/h3>\n<p>[img id=u6 align=left size=kleiner]Die Garchinger Nachtschw\u00e4rmer wird es freuen: k\u00fcnftig werden die letzten U-Bahnen des Tages von [bflink id=FT] bis [bflink id=GF] verl\u00e4ngert. Zudem \u00e4ndern sich die Fahrtzeiten im Nordabschnitt der U6 geringf\u00fcgig. <\/p>\n<h3>U4: angepasste Abfahrtszeiten morgens am [bflink id=AR]<\/h3>\n<p>[img id=u4 align=left size=kleiner]An allen Tagen werden die Abfahrtszeiten morgens geringf\u00fcgig verschoben, um eine optimale Verkn\u00fcpfung mit der neuen Tram St. Emmeram (Linie 16) am Arabellapark zu erm\u00f6glichen.  <\/p>\n<h4>Weitere Informationen<\/h4>\n<p><a href=\"http:\/\/www.mvg-mobil.de\/aktuell\/fahrplanwechsel\/Fahrplanwechsel-2011_U-Bahn.pdf\" target=\"_blank\">MVG Pressemitteilung: Details zum Fahrplanwechsel am 11. Dezember 2011<\/a><\/p>\n","protected":false},"excerpt":{"rendered":"<p>Zum Fahrplanwechsel am 11. Dezember 2011 gibt es dieses Jahr auch bei der U-Bahn einige Neuerungen zu vermelden. Gr\u00f6\u00dfte Neuerung bei der U-Bahn ist wohl die Einf\u00fchrung einer Verst\u00e4rkerlinie U7 zur morgendlichen Hauptverkehrszeit. F\u00fcr den gesamten Nahverkehr noch bedeutsamer ist aber sicher die Er\u00f6ffnung der Tram nach St. Emmeram. Die \u00c4nderungen bei der U-Bahn im [&hellip;]<\/p>\n","protected":false},"author":2,"featured_media":0,"comment_status":"open","ping_status":"open","sticky":false,"template":"","format":"standard","meta":{"advanced_seo_description":"","jetpack_seo_html_title":"","jetpack_seo_noindex":false,"jetpack_seo_schema_type":"","_jetpack_newsletter_access":"","_jetpack_dont_email_post_to_subs":false,"_jetpack_newsletter_tier_id":0,"_jetpack_memberships_contains_paywalled_content":false,"_jetpack_feature_clip_id":0,"_jetpack_memberships_contains_paid_content":false,"footnotes":"","jetpack_post_was_ever_published":false},"categories":[9],"tags":[],"class_list":["post-285","post","type-post","status-publish","format-standard","hentry","category-betrieb"],"jetpack_shortlink":"https:\/\/wp.me\/p87CPJ-4B","jetpack-related-posts":[{"id":119,"url":"https:\/\/www.u-bahn-muenchen.de\/blog\/2010\/09\/taktverdichtungen-im-u-bahnnetz-bis-2020-geplant\/","url_meta":{"origin":285,"position":0},"title":"Taktverdichtungen im U-Bahnnetz bis 2020 geplant","author":"Florian Sch\u00fctz","date":"23. September 2010","format":false,"excerpt":"Wie die M\u00fcnchner Verkehrsgesellschaft in einem Pressegespr\u00e4ch am 23. September bekannt gab, sind im U-Bahn, Tram und Busbereich in den kommenden Jahren zahlreiche Angebotsverdichtungen und -ver\u00e4nderungen geplant. [img id=a_335_2 align=right]U-Bahn, Tram und Bus stehen bei ihren Fahrg\u00e4sten hoch im Kurs. Die Zufriedenheit der Kunden hat in der Vergangenheit kontinuierlich zugenommen.\u2026","rel":"","context":"In &quot;Betrieb&quot;","block_context":{"text":"Betrieb","link":"https:\/\/www.u-bahn-muenchen.de\/blog\/category\/betrieb\/"},"img":{"alt_text":"","src":"","width":0,"height":0},"classes":[]},{"id":307,"url":"https:\/\/www.u-bahn-muenchen.de\/blog\/2012\/03\/sev-auf-u2-und-u3-im-bereich-scheidplatz-wahrend-der-osterferien\/","url_meta":{"origin":285,"position":1},"title":"SEV auf U2 und U3 im Bereich Scheidplatz w\u00e4hrend der Osterferien","author":"Florian Sch\u00fctz","date":"24. M\u00e4rz 2012","format":false,"excerpt":"[img id=baustelle align=right size=kleiner]Da am [bflink id=SP] das Stellwerk der U-Bahn nach 40 Jahren Betrieb erneuert werden muss, verkehren U2 und U3 in den Osterferien nur eingeschr\u00e4nkt. Zeitgleich finden auf den betroffenen Abschnitten zudem gr\u00f6\u00dfere Gleisbauarbeiten statt, bei dem u.a. die Weichen zwischen U2 und U3 am Scheidplatz getauscht werden.\u2026","rel":"","context":"In &quot;Betrieb&quot;","block_context":{"text":"Betrieb","link":"https:\/\/www.u-bahn-muenchen.de\/blog\/category\/betrieb\/"},"img":{"alt_text":"","src":"","width":0,"height":0},"classes":[]},{"id":387,"url":"https:\/\/www.u-bahn-muenchen.de\/blog\/2014\/02\/projekt-u9-entlastungsspange-fuer-die-innenstadt\/","url_meta":{"origin":285,"position":2},"title":"Projekt U9: Entlastungsspange f\u00fcr die Innenstadt","author":"Florian Sch\u00fctz","date":"11. Februar 2014","format":false,"excerpt":"Bereits seit einigen Jahren wird seitens der MVG eine weitere Innenstadtstrecke zur Entlastung der heutigen Strecken von U1\/U2 und U3\/U6 unter dem Arbeitstitel \"U9\" geplant. Am heutigen 11. Februar stellten die Stadtwerke M\u00fcnchen \/ M\u00fcnchner Verkehrsgesellschaft eine Machbarkeitsstudie vor, die diese \"U9-Spange\" genauer untersucht hat. Die Studie von SWM\/MVG und\u2026","rel":"","context":"In &quot;Betrieb&quot;","block_context":{"text":"Betrieb","link":"https:\/\/www.u-bahn-muenchen.de\/blog\/category\/betrieb\/"},"img":{"alt_text":"","src":"","width":0,"height":0},"classes":[]},{"id":532,"url":"https:\/\/www.u-bahn-muenchen.de\/blog\/2019\/11\/sendlinger-tor-umbau-nimmt-gestalt-an\/","url_meta":{"origin":285,"position":3},"title":"Sendlinger Tor: der Umbau nimmt Gestalt an","author":"Florian Sch\u00fctz","date":"3. November 2019","format":false,"excerpt":"Seit dem Jahr 2017 wird der U-Bahnhof am Sendlinger Tor umgebaut und erweitert. Bisher waren f\u00fcr Fahrg\u00e4ste der U-Bahn und alle, die gleich mit welchem Verkehrsmittel irgendwie am Sendlinger Tor vorbei mussten, prim\u00e4r die Einschr\u00e4nkungen und Baustellenfl\u00e4chen sichtbar. Allm\u00e4hlich \u00e4ndert sich das. [img id=zza_se_bauarbeiten_pendelbetrieb align=right]Seit einigen Tagen kann man bereits\u2026","rel":"","context":"In &quot;St\u00f6rungen und Bauarbeiten&quot;","block_context":{"text":"St\u00f6rungen und Bauarbeiten","link":"https:\/\/www.u-bahn-muenchen.de\/blog\/category\/storungen-und-bauarbeiten\/"},"img":{"alt_text":"","src":"","width":0,"height":0},"classes":[]},{"id":232,"url":"https:\/\/www.u-bahn-muenchen.de\/blog\/2011\/06\/u3-nord-pendelzugbetrieb-wegen-bauarbeiten-im-spatverkehr\/","url_meta":{"origin":285,"position":4},"title":"U3 Nord: Pendelzugbetrieb wegen Bauarbeiten im Sp\u00e4tverkehr [aktualisiert]","author":"Florian Sch\u00fctz","date":"22. Juni 2011","format":false,"excerpt":"Die Erneuerung des Stellwerks Scheidplatz geht in eine weitere Bauphase mit tempor\u00e4ren Gleissperrungen. Aus diesem Grund werden im Nordabschnitt der U-Bahnlinie U3 im Sp\u00e4tverkehr ab 22 Uhr erneut Pendelz\u00fcge einsetzen. Damit kommt es von Sonntag, 26. Juni bis vsl. Donnerstag, 1. September, jeweils ab ca. 22 Uhr zu \u00e4hnlichen Einschr\u00e4nkungen\u2026","rel":"","context":"In &quot;Betrieb&quot;","block_context":{"text":"Betrieb","link":"https:\/\/www.u-bahn-muenchen.de\/blog\/category\/betrieb\/"},"img":{"alt_text":"","src":"","width":0,"height":0},"classes":[]},{"id":11,"url":"https:\/\/www.u-bahn-muenchen.de\/blog\/2007\/11\/wie-man-es-schafft-in-der-u-bahn-hemmungslos-angegafft-zu-werden\/","url_meta":{"origin":285,"position":5},"title":"Wie man es schafft, in der U-Bahn hemmungslos angegafft zu werden","author":"Florian Sch\u00fctz","date":"18. November 2007","format":false,"excerpt":"Gestern bin ich etwa f\u00fcnf Stunden durch den M\u00fcnchner Untergrund gefahren. Nun gut, das alleine ist nichts besonderes, die aktuell 1235 Bilder auf muenchnerubahn.de haben sich nicht von alleine geschossen. Allerdings hab ich w\u00e4hrend der f\u00fcnf Stunden den Zug nicht gewechselt. Ich war zwar ab und an mal kurz auf\u2026","rel":"","context":"In &quot;anderes&quot;","block_context":{"text":"anderes","link":"https:\/\/www.u-bahn-muenchen.de\/blog\/category\/anderes\/"},"img":{"alt_text":"","src":"","width":0,"height":0},"classes":[]}],"jetpack_sharing_enabled":true,"jetpack_featured_media_url":"","_links":{"self":[{"href":"https:\/\/www.u-bahn-muenchen.de\/blog\/wp-json\/wp\/v2\/posts\/285","targetHints":{"allow":["GET"]}}],"collection":[{"href":"https:\/\/www.u-bahn-muenchen.de\/blog\/wp-json\/wp\/v2\/posts"}],"about":[{"href":"https:\/\/www.u-bahn-muenchen.de\/blog\/wp-json\/wp\/v2\/types\/post"}],"author":[{"embeddable":true,"href":"https:\/\/www.u-bahn-muenchen.de\/blog\/wp-json\/wp\/v2\/users\/2"}],"replies":[{"embeddable":true,"href":"https:\/\/www.u-bahn-muenchen.de\/blog\/wp-json\/wp\/v2\/comments?post=285"}],"version-history":[{"count":23,"href":"https:\/\/www.u-bahn-muenchen.de\/blog\/wp-json\/wp\/v2\/posts\/285\/revisions"}],"predecessor-version":[{"id":347,"href":"https:\/\/www.u-bahn-muenchen.de\/blog\/wp-json\/wp\/v2\/posts\/285\/revisions\/347"}],"wp:attachment":[{"href":"https:\/\/www.u-bahn-muenchen.de\/blog\/wp-json\/wp\/v2\/media?parent=285"}],"wp:term":[{"taxonomy":"category","embeddable":true,"href":"https:\/\/www.u-bahn-muenchen.de\/blog\/wp-json\/wp\/v2\/categories?post=285"},{"taxonomy":"post_tag","embeddable":true,"href":"https:\/\/www.u-bahn-muenchen.de\/blog\/wp-json\/wp\/v2\/tags?post=285"}],"curies":[{"name":"wp","href":"https:\/\/api.w.org\/{rel}","templated":true}]}}