{"id":258,"date":"2011-10-23T19:39:54","date_gmt":"2011-10-23T17:39:54","guid":{"rendered":"http:\/\/www.muenchnerubahn.de\/blog\/?p=258"},"modified":"2022-04-03T14:50:20","modified_gmt":"2022-04-03T12:50:20","slug":"munchen-mags-mobil-150-jahre-mobilitat-fur-munchen-40-jahre-u-bahn","status":"publish","type":"post","link":"https:\/\/www.u-bahn-muenchen.de\/blog\/2011\/10\/munchen-mags-mobil-150-jahre-mobilitat-fur-munchen-40-jahre-u-bahn\/","title":{"rendered":"M\u00fcnchen mag&#8217;s mobil! 150 Jahre Mobilit\u00e4t f\u00fcr M\u00fcnchen \u2013 40 Jahre U-Bahn."},"content":{"rendered":"\n<p class=\"wp-block-paragraph\">Bei strahlendem Sonnenschein und mildem Herbstwetter pr\u00e4sentierte die M\u00fcnchner Verkehrsgesellschaft am Samstag, 22. Oktober Ihren G\u00e4sten ein buntes Festprogramm quer \u00fcber das Stadtgebiet verteilt.<\/p>\n\n\n\n<p class=\"wp-block-paragraph\">[img id=tram_betriebshof align=right]Los ging es kurz vor 10 Uhr mit einem Fahrzeugkorso aus historischen und aktuellen Bussen und Trambahnen von der Theatinerstra\u00dfe bis zum Max-Weber-Platz. Das war der Auftakt zu den Feierlichkeiten zu 150 Jahre Bus und 135 Jahre Tram in M\u00fcnchen.<br>Weiter ging es ab 11 Uhr im Tram-Betriebshof in der Einsteinstra\u00dfe sowie im MVG-Museum in der St\u00e4ndlerstra\u00dfe.<\/p>\n\n\n\n<p class=\"wp-block-paragraph\">Bereits am 19. Oktober j\u00e4hrte sich die Er\u00f6ffnung der M\u00fcnchner U-Bahn zum 40. Mal: der <a href=\"\/fahrzeuge\/verzeichnis\/wagen\/105\/\">A-Wagen 105<\/a> er\u00f6ffnete den Betrieb der Linie U6 vom [bflink id=KG] zum [bflink id=GO]. Dieses Jubil\u00e4um nahm die M\u00fcnchner Verkehrsgesellschaft zum Anlass, die Tore ihrer ansonsten f\u00fcr den Normalb\u00fcrger nicht zug\u00e4nglichen Technischen Basis in Fr\u00f6ttmaning zu \u00f6ffnen.<\/p>\n\n\n\n<p class=\"wp-block-paragraph\">[img id=technische_basis_tag_der_offenen_tuer align=right]Das gute Wetter brachte einen f\u00fcr die sonst eher beschaulichen Werkst\u00e4tten einigen Andrang mit sich, die Schlangen z.B. f\u00fcr den U-Bahn-Fahrsimulator, die F\u00fchrungen durch das Stellwerk und Mitfahrten in F\u00fchrerst\u00e4nden von U-Bahnwagen und Werkstattz\u00fcgen machten dies eindrucksvoll deutlich. Insgesamt besuchten laut MVG gut 40.000 Besucher die Veranstaltungen des Mobilit\u00e4tsjubil\u00e4ums.<\/p>\n\n\n\n<p class=\"wp-block-paragraph\">Neben Einblicken in den Werkstattalltag der Hauptwerkst\u00e4tte mit ihrem Sattlerbetrieb, der Schlosserei, Schreinerei, Schleiferei, Druckerei und vielen weiteren Abteilungen konnte auch vielen normalen Wartungsarbeiten beigewohnt werden, z.B. auch dem Kuppeln und Entkuppeln von im Betrieb fest verbundenen Wagen eines Doppeltriebwagens. Einblicke in den Ausbildungsalltag zahlreicher Lehrberufe boten die Stadtwerke an.<\/p>\n\n\n\n[imagelist col=4 comment=true]\nhauptwerkstaette_1,hauptwerkstaette_2,hauptwerkstaette_3,c_607_hauptwerkstaette\n[\/imagelist]\n[imagelist col=4 comment=true]\nhauptwerkstaette_druckerei,zza_flipdot_c-zug,hauptwerkstaette_schiebebuehne,drehgestell_c-zug\n[\/imagelist]\n\n\n\n<p class=\"wp-block-paragraph\">Vor der Werkstatthalle wurde unter anderem der <a href=\"\/fahrzeuge\/verzeichnis\/wagen\/498\/\">Syntegra-B-Wagen 496<\/a> und ein <a href=\"\/fahrzeuge\/arbeitsfahrzeuge\/hubsteiger\/\">Hebeb\u00fchnenfahrzug<\/a> besichtigt werden; bei letzterem gab es auch kostenlose &#8222;Mitfahrten&#8220; in die H\u00f6he.<\/p>\n\n\n\n<p class=\"wp-block-paragraph\">In der Werkstatthalle waren die verschiedenen <a href=\"\/fahrzeuge\/arbeitsfahrzeuge\/\">Arbeitsfahrzeuge<\/a> der MVG aufgereiht, die ansonsten meist nur in den Abend- und Nachtstunden durch den M\u00fcnchner Untergrund unterwegs sind und die vielen gro\u00dfen und kleinen Baustellen mit Arbeitsger\u00e4t und Materialien versorgen. Daneben konnten verschiedene Arbeitsschritte im Wartungszyklus der Z\u00fcge besichtigt werden, u.a. der Austausch von Drehgestellen, der Einsatz der Unterflurdrehbank und verschiedene Hebeb\u00fchneneinrichtungen.<\/p>\n\n\n\n[imagelist col=4 comment=true]\nb_498_tb,8903_2,akkulok_8952_tb,skl_8935\n[\/imagelist]\n\n\n\n<p class=\"wp-block-paragraph\">[img id=8960_3 align=right text=Staubsaugerzug_&#8220;Schlucki&#8220;]N\u00f6rdlich der Werkstatthalle stand auch der <a href=\"\/fahrzeuge\/arbeitsfahrzeuge\/staubsauger\/\">Staubsaugerzug &#8222;Schlucki&#8220;<\/a>, dessen Saugwirkung mit Demonstrationen an pr\u00e4parierten &#8222;Gleisbettverm\u00fcllungen&#8220; eindrucksvoll vorgef\u00fchrt wurde. Ebenso wurde demonstriert, wie mittels hydraulischer Pressen ein U-Bahnzug im Ernstfall angehoben werden kann \u2013 sei es wegen eingeklemmten Personen unter dem Zug oder nach einer Entgleisung.<\/p>\n\n\n\n<p class=\"wp-block-paragraph\">Vor dem Zentrallager der Technischen Basis stand der von den <a rel=\"noopener\" href=\"http:\/\/www.muenchnerubahnfreunde.de\/\" target=\"_blank\">M\u00fcnchner U-Bahnfreunden<\/a> herausgeputzte erste <a href=\"\/fahrzeuge\/verzeichnis\/wagen\/091\/\">M\u00fcnchner U-<\/a><a href=\"\/fahrzeuge\/verzeichnis\/wagen\/091\/\">Bahnwagen<\/a><a href=\"\/fahrzeuge\/verzeichnis\/wagen\/091\/\"> 091<\/a> zum Besichtigen. Im Zentrallager selbst wurden Mitfahrten in der &#8222;Achterbahn&#8220; angeboten: mit den F\u00f6rderk\u00f6rben des Hochregallagers ging es hier bis in schwindelerregende H\u00f6hen.<\/p>\n\n\n\n[imagelist col=3 comment=true]\na_091_3,a_091_4,a_091_5\n[\/imagelist]\n\n\n\n<p class=\"wp-block-paragraph\">Auch f\u00fcr das leibliche Wohl sowie die kleinen G\u00e4ste war gesorgt: in der Kantine gab es eine Auswahl an Speisen und Getr\u00e4nken, die bei musikalischer Umrahmung genossen werden konnten. Im Kinderprogramm gab es neben Kinderschminken, einer H\u00fcpfburg auch einen BMX-Parcours zu absolvieren. Neben Infost\u00e4nden des MVV, von PRO BAHN, des Arbeitskreises Attraktiver Nahverkehr, der M\u00fcnchner U-Bahnfreunde und der Interessengemeinschaft S-Bahn M\u00fcnchen wurde auch ein 1:1 Modell des F\u00fchrerstands der kommenden Zuggeneration &#8222;C2&#8220; ausgestellt, die ab 2013 in M\u00fcnchen fahren soll.<\/p>\n\n\n\n<h3 class=\"wp-block-heading\" id=\"andere-berichte\">Andere Berichte:<\/h3>\n\n\n\n<p class=\"wp-block-paragraph\"><a href=\"http:\/\/www.tramgeschichten.de\/2011\/10\/23\/munchen-mags-mobil-ein-voller-erfolg\/\" target=\"_blank\" rel=\"noopener\">Tramgeschichten.de: M\u00fcnchen mag\u2019s mobil: Ein voller Erfolg<\/a><\/p>\n","protected":false},"excerpt":{"rendered":"<p>Bei strahlendem Sonnenschein und mildem Herbstwetter pr\u00e4sentierte die M\u00fcnchner Verkehrsgesellschaft am Samstag, 22. Oktober Ihren G\u00e4sten ein buntes Festprogramm quer \u00fcber das Stadtgebiet verteilt. [img id=tram_betriebshof align=right]Los ging es kurz vor 10 Uhr mit einem Fahrzeugkorso aus historischen und aktuellen Bussen und Trambahnen von der Theatinerstra\u00dfe bis zum Max-Weber-Platz. Das war der Auftakt zu den [&hellip;]<\/p>\n","protected":false},"author":2,"featured_media":0,"comment_status":"open","ping_status":"open","sticky":false,"template":"","format":"standard","meta":{"advanced_seo_description":"","jetpack_seo_html_title":"","jetpack_seo_noindex":false,"jetpack_seo_schema_type":"","_jetpack_newsletter_access":"","_jetpack_dont_email_post_to_subs":false,"_jetpack_newsletter_tier_id":0,"_jetpack_memberships_contains_paywalled_content":false,"_jetpack_feature_clip_id":0,"_jetpack_memberships_contains_paid_content":false,"footnotes":"","jetpack_post_was_ever_published":false},"categories":[9,10],"tags":[],"class_list":["post-258","post","type-post","status-publish","format-standard","hentry","category-betrieb","category-technik"],"jetpack_shortlink":"https:\/\/wp.me\/p87CPJ-4a","jetpack-related-posts":[{"id":119,"url":"https:\/\/www.u-bahn-muenchen.de\/blog\/2010\/09\/taktverdichtungen-im-u-bahnnetz-bis-2020-geplant\/","url_meta":{"origin":258,"position":0},"title":"Taktverdichtungen im U-Bahnnetz bis 2020 geplant","author":"Florian Sch\u00fctz","date":"23. September 2010","format":false,"excerpt":"Wie die M\u00fcnchner Verkehrsgesellschaft in einem Pressegespr\u00e4ch am 23. September bekannt gab, sind im U-Bahn, Tram und Busbereich in den kommenden Jahren zahlreiche Angebotsverdichtungen und -ver\u00e4nderungen geplant. [img id=a_335_2 align=right]U-Bahn, Tram und Bus stehen bei ihren Fahrg\u00e4sten hoch im Kurs. Die Zufriedenheit der Kunden hat in der Vergangenheit kontinuierlich zugenommen.\u2026","rel":"","context":"In &quot;Betrieb&quot;","block_context":{"text":"Betrieb","link":"https:\/\/www.u-bahn-muenchen.de\/blog\/category\/betrieb\/"},"img":{"alt_text":"","src":"","width":0,"height":0},"classes":[]},{"id":245,"url":"https:\/\/www.u-bahn-muenchen.de\/blog\/2011\/10\/40-jahre-u-bahn-und-andere-jubilaen-mvg-jubilaumsfeier\/","url_meta":{"origin":258,"position":1},"title":"40 Jahre U-Bahn und andere Jubil\u00e4en \u2013 MVG-Jubil\u00e4umsfeier","author":"Florian Sch\u00fctz","date":"8. Oktober 2011","format":false,"excerpt":"[img id=mvg-kampagne_platz-fuer-alle_800px align=right]Am Samstag, 22. Oktober 2011, feiert der M\u00fcnchner Nahverkehr gleich drei Jubil\u00e4en: 150 Jahre Nahverkehr f\u00fcr M\u00fcnchen, 135 Jahre Tram und 40 Jahre U-Bahn. Der Tag steht damit ganz im Zeichen des \u00f6ffentlichen Nahverkehrs \u2013 mit einem Blick in die Vergangenheit, Gegenwart und Zukunft von U-Bahn, Bus und\u2026","rel":"","context":"In &quot;Geschichte&quot;","block_context":{"text":"Geschichte","link":"https:\/\/www.u-bahn-muenchen.de\/blog\/category\/geschichte\/"},"img":{"alt_text":"","src":"","width":0,"height":0},"classes":[]},{"id":307,"url":"https:\/\/www.u-bahn-muenchen.de\/blog\/2012\/03\/sev-auf-u2-und-u3-im-bereich-scheidplatz-wahrend-der-osterferien\/","url_meta":{"origin":258,"position":2},"title":"SEV auf U2 und U3 im Bereich Scheidplatz w\u00e4hrend der Osterferien","author":"Florian Sch\u00fctz","date":"24. M\u00e4rz 2012","format":false,"excerpt":"[img id=baustelle align=right size=kleiner]Da am [bflink id=SP] das Stellwerk der U-Bahn nach 40 Jahren Betrieb erneuert werden muss, verkehren U2 und U3 in den Osterferien nur eingeschr\u00e4nkt. Zeitgleich finden auf den betroffenen Abschnitten zudem gr\u00f6\u00dfere Gleisbauarbeiten statt, bei dem u.a. die Weichen zwischen U2 und U3 am Scheidplatz getauscht werden.\u2026","rel":"","context":"In &quot;Betrieb&quot;","block_context":{"text":"Betrieb","link":"https:\/\/www.u-bahn-muenchen.de\/blog\/category\/betrieb\/"},"img":{"alt_text":"","src":"","width":0,"height":0},"classes":[]},{"id":159,"url":"https:\/\/www.u-bahn-muenchen.de\/blog\/2010\/10\/handyversorgung-ab-samstag-auch-auf-der-u1-zum-oez\/","url_meta":{"origin":258,"position":3},"title":"Handyversorgung ab Samstag auch auf der U1 zum OEZ","author":"Florian Sch\u00fctz","date":"29. Oktober 2010","format":false,"excerpt":"Das Mobilfunknetz in der M\u00fcnchner U-Bahn wird um den Nordabschnitt der U-Bahnlinie U1 zum [bflink id=OE] erweitert. Die vier Netzbetreiber Vodafone, T-Mobile, E-Plus und Telef\u00f3nica O2 Germany nehmen die Sende- und Empfangsanlagen zwischen den U-Bahnstationen [bflink id=SM] und [bflink id=OE] am Samstag, 30. Oktober 2010, in Betrieb. Dieser Streckenabschnitt umfasst\u2026","rel":"","context":"In &quot;Technik&quot;","block_context":{"text":"Technik","link":"https:\/\/www.u-bahn-muenchen.de\/blog\/category\/technik\/"},"img":{"alt_text":"","src":"","width":0,"height":0},"classes":[]},{"id":725,"url":"https:\/\/www.u-bahn-muenchen.de\/blog\/2021\/03\/50-jahre-u-bahn-fuer-muenchen-historisches\/","url_meta":{"origin":258,"position":4},"title":"50 Jahre U-Bahn f\u00fcr M\u00fcnchen &#8211; Historisches","author":"Florian Sch\u00fctz","date":"1. M\u00e4rz 2021","format":false,"excerpt":"In diesem Jahr feiert die M\u00fcnchner U-Bahn ihren 50. Geburtstag. Am 19. Oktober 1971 wurde auf der Strecke zwischen [bflink id=KG] und [bflink id=GO] der Betrieb der U6 als erster Strecke aufgenommen. Dieses Jubil\u00e4um wird in den kommenden Monaten verschiedentlich sicher noch Erw\u00e4hnung finden. Als Einstimmung hierauf schon mal einige\u2026","rel":"","context":"In &quot;Geschichte&quot;","block_context":{"text":"Geschichte","link":"https:\/\/www.u-bahn-muenchen.de\/blog\/category\/geschichte\/"},"img":{"alt_text":"","src":"","width":0,"height":0},"classes":[]},{"id":19,"url":"https:\/\/www.u-bahn-muenchen.de\/blog\/2010\/04\/jubilaen\/","url_meta":{"origin":258,"position":5},"title":"Jubil\u00e4en","author":"Florian Sch\u00fctz","date":"21. April 2010","format":false,"excerpt":"[img id=partyzug_zza align=right size=mittel_pano]Wenn's ums Feiern geht, sind ja die meisten Menschen immer gerne dabei, auch wenn sie oft gar nicht wissen, was es eigentlich zu Feiern gibt. Im U-Bahn-Bereich sind Feiern allerdings eher selten, weswegen man hier die Anl\u00e4sse sorgf\u00e4ltig im Kalender stehen haben sollte. U-Bahn-Er\u00f6ffnungen werden nach der\u2026","rel":"","context":"In &quot;Geschichte&quot;","block_context":{"text":"Geschichte","link":"https:\/\/www.u-bahn-muenchen.de\/blog\/category\/geschichte\/"},"img":{"alt_text":"","src":"","width":0,"height":0},"classes":[]}],"jetpack_sharing_enabled":true,"jetpack_featured_media_url":"","_links":{"self":[{"href":"https:\/\/www.u-bahn-muenchen.de\/blog\/wp-json\/wp\/v2\/posts\/258","targetHints":{"allow":["GET"]}}],"collection":[{"href":"https:\/\/www.u-bahn-muenchen.de\/blog\/wp-json\/wp\/v2\/posts"}],"about":[{"href":"https:\/\/www.u-bahn-muenchen.de\/blog\/wp-json\/wp\/v2\/types\/post"}],"author":[{"embeddable":true,"href":"https:\/\/www.u-bahn-muenchen.de\/blog\/wp-json\/wp\/v2\/users\/2"}],"replies":[{"embeddable":true,"href":"https:\/\/www.u-bahn-muenchen.de\/blog\/wp-json\/wp\/v2\/comments?post=258"}],"version-history":[{"count":27,"href":"https:\/\/www.u-bahn-muenchen.de\/blog\/wp-json\/wp\/v2\/posts\/258\/revisions"}],"predecessor-version":[{"id":984,"href":"https:\/\/www.u-bahn-muenchen.de\/blog\/wp-json\/wp\/v2\/posts\/258\/revisions\/984"}],"wp:attachment":[{"href":"https:\/\/www.u-bahn-muenchen.de\/blog\/wp-json\/wp\/v2\/media?parent=258"}],"wp:term":[{"taxonomy":"category","embeddable":true,"href":"https:\/\/www.u-bahn-muenchen.de\/blog\/wp-json\/wp\/v2\/categories?post=258"},{"taxonomy":"post_tag","embeddable":true,"href":"https:\/\/www.u-bahn-muenchen.de\/blog\/wp-json\/wp\/v2\/tags?post=258"}],"curies":[{"name":"wp","href":"https:\/\/api.w.org\/{rel}","templated":true}]}}