{"id":245,"date":"2011-10-08T11:32:52","date_gmt":"2011-10-08T09:32:52","guid":{"rendered":"http:\/\/www.muenchnerubahn.de\/blog\/?p=245"},"modified":"2021-05-31T22:44:23","modified_gmt":"2021-05-31T20:44:23","slug":"40-jahre-u-bahn-und-andere-jubilaen-mvg-jubilaumsfeier","status":"publish","type":"post","link":"https:\/\/www.u-bahn-muenchen.de\/blog\/2011\/10\/40-jahre-u-bahn-und-andere-jubilaen-mvg-jubilaumsfeier\/","title":{"rendered":"40 Jahre U-Bahn und andere Jubil\u00e4en \u2013 MVG-Jubil\u00e4umsfeier"},"content":{"rendered":"<p>[img id=mvg-kampagne_platz-fuer-alle_800px align=right]Am Samstag, 22. Oktober 2011, feiert der M\u00fcnchner Nahverkehr gleich drei Jubil\u00e4en:<br \/>\n150 Jahre Nahverkehr f\u00fcr M\u00fcnchen, 135 Jahre Tram und 40 Jahre U-Bahn.<\/p>\n<p>Der Tag steht damit ganz im Zeichen des \u00f6ffentlichen Nahverkehrs \u2013 mit einem Blick in die Vergangenheit, Gegenwart und Zukunft von U-Bahn, Bus und Tram.<\/p>\n<h3>Hier das Programm des Tages<\/h3>\n<ul>\n<li>Gegen 9.45 Uhr: An der Haltestelle Theatinerstra\u00dfe stellen sich historische Busse, Trambahnen und Pferdewagen zum Korso auf. Anschlie\u00dfend f\u00e4hrt der <strong>Festkorso<\/strong> \u00fcber die Perusastra\u00dfe durch die Maximilianstra\u00dfe, vorbei an Max-II-Denkmal und Maximilianeum bis zum Max-Weber-Platz.<\/li>\n<li>Von 11 bis 17 Uhr pendelt eine <strong>nostalgische Tram-Sonderlinie<\/strong> zwischen Max-Weber-Platz und Trambetriebshof. Vom Trambetriebshof fahren historische Busse zum MVG Museum und zur\u00fcck.<\/li>\n<li><strong>Tag der offenen T\u00fcr in der Technischen Basis U-Bahn<\/strong>, Hans-Jensen-Weg 10: Alles Wissenswerte zur M\u00fcnchner U-Bahn sowie eine Ausstellung von Sonderfahrzeugen erleben Sie auf dem gro\u00dfen Betriebsgel\u00e4nde in Fr\u00f6ttmaning.<\/li>\n<li><strong>Tag der offenen T\u00fcr im Trambetriebshof<\/strong>, Einsteinstra\u00dfe 148: Hier bekommen Sie viele Informationen zu Fahrzeugen, Betrieb und Wartung von Trambahn und Bus.<\/li>\n<li>Sonder\u00f6ffnungstag im MVG Museum, St\u00e4ndlerstra\u00dfe 20: M\u00fcnchner Verkehrshistorie zum Anfassen f\u00fcr die Gro\u00dfen, viele Kinderaktionen f\u00fcr die Kleinen. Erstmals gezeigt wird eine neue Ausstellung zu U-Bahnsystemen der Welt.<\/li>\n<\/ul>\n<p>Alle Veranstaltungsorte haben zwischen 11 und 17 Uhr bei freiem Eintritt ge\u00f6ffnet.<\/p>\n<h3>Festprogramm Technische Basis der U-Bahn<\/h3>\n<ul>\n<li>Hier werden die Weichen gestellt:<br \/>\nF\u00fchrungen durchs Lehrstellwerk, Geb\u00e4ude 3; ab 11.30 Uhr jede halbe Stunde; Achtung: pro F\u00fchrung maximal 20 Personen, Gruppeneinteilung vor Ort<\/li>\n<li>Anfahren und Bremsen f\u00fcr Anf\u00e4nger: U-Bahn-Fahrsimulator, Geb\u00e4ude 9; ab 11.30 Uhr st\u00fcndlich; Achtung: pro F\u00fchrung maximal 10 Personen, Verlosung von Platzkarten vor Ort; nicht geeignet f\u00fcr Kinder unter 10 Jahren und Rollstuhlfahrer<\/li>\n<li>Basis f\u00fcr 1.000 Pferdest\u00e4rken:<br \/>\nRundgang durch den U-Bahnbetriebshof, Geb\u00e4ude 11<br \/>\nKeine Angst vor schweren Ger\u00e4ten: Rundgang durch die Hauptwerkst\u00e4tte, Geb\u00e4ude 20<\/li>\n<li>Alles eine Frage der Ordnung:<br \/>\nRundgang durchs Hochregallager, Geb\u00e4ude 18<\/li>\n<li>Riesenstaubsauger Schlucki &amp; Co.: Sonderfahrzeug-Ausstellung, hier darf jeder mal einsteigen<\/li>\n<li>Wissenswertes rund um den Nahverkehr: Infos der Vereine, Verb\u00e4nde und U-Bahnwache<\/li>\n<li>Eine U-Bahn entsteht:<br \/>\nEntwicklung des neuen C2-Zugs, Geb\u00e4ude 14<\/li>\n<li>Hauptrolle f\u00fcr U-Bahn, Bus und Tram: Filmvorf\u00fchrungen zum M\u00fcnchner Nahverkehr<\/li>\n<li>Gro\u00dfer Spa\u00df f\u00fcr die Kleinen:<br \/>\nH\u00fcpfburg, Kinderschminken, Basteln, BMX-Parcours<\/li>\n<li>Z\u00fcnftige Pausen:<br \/>\nSpeisen und Getr\u00e4nke in der Kantine und im Biergarten<\/li>\n<li>B\u00fchne frei:<br \/>\nMusikalische Unterhaltung mit Live-Band<\/li>\n<\/ul>\n<h3>Weitere Informationen<\/h3>\n<p><a href=\"http:\/\/www.mvg-mobil.de\/aktuell\/kampagne.html\" target=\"_blank\" rel=\"noopener\">mvg-mobil.de: M\u00fcnchen mag&#8217;s mobil \u2013 Gro\u00dfe Jubil\u00e4umsfeier am 22. Oktober 2011<\/a><\/p>\n","protected":false},"excerpt":{"rendered":"<p>[img id=mvg-kampagne_platz-fuer-alle_800px align=right]Am Samstag, 22. Oktober 2011, feiert der M\u00fcnchner Nahverkehr gleich drei Jubil\u00e4en: 150 Jahre Nahverkehr f\u00fcr M\u00fcnchen, 135 Jahre Tram und 40 Jahre U-Bahn. Der Tag steht damit ganz im Zeichen des \u00f6ffentlichen Nahverkehrs \u2013 mit einem Blick in die Vergangenheit, Gegenwart und Zukunft von U-Bahn, Bus und Tram. Hier das Programm des [&hellip;]<\/p>\n","protected":false},"author":2,"featured_media":0,"comment_status":"open","ping_status":"open","sticky":false,"template":"","format":"standard","meta":{"advanced_seo_description":"","jetpack_seo_html_title":"","jetpack_seo_noindex":false,"jetpack_seo_schema_type":"","_jetpack_newsletter_access":"","_jetpack_dont_email_post_to_subs":false,"_jetpack_newsletter_tier_id":0,"_jetpack_memberships_contains_paywalled_content":false,"_jetpack_feature_clip_id":0,"_jetpack_memberships_contains_paid_content":false,"footnotes":"","jetpack_post_was_ever_published":false},"categories":[7],"tags":[],"class_list":["post-245","post","type-post","status-publish","format-standard","hentry","category-geschichte"],"jetpack_shortlink":"https:\/\/wp.me\/p87CPJ-3X","jetpack-related-posts":[{"id":258,"url":"https:\/\/www.u-bahn-muenchen.de\/blog\/2011\/10\/munchen-mags-mobil-150-jahre-mobilitat-fur-munchen-40-jahre-u-bahn\/","url_meta":{"origin":245,"position":0},"title":"M\u00fcnchen mag&#8217;s mobil! 150 Jahre Mobilit\u00e4t f\u00fcr M\u00fcnchen \u2013 40 Jahre U-Bahn.","author":"Florian Sch\u00fctz","date":"23. Oktober 2011","format":false,"excerpt":"Bei strahlendem Sonnenschein und mildem Herbstwetter pr\u00e4sentierte die M\u00fcnchner Verkehrsgesellschaft am Samstag, 22. Oktober Ihren G\u00e4sten ein buntes Festprogramm quer \u00fcber das Stadtgebiet verteilt. [img id=tram_betriebshof align=right]Los ging es kurz vor 10 Uhr mit einem Fahrzeugkorso aus historischen und aktuellen Bussen und Trambahnen von der Theatinerstra\u00dfe bis zum Max-Weber-Platz. Das\u2026","rel":"","context":"In &quot;Betrieb&quot;","block_context":{"text":"Betrieb","link":"https:\/\/www.u-bahn-muenchen.de\/blog\/category\/betrieb\/"},"img":{"alt_text":"","src":"","width":0,"height":0},"classes":[]},{"id":995,"url":"https:\/\/www.u-bahn-muenchen.de\/blog\/2022\/04\/neue-u-bahnen-fuer-muenchen-swm-und-mvg-erhalten-weitere-zuege-der-neuesten-generation\/","url_meta":{"origin":245,"position":1},"title":"Neue U-Bahnen f\u00fcr M\u00fcnchen: SWM und MVG erhalten weitere Z\u00fcge der neuesten Generation","author":"Florian Sch\u00fctz","date":"27. April 2022","format":false,"excerpt":"Die Stadtwerke M\u00fcnchen (SWM) setzen die Modernisierung der U-Bahn-Flotte der M\u00fcnchner Verkehrsgesellschaft (MVG) fort: Am Mittwoch, 27. April 2022, haben SWM und MVG an der Technischen Basis in Fr\u00f6ttmaning den ersten von insgesamt 22 Z\u00fcgen des Typs C2 der dritten Lieferserie (so genannte 2. Option) \u00fcbernommen. Dort wird der Zug\u2026","rel":"","context":"In &quot;Fahrzeuge&quot;","block_context":{"text":"Fahrzeuge","link":"https:\/\/www.u-bahn-muenchen.de\/blog\/category\/fahrzeuge\/"},"img":{"alt_text":"","src":"","width":0,"height":0},"classes":[]},{"id":986,"url":"https:\/\/www.u-bahn-muenchen.de\/blog\/2022\/04\/mvg-ruft-um-hilfe-im-fahrplan-2023-drohen-massive-kuerzungen\/","url_meta":{"origin":245,"position":2},"title":"MVG ruft um Hilfe: Im Fahrplan 2023 drohen massive K\u00fcrzungen","author":"Frederik Buchleitner","date":"26. April 2022","format":false,"excerpt":"In diesen Wochen l\u00e4uft wieder die Anh\u00f6rung der Bezirksaussch\u00fcsse f\u00fcr das MVG-Leistungsprogramm, welches die Rahmenbedingungen f\u00fcr den Fahrplan im kommenden Jahr 2023 setzt. Schon im vergangenen Jahr brachte der Fahrplanwechsel keine gr\u00f6\u00dferen Angebotsausweitungen, daf\u00fcr aufgrund der versch\u00e4rften Finanzlage f\u00fcr die MVG einige Taktausd\u00fcnnungen beim Bus. Auch in diesem Jahr beklagen\u2026","rel":"","context":"In &quot;Betrieb&quot;","block_context":{"text":"Betrieb","link":"https:\/\/www.u-bahn-muenchen.de\/blog\/category\/betrieb\/"},"img":{"alt_text":"","src":"","width":0,"height":0},"classes":[]},{"id":119,"url":"https:\/\/www.u-bahn-muenchen.de\/blog\/2010\/09\/taktverdichtungen-im-u-bahnnetz-bis-2020-geplant\/","url_meta":{"origin":245,"position":3},"title":"Taktverdichtungen im U-Bahnnetz bis 2020 geplant","author":"Florian Sch\u00fctz","date":"23. September 2010","format":false,"excerpt":"Wie die M\u00fcnchner Verkehrsgesellschaft in einem Pressegespr\u00e4ch am 23. September bekannt gab, sind im U-Bahn, Tram und Busbereich in den kommenden Jahren zahlreiche Angebotsverdichtungen und -ver\u00e4nderungen geplant. [img id=a_335_2 align=right]U-Bahn, Tram und Bus stehen bei ihren Fahrg\u00e4sten hoch im Kurs. Die Zufriedenheit der Kunden hat in der Vergangenheit kontinuierlich zugenommen.\u2026","rel":"","context":"In &quot;Betrieb&quot;","block_context":{"text":"Betrieb","link":"https:\/\/www.u-bahn-muenchen.de\/blog\/category\/betrieb\/"},"img":{"alt_text":"","src":"","width":0,"height":0},"classes":[]},{"id":355,"url":"https:\/\/www.u-bahn-muenchen.de\/blog\/2012\/05\/u-bahnhof-munchner-freiheit-umbau-wird-mit-dem-local-rail-award-ausgezeichnet\/","url_meta":{"origin":245,"position":4},"title":"U-Bahnhof M\u00fcnchner Freiheit: Umbau wird mit dem Local Rail Award ausgezeichnet","author":"Florian Sch\u00fctz","date":"10. Mai 2012","format":false,"excerpt":"Die [bflink id=MU] ist jetzt preisgekr\u00f6nt: F\u00fcr die gelungene Erneuerung der Umsteigehaltestelle an der Oberfl\u00e4che und die Modernisierung der U-Bahnstation hat die M\u00fcnchner Verkehrsgesellschaft (MVG) am 9. Mai in Warschau den \u201eLocal Rail Award\u201c der UITP (Internationaler Verband f\u00fcr \u00f6ffentliches Verkehrswesen) in der Kategorie \u201eStops and stations\u201c erhalten. Gew\u00fcrdigt wird\u2026","rel":"","context":"In &quot;U-Bahnh\u00f6fe&quot;","block_context":{"text":"U-Bahnh\u00f6fe","link":"https:\/\/www.u-bahn-muenchen.de\/blog\/category\/u-bahnhofe\/"},"img":{"alt_text":"","src":"","width":0,"height":0},"classes":[]},{"id":307,"url":"https:\/\/www.u-bahn-muenchen.de\/blog\/2012\/03\/sev-auf-u2-und-u3-im-bereich-scheidplatz-wahrend-der-osterferien\/","url_meta":{"origin":245,"position":5},"title":"SEV auf U2 und U3 im Bereich Scheidplatz w\u00e4hrend der Osterferien","author":"Florian Sch\u00fctz","date":"24. M\u00e4rz 2012","format":false,"excerpt":"[img id=baustelle align=right size=kleiner]Da am [bflink id=SP] das Stellwerk der U-Bahn nach 40 Jahren Betrieb erneuert werden muss, verkehren U2 und U3 in den Osterferien nur eingeschr\u00e4nkt. Zeitgleich finden auf den betroffenen Abschnitten zudem gr\u00f6\u00dfere Gleisbauarbeiten statt, bei dem u.a. die Weichen zwischen U2 und U3 am Scheidplatz getauscht werden.\u2026","rel":"","context":"In &quot;Betrieb&quot;","block_context":{"text":"Betrieb","link":"https:\/\/www.u-bahn-muenchen.de\/blog\/category\/betrieb\/"},"img":{"alt_text":"","src":"","width":0,"height":0},"classes":[]}],"jetpack_sharing_enabled":true,"jetpack_featured_media_url":"","_links":{"self":[{"href":"https:\/\/www.u-bahn-muenchen.de\/blog\/wp-json\/wp\/v2\/posts\/245","targetHints":{"allow":["GET"]}}],"collection":[{"href":"https:\/\/www.u-bahn-muenchen.de\/blog\/wp-json\/wp\/v2\/posts"}],"about":[{"href":"https:\/\/www.u-bahn-muenchen.de\/blog\/wp-json\/wp\/v2\/types\/post"}],"author":[{"embeddable":true,"href":"https:\/\/www.u-bahn-muenchen.de\/blog\/wp-json\/wp\/v2\/users\/2"}],"replies":[{"embeddable":true,"href":"https:\/\/www.u-bahn-muenchen.de\/blog\/wp-json\/wp\/v2\/comments?post=245"}],"version-history":[{"count":11,"href":"https:\/\/www.u-bahn-muenchen.de\/blog\/wp-json\/wp\/v2\/posts\/245\/revisions"}],"predecessor-version":[{"id":752,"href":"https:\/\/www.u-bahn-muenchen.de\/blog\/wp-json\/wp\/v2\/posts\/245\/revisions\/752"}],"wp:attachment":[{"href":"https:\/\/www.u-bahn-muenchen.de\/blog\/wp-json\/wp\/v2\/media?parent=245"}],"wp:term":[{"taxonomy":"category","embeddable":true,"href":"https:\/\/www.u-bahn-muenchen.de\/blog\/wp-json\/wp\/v2\/categories?post=245"},{"taxonomy":"post_tag","embeddable":true,"href":"https:\/\/www.u-bahn-muenchen.de\/blog\/wp-json\/wp\/v2\/tags?post=245"}],"curies":[{"name":"wp","href":"https:\/\/api.w.org\/{rel}","templated":true}]}}