{"id":232,"date":"2011-06-22T22:54:36","date_gmt":"2011-06-22T20:54:36","guid":{"rendered":"http:\/\/www.muenchnerubahn.de\/blog\/?p=232"},"modified":"2011-08-05T09:51:08","modified_gmt":"2011-08-05T07:51:08","slug":"u3-nord-pendelzugbetrieb-wegen-bauarbeiten-im-spatverkehr","status":"publish","type":"post","link":"https:\/\/www.u-bahn-muenchen.de\/blog\/2011\/06\/u3-nord-pendelzugbetrieb-wegen-bauarbeiten-im-spatverkehr\/","title":{"rendered":"U3 Nord: Pendelzugbetrieb wegen Bauarbeiten im Sp\u00e4tverkehr [aktualisiert]"},"content":{"rendered":"<p>Die Erneuerung des Stellwerks Scheidplatz geht in eine weitere Bauphase mit tempor\u00e4ren Gleissperrungen. Aus diesem Grund werden im Nordabschnitt der <a href=\"\/netz\/u3\">U-Bahnlinie U3<\/a> im Sp\u00e4tverkehr ab 22 Uhr erneut Pendelz\u00fcge einsetzen. Damit kommt es von Sonntag, 26. Juni bis vsl. Donnerstag, 1. September, jeweils ab ca. 22 Uhr zu \u00e4hnlichen Einschr\u00e4nkungen wie bereits Anfang des Jahres.<\/p>\n<p>[img id=u3 align=right size=klein]Wegen baustellenbedingter Gleissperrungen auf der U3 Nord m\u00fcssen Fahrg\u00e4ste an der [bflink id=MU] zur Weiterfahrt generell umsteigen. In Fahrtrichtung [bflink id=MO] ist dies meist am gleichen Bahnsteig m\u00f6glich; in Fahrtrichtung [bflink id=FW] muss teilweise von Gleis 3 \u2013 \u00fcber das Sperrengeschoss \u2013 auf Gleis 2 gewechselt werden.<\/p>\n<p>Auf der U3-Nord wird das Fahrplanangebot teilweise reduziert: Zwischen [bflink id=MU] und [bflink id=MO] verkehrt alle 20 Minuten ein durchgehender Pendelzug. Zus\u00e4tzlich f\u00e4hrt alle 20 Minuten ein Pendelzug zwischen [bflink id=OZ] und [bflink id=MO], um in diesem Abschnitt den gewohnten 10-Minuten-Takt herzustellen.<\/p>\n<p>Wer am Scheidplatz zur U2 umsteigen m\u00f6chte, muss sich ebenfalls auf Einschr\u00e4nkungen einstellen: Zur Weiterfahrt in Richtung [bflink id=MS] ist der Bahnsteig zu wechseln. Der \u00fcbliche zeitgleiche Anschluss kann wegen der ge\u00e4nderten U3-Fahrpl\u00e4ne stadteinw\u00e4rts nicht gehalten werden.<\/p>\n<p>In N\u00e4chten mit gr\u00f6\u00dferen Veranstaltungen im Olympiastadion verkehrt die U3 normal. Nach Veranstaltungen in der Olympiahalle werden die Besucher gebeten, zus\u00e4tzlich die Verbindung \u00fcber [bflink id=OK] und U1 zur Innenstadt zu nutzen.<\/p>\n<h4>Weitere Informationen und Baufahrplan:<\/h4>\n<p><a href=\"http:\/\/www.mvg-mobil.de\/betriebsaenderungen\/2011-06-26_u3.html\" target=\"_blank\">mvg-mobil.de<\/a><\/p>\n<h4>Quelle:<\/h4>\n<p><a href=\"http:\/\/www.mvg-mobil.de\/presse\/2011-06-22b_mvg-pressemeldung.pdf\" target=\"_blank\">MVG-Pressemeldung vom 22. Juni 2011<\/a><br \/>\n<a href=\"http:\/\/www.mvg-mobil.de\/presse\/2011-08-02_mvg-pressemeldung.pdf\" target=\"_blank\">MVG-Pressemeldung vom 2. August 2011<\/a><\/p>\n","protected":false},"excerpt":{"rendered":"<p>Die Erneuerung des Stellwerks Scheidplatz geht in eine weitere Bauphase mit tempor\u00e4ren Gleissperrungen. Aus diesem Grund werden im Nordabschnitt der U-Bahnlinie U3 im Sp\u00e4tverkehr ab 22 Uhr erneut Pendelz\u00fcge einsetzen. Damit kommt es von Sonntag, 26. Juni bis vsl. Donnerstag, 1. September, jeweils ab ca. 22 Uhr zu \u00e4hnlichen Einschr\u00e4nkungen wie bereits Anfang des Jahres. [&hellip;]<\/p>\n","protected":false},"author":2,"featured_media":0,"comment_status":"open","ping_status":"open","sticky":false,"template":"","format":"standard","meta":{"advanced_seo_description":"","jetpack_seo_html_title":"","jetpack_seo_noindex":false,"jetpack_seo_schema_type":"","_jetpack_newsletter_access":"","_jetpack_dont_email_post_to_subs":false,"_jetpack_newsletter_tier_id":0,"_jetpack_memberships_contains_paywalled_content":false,"_jetpack_feature_clip_id":0,"_jetpack_memberships_contains_paid_content":false,"footnotes":"","jetpack_post_was_ever_published":false},"categories":[9,3],"tags":[],"class_list":["post-232","post","type-post","status-publish","format-standard","hentry","category-betrieb","category-storungen-und-bauarbeiten"],"jetpack_shortlink":"https:\/\/wp.me\/p87CPJ-3K","jetpack-related-posts":[{"id":467,"url":"https:\/\/www.u-bahn-muenchen.de\/blog\/2016\/12\/u3-u6-behinderungen-poccistrasse\/","url_meta":{"origin":232,"position":0},"title":"U3\/U6: Behinderungen im Sp\u00e4tverkehr im Bahnhof Poccistra\u00dfe","author":"Florian Sch\u00fctz","date":"8. Dezember 2016","format":false,"excerpt":"Wegen Bauarbeiten durchfahren die Z\u00fcge der Linien U3 und U6 die Station [bflink id=pc] am Montag, 12. Dezember sowie am Dienstag, 13. Dezember, jeweils ab ca. 22 Uhr ohne Halt. Dann k\u00f6nnen Fahrg\u00e4ste dort also weder ein- noch aussteigen. Ersatzweise richtet die MVG einen Schienenersatzverkehr (SEV) mit Bussen ein. Diese\u2026","rel":"","context":"In &quot;St\u00f6rungen und Bauarbeiten&quot;","block_context":{"text":"St\u00f6rungen und Bauarbeiten","link":"https:\/\/www.u-bahn-muenchen.de\/blog\/category\/storungen-und-bauarbeiten\/"},"img":{"alt_text":"","src":"","width":0,"height":0},"classes":[]},{"id":501,"url":"https:\/\/www.u-bahn-muenchen.de\/blog\/2017\/04\/u3-baustelle-endete-genereller-sanierungsbedarf-steigt\/","url_meta":{"origin":232,"position":1},"title":"U3-Baustelle endet &#8211; genereller Sanierungsbedarf steigt","author":"Florian Sch\u00fctz","date":"14. April 2017","format":false,"excerpt":"\u00dcber Ostern wird die Gleiserneuerung auf der seit Ende Oktober gesperrten U3 zwischen Scheidplatz und M\u00fcnchner Freiheit abgeschlossen. Ab Dienstag, 18. April wird die U3 damit wieder auf ihrem angestammten Linienweg zwischen [bflink id=MO] und [bflink id=FW] verkehren. Allerdings werden gr\u00f6\u00dfere Bauma\u00dfnahmen in den kommenden Jahren h\u00e4ufiger werden. [img id=u3_bp_2017\u2026","rel":"","context":"In &quot;Netz&quot;","block_context":{"text":"Netz","link":"https:\/\/www.u-bahn-muenchen.de\/blog\/category\/netz\/"},"img":{"alt_text":"","src":"","width":0,"height":0},"classes":[]},{"id":307,"url":"https:\/\/www.u-bahn-muenchen.de\/blog\/2012\/03\/sev-auf-u2-und-u3-im-bereich-scheidplatz-wahrend-der-osterferien\/","url_meta":{"origin":232,"position":2},"title":"SEV auf U2 und U3 im Bereich Scheidplatz w\u00e4hrend der Osterferien","author":"Florian Sch\u00fctz","date":"24. M\u00e4rz 2012","format":false,"excerpt":"[img id=baustelle align=right size=kleiner]Da am [bflink id=SP] das Stellwerk der U-Bahn nach 40 Jahren Betrieb erneuert werden muss, verkehren U2 und U3 in den Osterferien nur eingeschr\u00e4nkt. Zeitgleich finden auf den betroffenen Abschnitten zudem gr\u00f6\u00dfere Gleisbauarbeiten statt, bei dem u.a. die Weichen zwischen U2 und U3 am Scheidplatz getauscht werden.\u2026","rel":"","context":"In &quot;Betrieb&quot;","block_context":{"text":"Betrieb","link":"https:\/\/www.u-bahn-muenchen.de\/blog\/category\/betrieb\/"},"img":{"alt_text":"","src":"","width":0,"height":0},"classes":[]},{"id":574,"url":"https:\/\/www.u-bahn-muenchen.de\/blog\/2020\/07\/neue-weichen-an-der-muenchner-freiheit-unterbrechung-der-u3-u6-bis-18-september\/","url_meta":{"origin":232,"position":3},"title":"Neue Weichen an der M\u00fcnchner Freiheit: Unterbrechung der U3\/U6 bis 18. September","author":"Florian Sch\u00fctz","date":"12. Juli 2020","format":false,"excerpt":"In den kommenden zehn Wochen erneuert die MVG auf der S\u00fcdseite des U-Bahnhofs M\u00fcnchner Freiheit in Schwabing neun Weichen. Die U-Bahnlinien U3 und U6 m\u00fcssen deshalb unterbrochen werden. Der Abschnitt Universit\u00e4t \u2013 Giselastra\u00dfe \u2013 M\u00fcnchner Freiheit ist von Montag, 13. Juli bis einschlie\u00dflich Freitag, 18. September voll gesperrt. [img id=mu-weichenbau-infotafel\u2026","rel":"","context":"In &quot;Betrieb&quot;","block_context":{"text":"Betrieb","link":"https:\/\/www.u-bahn-muenchen.de\/blog\/category\/betrieb\/"},"img":{"alt_text":"","src":"","width":0,"height":0},"classes":[]},{"id":11,"url":"https:\/\/www.u-bahn-muenchen.de\/blog\/2007\/11\/wie-man-es-schafft-in-der-u-bahn-hemmungslos-angegafft-zu-werden\/","url_meta":{"origin":232,"position":4},"title":"Wie man es schafft, in der U-Bahn hemmungslos angegafft zu werden","author":"Florian Sch\u00fctz","date":"18. November 2007","format":false,"excerpt":"Gestern bin ich etwa f\u00fcnf Stunden durch den M\u00fcnchner Untergrund gefahren. Nun gut, das alleine ist nichts besonderes, die aktuell 1235 Bilder auf muenchnerubahn.de haben sich nicht von alleine geschossen. Allerdings hab ich w\u00e4hrend der f\u00fcnf Stunden den Zug nicht gewechselt. Ich war zwar ab und an mal kurz auf\u2026","rel":"","context":"In &quot;anderes&quot;","block_context":{"text":"anderes","link":"https:\/\/www.u-bahn-muenchen.de\/blog\/category\/anderes\/"},"img":{"alt_text":"","src":"","width":0,"height":0},"classes":[]},{"id":387,"url":"https:\/\/www.u-bahn-muenchen.de\/blog\/2014\/02\/projekt-u9-entlastungsspange-fuer-die-innenstadt\/","url_meta":{"origin":232,"position":5},"title":"Projekt U9: Entlastungsspange f\u00fcr die Innenstadt","author":"Florian Sch\u00fctz","date":"11. Februar 2014","format":false,"excerpt":"Bereits seit einigen Jahren wird seitens der MVG eine weitere Innenstadtstrecke zur Entlastung der heutigen Strecken von U1\/U2 und U3\/U6 unter dem Arbeitstitel \"U9\" geplant. Am heutigen 11. Februar stellten die Stadtwerke M\u00fcnchen \/ M\u00fcnchner Verkehrsgesellschaft eine Machbarkeitsstudie vor, die diese \"U9-Spange\" genauer untersucht hat. Die Studie von SWM\/MVG und\u2026","rel":"","context":"In &quot;Betrieb&quot;","block_context":{"text":"Betrieb","link":"https:\/\/www.u-bahn-muenchen.de\/blog\/category\/betrieb\/"},"img":{"alt_text":"","src":"","width":0,"height":0},"classes":[]}],"jetpack_sharing_enabled":true,"jetpack_featured_media_url":"","_links":{"self":[{"href":"https:\/\/www.u-bahn-muenchen.de\/blog\/wp-json\/wp\/v2\/posts\/232","targetHints":{"allow":["GET"]}}],"collection":[{"href":"https:\/\/www.u-bahn-muenchen.de\/blog\/wp-json\/wp\/v2\/posts"}],"about":[{"href":"https:\/\/www.u-bahn-muenchen.de\/blog\/wp-json\/wp\/v2\/types\/post"}],"author":[{"embeddable":true,"href":"https:\/\/www.u-bahn-muenchen.de\/blog\/wp-json\/wp\/v2\/users\/2"}],"replies":[{"embeddable":true,"href":"https:\/\/www.u-bahn-muenchen.de\/blog\/wp-json\/wp\/v2\/comments?post=232"}],"version-history":[{"count":11,"href":"https:\/\/www.u-bahn-muenchen.de\/blog\/wp-json\/wp\/v2\/posts\/232\/revisions"}],"predecessor-version":[{"id":243,"href":"https:\/\/www.u-bahn-muenchen.de\/blog\/wp-json\/wp\/v2\/posts\/232\/revisions\/243"}],"wp:attachment":[{"href":"https:\/\/www.u-bahn-muenchen.de\/blog\/wp-json\/wp\/v2\/media?parent=232"}],"wp:term":[{"taxonomy":"category","embeddable":true,"href":"https:\/\/www.u-bahn-muenchen.de\/blog\/wp-json\/wp\/v2\/categories?post=232"},{"taxonomy":"post_tag","embeddable":true,"href":"https:\/\/www.u-bahn-muenchen.de\/blog\/wp-json\/wp\/v2\/tags?post=232"}],"curies":[{"name":"wp","href":"https:\/\/api.w.org\/{rel}","templated":true}]}}