{"id":23,"date":"2010-04-24T22:39:53","date_gmt":"2010-04-24T20:39:53","guid":{"rendered":"http:\/\/www.muenchnerubahn.de\/blog\/?p=23"},"modified":"2022-02-17T10:22:04","modified_gmt":"2022-02-17T09:22:04","slug":"bauma-2010","status":"publish","type":"post","link":"https:\/\/www.u-bahn-muenchen.de\/blog\/2010\/04\/bauma-2010\/","title":{"rendered":"bauma 2010"},"content":{"rendered":"<p>Die bauma ist die weltweit gr\u00f6\u00dfte Messe der Baubranche. Die Fachmesse f\u00fcr Baumaschinen, Baustoffmaschinen, Bergbaumaschinen, Baufahrzeuge und Bauger\u00e4t findet alle drei Jahre auf dem Gel\u00e4nde der Neue Messe M\u00fcnchen statt und dauert jeweils sieben Tage. Dieses Jahr geht die Bauma vom 19. bis zum 25. April 2010 und verlangt von der M\u00fcnchner U-Bahn eine Woche H\u00f6chstleistung.<\/p>\n<p>[imagelist col=2 comment=true]bauma_2,bauma_eingang_ost[\/imagelist]<\/p>\n<p>Bei der letzten bauma im Jahr 2007 kamen rund 500.000 Besucher auf das Messegel\u00e4nde in Riem, im Jahr 2010 werden es vermutlich trotz aschebedingter Anreiseprobleme vieler Besucher aus dem Ausland \u00e4hnlich viele werden. Als einzige Gro\u00dfmesse nutzt sie in M\u00fcnchen s\u00e4mtliche Messehallen, das gesamte regul\u00e4re Freigel\u00e4nde sowie noch einige an das Messegel\u00e4nde angrenzende Sonderfl\u00e4chen.<\/p>\n<p>Genug der Superlative an Messegr\u00f6\u00dfen, auch die U-Bahn ist bei der bauma jedes Mal gefordert. Als 1998 die erste bauma in Riem stattfand, konnte die U2 wegen des Kraterungl\u00fccks in Trudering beim Bau noch nicht er\u00f6ffnet werden. Ein massiver Bus-Shuttle-Verkehr von den S-Bahnh\u00f6fen Riem und Trudering musste damals die Menschenmassen aufs Messegel\u00e4nde bef\u00f6rdern.<\/p>\n<p>[img id=a_106_1 size=mittel2 align=right text=Zugabfertigung_an_der_Messe]Dieses Jahr funktioniert die Bef\u00f6rderung der Messebesucher per U-Bahn jedoch weitgehend reibungslos. Zus\u00e4tzlich zu den regul\u00e4ren Z\u00fcgen der U2 zur Messestadt verkehrten w\u00e4hrend der bauma ganzt\u00e4gig die Z\u00fcge des 5-Minuten-Taktes weiter, teilweise jedoch nur bis Hauptbahnhof.<\/p>\n<p>Wochentags wurden zudem die Verst\u00e4rkerfahrten der U1 vom Sendlinger Tor bis zur Messe verl\u00e4ngert, womit vom Westfriedhof umsteigefreie Fahrten zur Messestadt angeboten wurden. Drei Z\u00fcge pro 10 Minuten mussten daher die Menschenmassen von und zur Messe aufnehmen, da sich ab Kolumbusplatz noch die U1 dazugesellt und mehr als 4 Z\u00fcge pro 10 Minuten auf Dauer nur schlecht funktioniert.<\/p>\n<p>Da der 3 1\/3-Minuten-Takt an der Messestadt Ost mit der dortigen Wendeanlage au\u00dferdem zu Problemen f\u00fchrt, endete ein Teil der Z\u00fcge bereits am Bahnhof Messestadt West. Leider waren nicht alle Z\u00fcge korrekt beschildert, da es au\u00dfer bei den C-Z\u00fcgen keine M\u00f6glichkeit gibt, das Ziel &#8222;Messestadt West&#8220; anzuzeigen. Teilweise waren Steckschilder im F\u00fchrerstand angebracht, teilweise auch gar keine Zielausschilderung oder stattdessen &#8222;Messestadt Ost&#8220;. Bei einem C-Zug war zudem das Sonderziel &#8222;Messesonderzug&#8220; geschildert, was im Endeffekt absolut korrekt ist. Nur die automatischen Ansagen im Zug kennen keine Ansage zu diesem Zugziel.<\/p>\n<h3>Nicht allt\u00e4gliche Zugzielanzeiger<\/h3>\n<p>[imagelist col=4 comment=true]zza_bauma_1,zza_bauma_2,zza_bauma_3,zza_bauma_4,c_602_messesonderzug1,c_602_messesonderzug2,a_230_2,c_614_4[\/imagelist]<\/p>\n<p>[img id=bauma_bus size=mittel align=right text=Bus-Shuttleverkehr]Eine kleine Reminiszenz an den eingangs erw\u00e4hnten Bus-Shuttleverkehr der ersten Riemer bauma 1998 bietet noch der interne Bus-Shuttleverkehr \u00fcber das bauma-Gel\u00e4nde. Von aktuellen Linienbussen aus M\u00fcnchen und der Region bis hin zu bereits lange ausgemusterten MVG-Linienbussen verkehrt hier ein buntes Sammelsurium an Bussen.<\/p>\n<p>Eine kleine Bildersammlung hierzu findet sich bei den <a href=\"http:\/\/www.tramgeschichten.de\/2010\/04\/21\/alles-was-fahren-kann-bauma-shuttlebusse\/\" target=\"_blank\" rel=\"noopener\">Tramgeschichten: Alles was fahren kann: Bauma-Shuttlebusse<\/a>.<\/p>\n<h3>Weitere bauma-Impressionen aus dem U-Bahnnetz<\/h3>\n<p>[imagelist col=4 comment=false]b_571_3,b_503_3,a_319_1,c_614_3,a_230_3,c_613_moosfeld,c_613_josephsburg,mf_8[\/imagelist]<\/p>\n","protected":false},"excerpt":{"rendered":"<p>Die bauma ist die weltweit gr\u00f6\u00dfte Messe der Baubranche. Die Fachmesse f\u00fcr Baumaschinen, Baustoffmaschinen, Bergbaumaschinen, Baufahrzeuge und Bauger\u00e4t findet alle drei Jahre auf dem Gel\u00e4nde der Neue Messe M\u00fcnchen statt und dauert jeweils sieben Tage. Dieses Jahr geht die Bauma vom 19. bis zum 25. April 2010 und verlangt von der M\u00fcnchner U-Bahn eine Woche [&hellip;]<\/p>\n","protected":false},"author":2,"featured_media":0,"comment_status":"open","ping_status":"open","sticky":false,"template":"","format":"standard","meta":{"advanced_seo_description":"","jetpack_seo_html_title":"","jetpack_seo_noindex":false,"jetpack_seo_schema_type":"","_jetpack_newsletter_access":"","_jetpack_dont_email_post_to_subs":false,"_jetpack_newsletter_tier_id":0,"_jetpack_memberships_contains_paywalled_content":false,"_jetpack_feature_clip_id":0,"_jetpack_memberships_contains_paid_content":false,"footnotes":"","jetpack_post_was_ever_published":false},"categories":[9],"tags":[],"class_list":["post-23","post","type-post","status-publish","format-standard","hentry","category-betrieb"],"jetpack_shortlink":"https:\/\/wp.me\/p87CPJ-n","jetpack-related-posts":[{"id":17,"url":"https:\/\/www.u-bahn-muenchen.de\/blog\/2010\/03\/tunnel-tour-in-moosach\/","url_meta":{"origin":23,"position":0},"title":"Tunnel-Tour in Moosach","author":"Florian Sch\u00fctz","date":"25. M\u00e4rz 2010","format":false,"excerpt":"Heute war ich bei einer gef\u00fchrten Tour durch die Moosacher U-Bahn-Baustelle. Startschuss war mit Helm um 9 Uhr am Kiosk im Zwischengeschoss des U-Bahnhofs [bflink id=OE]. Schon witzig, wenn da 20 Leute mit Helm und \u00fcberwiegend Warnweste rumstehen. Anschlie\u00dfend ging es am Bahnsteigende des [bflink id=OK text=U3-Bahnhofs] runter auf die\u2026","rel":"","context":"In &quot;U-Bahnh\u00f6fe&quot;","block_context":{"text":"U-Bahnh\u00f6fe","link":"https:\/\/www.u-bahn-muenchen.de\/blog\/category\/u-bahnhofe\/"},"img":{"alt_text":"","src":"","width":0,"height":0},"classes":[]},{"id":258,"url":"https:\/\/www.u-bahn-muenchen.de\/blog\/2011\/10\/munchen-mags-mobil-150-jahre-mobilitat-fur-munchen-40-jahre-u-bahn\/","url_meta":{"origin":23,"position":1},"title":"M\u00fcnchen mag&#8217;s mobil! 150 Jahre Mobilit\u00e4t f\u00fcr M\u00fcnchen \u2013 40 Jahre U-Bahn.","author":"Florian Sch\u00fctz","date":"23. Oktober 2011","format":false,"excerpt":"Bei strahlendem Sonnenschein und mildem Herbstwetter pr\u00e4sentierte die M\u00fcnchner Verkehrsgesellschaft am Samstag, 22. Oktober Ihren G\u00e4sten ein buntes Festprogramm quer \u00fcber das Stadtgebiet verteilt. [img id=tram_betriebshof align=right]Los ging es kurz vor 10 Uhr mit einem Fahrzeugkorso aus historischen und aktuellen Bussen und Trambahnen von der Theatinerstra\u00dfe bis zum Max-Weber-Platz. Das\u2026","rel":"","context":"In &quot;Betrieb&quot;","block_context":{"text":"Betrieb","link":"https:\/\/www.u-bahn-muenchen.de\/blog\/category\/betrieb\/"},"img":{"alt_text":"","src":"","width":0,"height":0},"classes":[]},{"id":131,"url":"https:\/\/www.u-bahn-muenchen.de\/blog\/2010\/10\/neuer-fahrkartenautomat-der-mvg\/","url_meta":{"origin":23,"position":2},"title":"Neuer Fahrkartenautomat der MVG","author":"Boris Merath","date":"27. Oktober 2010","format":false,"excerpt":"624 station\u00e4re Fahrkartenautomaten betreibt die MVG momentan, die \u00e4ltesten davon sind nun 22 Jahre alt. Diese alten Modelle, die teilweise nichtmal Banknoten annehmen k\u00f6nnen, sind in die Jahre gekommen und daher immer st\u00f6rungsanf\u00e4lliger und wartungsintensiver. Daher investiert die MVG 9,5 Mio Euro in 292 neue Fahrscheinautomaten, die bis Ende 2012\u2026","rel":"","context":"In &quot;Betrieb&quot;","block_context":{"text":"Betrieb","link":"https:\/\/www.u-bahn-muenchen.de\/blog\/category\/betrieb\/"},"img":{"alt_text":"","src":"","width":0,"height":0},"classes":[]},{"id":20,"url":"https:\/\/www.u-bahn-muenchen.de\/blog\/2010\/05\/paolo-nestler\/","url_meta":{"origin":23,"position":3},"title":"Paolo Nestler &#8211; Ein Nachruf","author":"Florian Sch\u00fctz","date":"8. Mai 2010","format":false,"excerpt":"Vor wenigen Wochen ist einer der Pioniere der M\u00fcnchner U-Bahn im Alter von 89 Jahren gestorben: Professor Paolo Nestler. Obwohl der Name vermutlich wenigen etwas sagt, kennt jeder M\u00fcnchner zahlreiche seiner Bauwerke: Paolo Nestler zeichnet sich f\u00fcr eine Vielzahl an U-Bahnh\u00f6fen in M\u00fcnchen verantwortlich, darunter fast alle des 1971 er\u00f6ffneten\u2026","rel":"","context":"In &quot;Geschichte&quot;","block_context":{"text":"Geschichte","link":"https:\/\/www.u-bahn-muenchen.de\/blog\/category\/geschichte\/"},"img":{"alt_text":"","src":"","width":0,"height":0},"classes":[]},{"id":180,"url":"https:\/\/www.u-bahn-muenchen.de\/blog\/2010\/11\/vertragsunterzeichnung_c2\/","url_meta":{"origin":23,"position":4},"title":"Vertragsunterzeichnung: Bestellung von 21 C2-Z\u00fcgen abgeschlossen","author":"Boris Merath","date":"23. November 2010","format":false,"excerpt":"Am heutigen Tag wurde der Kaufvertrag \u00fcber 21 neue Z\u00fcge f\u00fcr die M\u00fcnchner U-Bahn am Marienplatz unterschrieben, nachdem am vergangenen Sonntag die Widerspruchsfrist gegen die Vergabe an Siemens abgelaufen war. Die neuen Z\u00fcge ersetzen zum Teil alte Fahrzeuge aus den 70er-Jahren, zum Teil sollen sie f\u00fcr Taktverdichtungen genutzt werden (wir\u2026","rel":"","context":"In &quot;Fahrzeuge&quot;","block_context":{"text":"Fahrzeuge","link":"https:\/\/www.u-bahn-muenchen.de\/blog\/category\/fahrzeuge\/"},"img":{"alt_text":"","src":"","width":0,"height":0},"classes":[]},{"id":876,"url":"https:\/\/www.u-bahn-muenchen.de\/blog\/2021\/10\/50-jahre-u-bahn-muenchen-pressekonferenz-der-mvg\/","url_meta":{"origin":23,"position":5},"title":"50 Jahre U-Bahn M\u00fcnchen: Pressekonferenz der MVG","author":"Florian Sch\u00fctz","date":"19. Oktober 2021","format":false,"excerpt":"[img id=50-jahre-u-bahn-a-wagen align=right]Heute vor 50 Jahren, am 19. Oktober 1971 wurde der erste Abschnitt der M\u00fcnchner U-Bahn in Betrieb genommen: Die erste Strecke vom Kieferngarten bis zum Goetheplatz war zw\u00f6lf Kilometer lang und umfasste 13 Bahnh\u00f6fe. Heute \u2013 50 Jahre sp\u00e4ter \u2013 ist die U-Bahn das R\u00fcckgrat des \u00f6ffentlichen Nahverkehrs\u2026","rel":"","context":"In &quot;Geschichte&quot;","block_context":{"text":"Geschichte","link":"https:\/\/www.u-bahn-muenchen.de\/blog\/category\/geschichte\/"},"img":{"alt_text":"","src":"","width":0,"height":0},"classes":[]}],"jetpack_sharing_enabled":true,"jetpack_featured_media_url":"","_links":{"self":[{"href":"https:\/\/www.u-bahn-muenchen.de\/blog\/wp-json\/wp\/v2\/posts\/23","targetHints":{"allow":["GET"]}}],"collection":[{"href":"https:\/\/www.u-bahn-muenchen.de\/blog\/wp-json\/wp\/v2\/posts"}],"about":[{"href":"https:\/\/www.u-bahn-muenchen.de\/blog\/wp-json\/wp\/v2\/types\/post"}],"author":[{"embeddable":true,"href":"https:\/\/www.u-bahn-muenchen.de\/blog\/wp-json\/wp\/v2\/users\/2"}],"replies":[{"embeddable":true,"href":"https:\/\/www.u-bahn-muenchen.de\/blog\/wp-json\/wp\/v2\/comments?post=23"}],"version-history":[{"count":30,"href":"https:\/\/www.u-bahn-muenchen.de\/blog\/wp-json\/wp\/v2\/posts\/23\/revisions"}],"predecessor-version":[{"id":953,"href":"https:\/\/www.u-bahn-muenchen.de\/blog\/wp-json\/wp\/v2\/posts\/23\/revisions\/953"}],"wp:attachment":[{"href":"https:\/\/www.u-bahn-muenchen.de\/blog\/wp-json\/wp\/v2\/media?parent=23"}],"wp:term":[{"taxonomy":"category","embeddable":true,"href":"https:\/\/www.u-bahn-muenchen.de\/blog\/wp-json\/wp\/v2\/categories?post=23"},{"taxonomy":"post_tag","embeddable":true,"href":"https:\/\/www.u-bahn-muenchen.de\/blog\/wp-json\/wp\/v2\/tags?post=23"}],"curies":[{"name":"wp","href":"https:\/\/api.w.org\/{rel}","templated":true}]}}