{"id":215,"date":"2010-12-11T16:52:01","date_gmt":"2010-12-11T14:52:01","guid":{"rendered":"http:\/\/www.muenchnerubahn.de\/blog\/?p=215"},"modified":"2010-12-13T23:05:24","modified_gmt":"2010-12-13T21:05:24","slug":"die-u3-fahrt-jetzt-nach-moosach","status":"publish","type":"post","link":"https:\/\/www.u-bahn-muenchen.de\/blog\/2010\/12\/die-u3-fahrt-jetzt-nach-moosach\/","title":{"rendered":"Die U3 f\u00e4hrt jetzt nach Moosach"},"content":{"rendered":"<p>Seit heute f\u00e4hrt die U3 auch bis zum Moosacher Bahnhof, nachdem Sie bereits 2007 bis zum OEZ verl\u00e4ngert wurde. Damit hat M\u00fcnchen nun 100 U-Bahnh\u00f6fe und erstmals seit 1965 keinen Meter U-Bahnstrecke mehr im Bau. <\/p>\n<p>[img id=u3_moosach_gruppenbild align=right]In den Ansprachen zur Er\u00f6ffnung betonten alle Beteiligten den gro\u00dfen Nutzen von U-Bahnstrecken f\u00fcr gro\u00dfe Massen an Menschen, pro Jahr fuhren zuletzt 351 Millionen Fahrg\u00e4ste mit der M\u00fcnchner U-Bahn. Damit spielte vor allem Oberb\u00fcrgermeister Christian Ude auf die am Rande der Er\u00f6ffnungsfeier stattgefundene Protestaktion von ca. 30 Moosacher Anwohnern, die gegen die Einstellung der nahezu parallel verlaufenden Busverbindung demonstrierten. Ude betonte, dass bei \u00c4nderungen im Netz des \u00d6PNV stets auch Nachteile f\u00fcr manche entstehen, jedoch die Masse der M\u00fcnchner profitieren. Unter anderem wie\u00df er auf die prognostizierten Fahrgastzahlen hin, die mit rund 20.000 f\u00fcr den Moosacher Bahnhof deutlich gr\u00f6\u00dfer sein d\u00fcrften als die Zahl der Anwohner mit nun etwa weiteren Wegen. <\/p>\n<p>[img id=u3_moosach_proteste align=right]Wie zuvor bereits Baureferentin Rosemarie Hingerl wie\u00df auch Christian Ude darauf hin, dass man mit dem hundertsten U-Bahnhof nun in der Oberliga der U-Bahnnetze mitspielen k\u00f6nne. Hingerl betonte eingangs zun\u00e4chst, wie knapp dieses Jahr die Er\u00f6ffnung der neuen Strecke war, da die Betriebserlaubnis erst sp\u00e4t am Freitag Abend von der Regierung von Oberbayern ausgestellt werden konnte. <\/p>\n<p>Der Bayerische Staatsminister der Finanzen Georg Fahrenschon betonte, dass die in Moosach verbauten Mittel in H\u00f6he von 180 Millionen Euro zwar aus Bundes-, Landes- und Stadtbudget kommen, aber letztlich aus Steuergeldern der B\u00fcrger bezahlt werden, weswegen ihnen hier in Form der Strecke sowie der beiden Bahnh\u00f6fe etwas zur\u00fcckgegeben werde. <\/p>\n<p>[img id=u3_moosach_segen align=right]Nach dem kirchlichen Segen durch Weihbischof Engelbert Siebler, Stadtdekanin Barbara Kittelberger und Erzpriester Apostolos Malamoussis und dem a capella angestimmten Lied &#8222;Lobe den Herren&#8220; begann schlie\u00dflich die eigentliche Inbetriebnahme der neuen Strecke. <\/p>\n<p>Der Chef der Regierung von Oberbayern, Regierungspr\u00e4sident Christoph Hillenbrandt \u00fcberreichte schlie\u00dflich das entscheidende Schriftst\u00fcck der Bauherrin in Form von Rosemarie Hingerl, die es rasch an MVG-Chef K\u00f6nig \u00fcbergab. Anschlie\u00dfend schritt MVG-Chef Herbert K\u00f6nig zusammen mit Oberb\u00fcrgermeister zur Tat: das entscheidende Signal zur Er\u00f6ffnung wurde gegeben und der erste Zug rollte am Moosacher St.-Martins-Platz mit Ziel Moosach ein. <\/p>\n<p>[img id=u3_moosach_eroeffnungszug align=right]Wenige Minuten nach dem Er\u00f6ffnungszug nahm die MVG den fahrplanm\u00e4\u00dfigen Betrieb auf, alle 10 Minuten verkehrt tags\u00fcber nun die U3 \u00fcber das OEZ hinaus bis Moosach. An den Bahnh\u00f6fen in Moosach und am Moosacher St.-Martins-Platz fand anschlie\u00dfend eine bunte Mischung aus Unterhaltungsprogramm, Information an diversen Info-St\u00e4nden sowie Bewirtung durch Moosacher Vereine statt. Angesichts der Witterung griffen zahllose M\u00fcnchner gerne auf die M\u00f6glichkeit zur\u00fcck, sich mit einem Gl\u00fchwein aufzuw\u00e4rmen. <\/p>\n<h3>Die Bahnh\u00f6fe<\/h3>\n<h4>Moosacher St.-Martins-Platz<\/h4>\n<p>[img id=mm_1 align=right]Der s\u00e4ulenlose Bahnhof ist in ganzer L\u00e4nge durchg\u00e4ngig einsehbar und mit viel Tageslicht aus dem 19 Meter langen Oberlicht versorgt. Zus\u00e4tzlich dazu sind 50 gro\u00dfe Einzelleuchten an der Decke angebracht, die eigens vom Baureferat entwickelt wurden. <\/p>\n<p>[img id=mm_2 align=right]Die Hintergleisw\u00e4nde sind mit 76.200 Einzelfotos des K\u00fcnstler Masayuki Akiyoshi beklebt, der mit seinem Projekt &#8222;Forst&#8220; den ausgelobten Kunstwettebewerb gewinnen konnte. Alle Einzelbilder sind in Moosach aufgenommen und zeigen die unterschiedlichsten Details aus dem Stadtteil. Die Bilder sind dabei in chronologischer Reihenfolge angebracht, weswegen sich zum einen eine jahreszeitliche bedingte Farbabfolge ergibt und zum anderen der Jahreszyklus anhand der abgebildeten Natur betrachtet werden kann. Im oberen Wandbereich sind champagnerfarbene gewellte Bleche angebracht, die bis zur Sichtbetondecke nach oben reichen. <\/p>\n<p>In den Schalterhallen sind die W\u00e4nde mit hellem, leicht gelblichen Granit verkleidet. Im selben Farbton sind auch die Bodenfl\u00e4chen im gesamten Bauwerk gehalten. Im westlichen Bahnsteigbereich f\u00fchrt ein Lift durch eines der Oberlichter an die Oberfl\u00e4che, er ist zudem \u00fcber einem Steg mit dem Sperrengeschoss verbunden.<\/p>\n<h4>Moosach<\/h4>\n<p>[img id=mo_1 align=right]Der Endbahnhof der U3 verbindet das U-Bahn-Netz an dieser Stelle mit der Flughafen-S-Bahn S1 sowie dem Regionalverkehr. An seinem westlichen Ende verbindet eine gemeinsame Schalterhalle die beiden Verkehrstr\u00e4ger. Au\u00dferdem kommt man von hier in eine zweist\u00f6ckige Park+Ride-Anlage unter dem Memminger Platz, die Pendlern hier Anschluss an das M\u00fcnchner Schnellbahnnetz bietet. <\/p>\n<p>[img id=mo_2 align=right]Der hundertste Bahnhof der M\u00fcnchner U-Bahn \u00e4hnelt im Rohbau sehr seinem \u00f6stlichen Nachbarn: er ist ebenso s\u00e4ulenlos, teilweise f\u00e4llt Tageslicht durch Oberlichter, die selben Einzelleuchten sind an der Sichtbetondecke angebracht. Allerdings unterscheidet sich die Gestaltung der beiden Bahnh\u00f6fe: in Moosach werden ebenfalls Elemente der Moosacher Natur gezeigt, allerdings nicht in gro\u00dfer St\u00fcckzahl und kleinem Format sondern in stark vergr\u00f6\u00dferten Abbildungen die an wei\u00dfen Wandpaneelen an den Hintergleisw\u00e4nden angebracht sind. Der M\u00fcnchner K\u00fcnstler Martin Fengel kombinierte hier Tier- und Pflanzenabbildungen, die er in neuen Rekombinationen auf den 7,80 Meter hohen Bahnsteigw\u00e4nden abbildet. <\/p>\n<h3>Baustellendokumentation<\/h3>\n<p><a href=\"\/blog\/2010\/03\/tunnel-tour-in-moosach\/\">&raquo; M\u00e4rz 2010: Tunnel-Tour in Moosach<a><br \/>\n<a href=\"\/report\/baustellenreport\/moosach\/\">&raquo; Baustellendokumentation ab Spatenstich<\/a><\/p>\n","protected":false},"excerpt":{"rendered":"<p>Seit heute f\u00e4hrt die U3 auch bis zum Moosacher Bahnhof, nachdem Sie bereits 2007 bis zum OEZ verl\u00e4ngert wurde. Damit hat M\u00fcnchen nun 100 U-Bahnh\u00f6fe und erstmals seit 1965 keinen Meter U-Bahnstrecke mehr im Bau. [img id=u3_moosach_gruppenbild align=right]In den Ansprachen zur Er\u00f6ffnung betonten alle Beteiligten den gro\u00dfen Nutzen von U-Bahnstrecken f\u00fcr gro\u00dfe Massen an Menschen, [&hellip;]<\/p>\n","protected":false},"author":2,"featured_media":0,"comment_status":"open","ping_status":"open","sticky":false,"template":"","format":"standard","meta":{"advanced_seo_description":"","jetpack_seo_html_title":"","jetpack_seo_noindex":false,"jetpack_seo_schema_type":"","_jetpack_newsletter_access":"","_jetpack_dont_email_post_to_subs":false,"_jetpack_newsletter_tier_id":0,"_jetpack_memberships_contains_paywalled_content":false,"_jetpack_feature_clip_id":0,"_jetpack_memberships_contains_paid_content":false,"footnotes":"","jetpack_post_was_ever_published":false},"categories":[9,2],"tags":[],"class_list":["post-215","post","type-post","status-publish","format-standard","hentry","category-betrieb","category-u-bahnhofe"],"jetpack_shortlink":"https:\/\/wp.me\/p87CPJ-3t","jetpack-related-posts":[{"id":574,"url":"https:\/\/www.u-bahn-muenchen.de\/blog\/2020\/07\/neue-weichen-an-der-muenchner-freiheit-unterbrechung-der-u3-u6-bis-18-september\/","url_meta":{"origin":215,"position":0},"title":"Neue Weichen an der M\u00fcnchner Freiheit: Unterbrechung der U3\/U6 bis 18. September","author":"Florian Sch\u00fctz","date":"12. Juli 2020","format":false,"excerpt":"In den kommenden zehn Wochen erneuert die MVG auf der S\u00fcdseite des U-Bahnhofs M\u00fcnchner Freiheit in Schwabing neun Weichen. Die U-Bahnlinien U3 und U6 m\u00fcssen deshalb unterbrochen werden. Der Abschnitt Universit\u00e4t \u2013 Giselastra\u00dfe \u2013 M\u00fcnchner Freiheit ist von Montag, 13. Juli bis einschlie\u00dflich Freitag, 18. September voll gesperrt. [img id=mu-weichenbau-infotafel\u2026","rel":"","context":"In &quot;Betrieb&quot;","block_context":{"text":"Betrieb","link":"https:\/\/www.u-bahn-muenchen.de\/blog\/category\/betrieb\/"},"img":{"alt_text":"","src":"","width":0,"height":0},"classes":[]},{"id":17,"url":"https:\/\/www.u-bahn-muenchen.de\/blog\/2010\/03\/tunnel-tour-in-moosach\/","url_meta":{"origin":215,"position":1},"title":"Tunnel-Tour in Moosach","author":"Florian Sch\u00fctz","date":"25. M\u00e4rz 2010","format":false,"excerpt":"Heute war ich bei einer gef\u00fchrten Tour durch die Moosacher U-Bahn-Baustelle. Startschuss war mit Helm um 9 Uhr am Kiosk im Zwischengeschoss des U-Bahnhofs [bflink id=OE]. Schon witzig, wenn da 20 Leute mit Helm und \u00fcberwiegend Warnweste rumstehen. Anschlie\u00dfend ging es am Bahnsteigende des [bflink id=OK text=U3-Bahnhofs] runter auf die\u2026","rel":"","context":"In &quot;U-Bahnh\u00f6fe&quot;","block_context":{"text":"U-Bahnh\u00f6fe","link":"https:\/\/www.u-bahn-muenchen.de\/blog\/category\/u-bahnhofe\/"},"img":{"alt_text":"","src":"","width":0,"height":0},"classes":[]},{"id":519,"url":"https:\/\/www.u-bahn-muenchen.de\/blog\/2018\/06\/c2-fahrgasteinsatz-jetzt-auch-auf-der-u3\/","url_meta":{"origin":215,"position":2},"title":"C2-Fahrgasteinsatz jetzt auch auf der U3","author":"Frederik Buchleitner","date":"14. Juni 2018","format":false,"excerpt":"[img id=c_716_u3 align=right size=mittel4]Lange versprochen, viel l\u00e4nger hat es dann doch gedauert: Seit heute werden auf der U-Bahnlinie U3 auch Z\u00fcge des Typs C 2.11 eingesetzt. Zwischenzeitlich werden \u2013 seit dem ersten Linieneinsatz im Juni 2016 \u2013 auf der U6 h\u00e4ufig mehr als die H\u00e4lfte aller Kurse mit der modernsten\u2026","rel":"","context":"In &quot;Betrieb&quot;","block_context":{"text":"Betrieb","link":"https:\/\/www.u-bahn-muenchen.de\/blog\/category\/betrieb\/"},"img":{"alt_text":"","src":"","width":0,"height":0},"classes":[]},{"id":424,"url":"https:\/\/www.u-bahn-muenchen.de\/blog\/2015\/02\/vor-50-jahren-baustart-fuer-die-muenchner-u-bahn\/","url_meta":{"origin":215,"position":3},"title":"Vor 50 Jahren: Baustart f\u00fcr die M\u00fcnchner U-Bahn","author":"Frederik Buchleitner","date":"1. Februar 2015","format":false,"excerpt":"Heute vor 50 Jahren begann in M\u00fcnchen der U-Bahnbau. Ohne den Bau der U-Bahn w\u00e4re M\u00fcnchen heute sicherlich im Verkehrschaos erstickt. \u00dcber 380 Millionen Fahrg\u00e4ste transportieren die acht Linien derzeit j\u00e4hrlich. Vor exakt 50 Jahren erfolgte der Rammsto\u00df am heutigen U-Bahnhof Nordfriedhof. Der damalige Oberb\u00fcrgermeister Hans-Jochen Vogel begleitet das Ereignis\u2026","rel":"","context":"In &quot;Geschichte&quot;","block_context":{"text":"Geschichte","link":"https:\/\/www.u-bahn-muenchen.de\/blog\/category\/geschichte\/"},"img":{"alt_text":"","src":"","width":0,"height":0},"classes":[]},{"id":387,"url":"https:\/\/www.u-bahn-muenchen.de\/blog\/2014\/02\/projekt-u9-entlastungsspange-fuer-die-innenstadt\/","url_meta":{"origin":215,"position":4},"title":"Projekt U9: Entlastungsspange f\u00fcr die Innenstadt","author":"Florian Sch\u00fctz","date":"11. Februar 2014","format":false,"excerpt":"Bereits seit einigen Jahren wird seitens der MVG eine weitere Innenstadtstrecke zur Entlastung der heutigen Strecken von U1\/U2 und U3\/U6 unter dem Arbeitstitel \"U9\" geplant. Am heutigen 11. Februar stellten die Stadtwerke M\u00fcnchen \/ M\u00fcnchner Verkehrsgesellschaft eine Machbarkeitsstudie vor, die diese \"U9-Spange\" genauer untersucht hat. Die Studie von SWM\/MVG und\u2026","rel":"","context":"In &quot;Betrieb&quot;","block_context":{"text":"Betrieb","link":"https:\/\/www.u-bahn-muenchen.de\/blog\/category\/betrieb\/"},"img":{"alt_text":"","src":"","width":0,"height":0},"classes":[]},{"id":19,"url":"https:\/\/www.u-bahn-muenchen.de\/blog\/2010\/04\/jubilaen\/","url_meta":{"origin":215,"position":5},"title":"Jubil\u00e4en","author":"Florian Sch\u00fctz","date":"21. April 2010","format":false,"excerpt":"[img id=partyzug_zza align=right size=mittel_pano]Wenn's ums Feiern geht, sind ja die meisten Menschen immer gerne dabei, auch wenn sie oft gar nicht wissen, was es eigentlich zu Feiern gibt. Im U-Bahn-Bereich sind Feiern allerdings eher selten, weswegen man hier die Anl\u00e4sse sorgf\u00e4ltig im Kalender stehen haben sollte. U-Bahn-Er\u00f6ffnungen werden nach der\u2026","rel":"","context":"In &quot;Geschichte&quot;","block_context":{"text":"Geschichte","link":"https:\/\/www.u-bahn-muenchen.de\/blog\/category\/geschichte\/"},"img":{"alt_text":"","src":"","width":0,"height":0},"classes":[]}],"jetpack_sharing_enabled":true,"jetpack_featured_media_url":"","_links":{"self":[{"href":"https:\/\/www.u-bahn-muenchen.de\/blog\/wp-json\/wp\/v2\/posts\/215","targetHints":{"allow":["GET"]}}],"collection":[{"href":"https:\/\/www.u-bahn-muenchen.de\/blog\/wp-json\/wp\/v2\/posts"}],"about":[{"href":"https:\/\/www.u-bahn-muenchen.de\/blog\/wp-json\/wp\/v2\/types\/post"}],"author":[{"embeddable":true,"href":"https:\/\/www.u-bahn-muenchen.de\/blog\/wp-json\/wp\/v2\/users\/2"}],"replies":[{"embeddable":true,"href":"https:\/\/www.u-bahn-muenchen.de\/blog\/wp-json\/wp\/v2\/comments?post=215"}],"version-history":[{"count":13,"href":"https:\/\/www.u-bahn-muenchen.de\/blog\/wp-json\/wp\/v2\/posts\/215\/revisions"}],"predecessor-version":[{"id":228,"href":"https:\/\/www.u-bahn-muenchen.de\/blog\/wp-json\/wp\/v2\/posts\/215\/revisions\/228"}],"wp:attachment":[{"href":"https:\/\/www.u-bahn-muenchen.de\/blog\/wp-json\/wp\/v2\/media?parent=215"}],"wp:term":[{"taxonomy":"category","embeddable":true,"href":"https:\/\/www.u-bahn-muenchen.de\/blog\/wp-json\/wp\/v2\/categories?post=215"},{"taxonomy":"post_tag","embeddable":true,"href":"https:\/\/www.u-bahn-muenchen.de\/blog\/wp-json\/wp\/v2\/tags?post=215"}],"curies":[{"name":"wp","href":"https:\/\/api.w.org\/{rel}","templated":true}]}}