{"id":19,"date":"2010-04-21T21:03:13","date_gmt":"2010-04-21T19:03:13","guid":{"rendered":"http:\/\/www.muenchnerubahn.de\/blog\/2010\/04\/jubilaen\/"},"modified":"2010-04-24T23:50:35","modified_gmt":"2010-04-24T21:50:35","slug":"jubilaen","status":"publish","type":"post","link":"https:\/\/www.u-bahn-muenchen.de\/blog\/2010\/04\/jubilaen\/","title":{"rendered":"Jubil\u00e4en"},"content":{"rendered":"<p>[img id=partyzug_zza align=right size=mittel_pano]Wenn&#8217;s ums Feiern geht, sind ja die meisten Menschen immer gerne dabei, auch wenn sie oft gar nicht wissen, was es eigentlich zu Feiern gibt. Im U-Bahn-Bereich sind Feiern allerdings eher selten, weswegen man hier die Anl\u00e4sse sorgf\u00e4ltig im Kalender stehen haben sollte. U-Bahn-Er\u00f6ffnungen werden nach der diesj\u00e4hrigen der U3 nach Moosach gegen Ende des Jahres vermutlich erst mal rar werden, <a href=\"\/aktuelles\/2007\/04\/tunneltaufe\/\">Tunneltaufen<\/a>, <a href=\"http:\/\/www.tramgeschichten.de\/2009\/05\/15\/richtfest-fur-die-moosacher-u-bahn\/\" target=\"_blank\">Richtfeste<\/a> \u00e4hnliches ebenso. <a href=\"\/blog\/2007\/11\/wie-man-es-schafft-in-der-u-bahn-hemmungslos-angegafft-zu-werden\/\">Party-U-Bahnen<\/a> gibt es zwar gelegentlich, aber doch eher selten und auch immer nur f\u00fcr relativ wenig Teilnehmer. <\/p>\n<p>Angesichts dieses doch eher geringen Feierpotenzials im U-Bahn-Bereich m\u00f6chte ich den Blick ein wenig in Richtung Jubil\u00e4en lenken, die vielleicht nicht alle gefeiert, aber zumindest eines Gedankens gew\u00fcrdigt werden sollten. So gro\u00dfe Zahlen wie in Berlin, Paris, London oder New York gibt es in M\u00fcnchen zwar nicht, aber trotzdem k\u00f6nnen wir M\u00fcnchner auch ruhig das eine oder andere Jubil\u00e4um begehen. <\/p>\n<p>[img id=mp_hist1 align=right text=Marienplatz_in_den_1970ern size=mittel_pano]<b>40 Jahre U-Bahn<\/b> wird uns im kommenden Jahr ins Haus stehen, nachdem am 19. Oktober 1971 mit <a href=\"\/fahrzeuge\/verzeichnis\/wagen\/105\/\">U-Bahn-Wagen 105<\/a> der Betrieb auf der U6 aufgenommen wurde. Ob und wenn ja, welche Feierlichkeiten die MVG und\/oder das Baureferat vor hat, ist derzeit noch unklar. Ob Wagen 105 oder doch eher der \u00e4lteste Prototyp-Wagen <a href=\"\/fahrzeuge\/verzeichnis\/wagen\/091\/\">091<\/a> eine Jubil\u00e4umsfahrt antreten, wird man noch sehen. <\/p>\n<p>Einige Jubil\u00e4en im Bereich der <\/i>40 Jahre M\u00fcnchner U-Bahn<\/i> sind gr\u00f6\u00dftenteils unbemerkt ohnehin schon verstrichen:<\/p>\n<ul>\n<li>1. Februar 1965: Erster Rammschlag zum Bau der M\u00fcnchner U-Bahn am Nordfriedhof<\/li>\n<li>6. Juli 1967: Erste Testfahrt auf der U6 zwischen [bflink id=AH] und [bflink id=ST]<\/li>\n<li>5. Oktober 1968: 26.000 M\u00fcnchner fuhren beim Tag der offenen Baustelle erstmals mit den neuen U-Bahn-Z\u00fcgen<\/li>\n<li>November 1969: Testbetrieb zwischen [bflink id=ST] und [bflink id=MU]<\/li>\n<\/ul>\n<p>Nicht ganz so aus der Baugeschichte M\u00fcnchner U-Bahn, aber dennoch Meilensteine f\u00fcr das Wachstum des M\u00fcnchner U-Bahn-Netzes waren auch die zahlreichen Streckener\u00f6ffnungen, hier die Jubil\u00e4en der n\u00e4chsten Wochen (Danke an Harald Ammon f\u00fcr die Zusammenstellung):<\/p>\n<ul>\n<li>08.05.1972: U3 [bflink id=MU] \u2013 [bflink id=OZ] <\/li>\n<li>22.05.1993: U6 [bflink id=HK] \u2013 [bflink id=KL]<\/li>\n<li>23.05.1998: U1 [bflink id=RO] \u2013 [bflink id=WF]<\/li>\n<li>28.05.1983: U1 [bflink id=HU] \u2013 [bflink id=RO]<\/li>\n<li>29.05.1999: U2 [bflink id=IR]\u2013 [bflink id=MS]<\/li>\n<\/ul>\n<p>Eine \u00dcbersicht \u00fcber alle Er\u00f6ffnungen und einige weitere Daten findet sich \u00fcbrigens im Bereich Geschichte unter <a href=\"\/geschichte\/zeittafel\/\">Zeittafel<\/a>, die <a href=\"\/netz\/karte\/\">interaktive Karte<\/a> bietet eine grafische \u00dcbersicht \u00fcber das Netzwachstum. <\/p>\n","protected":false},"excerpt":{"rendered":"<p>[img id=partyzug_zza align=right size=mittel_pano]Wenn&#8217;s ums Feiern geht, sind ja die meisten Menschen immer gerne dabei, auch wenn sie oft gar nicht wissen, was es eigentlich zu Feiern gibt. Im U-Bahn-Bereich sind Feiern allerdings eher selten, weswegen man hier die Anl\u00e4sse sorgf\u00e4ltig im Kalender stehen haben sollte. U-Bahn-Er\u00f6ffnungen werden nach der diesj\u00e4hrigen der U3 nach Moosach [&hellip;]<\/p>\n","protected":false},"author":2,"featured_media":0,"comment_status":"open","ping_status":"open","sticky":false,"template":"","format":"standard","meta":{"advanced_seo_description":"","jetpack_seo_html_title":"","jetpack_seo_noindex":false,"jetpack_seo_schema_type":"","_jetpack_newsletter_access":"","_jetpack_dont_email_post_to_subs":false,"_jetpack_newsletter_tier_id":0,"_jetpack_memberships_contains_paywalled_content":false,"_jetpack_feature_clip_id":0,"_jetpack_memberships_contains_paid_content":false,"footnotes":"","jetpack_post_was_ever_published":false},"categories":[7],"tags":[],"class_list":["post-19","post","type-post","status-publish","format-standard","hentry","category-geschichte"],"jetpack_shortlink":"https:\/\/wp.me\/s87CPJ-jubilaen","jetpack-related-posts":[{"id":245,"url":"https:\/\/www.u-bahn-muenchen.de\/blog\/2011\/10\/40-jahre-u-bahn-und-andere-jubilaen-mvg-jubilaumsfeier\/","url_meta":{"origin":19,"position":0},"title":"40 Jahre U-Bahn und andere Jubil\u00e4en \u2013 MVG-Jubil\u00e4umsfeier","author":"Florian Sch\u00fctz","date":"8. Oktober 2011","format":false,"excerpt":"[img id=mvg-kampagne_platz-fuer-alle_800px align=right]Am Samstag, 22. Oktober 2011, feiert der M\u00fcnchner Nahverkehr gleich drei Jubil\u00e4en: 150 Jahre Nahverkehr f\u00fcr M\u00fcnchen, 135 Jahre Tram und 40 Jahre U-Bahn. Der Tag steht damit ganz im Zeichen des \u00f6ffentlichen Nahverkehrs \u2013 mit einem Blick in die Vergangenheit, Gegenwart und Zukunft von U-Bahn, Bus und\u2026","rel":"","context":"In &quot;Geschichte&quot;","block_context":{"text":"Geschichte","link":"https:\/\/www.u-bahn-muenchen.de\/blog\/category\/geschichte\/"},"img":{"alt_text":"","src":"","width":0,"height":0},"classes":[]},{"id":532,"url":"https:\/\/www.u-bahn-muenchen.de\/blog\/2019\/11\/sendlinger-tor-umbau-nimmt-gestalt-an\/","url_meta":{"origin":19,"position":1},"title":"Sendlinger Tor: der Umbau nimmt Gestalt an","author":"Florian Sch\u00fctz","date":"3. November 2019","format":false,"excerpt":"Seit dem Jahr 2017 wird der U-Bahnhof am Sendlinger Tor umgebaut und erweitert. Bisher waren f\u00fcr Fahrg\u00e4ste der U-Bahn und alle, die gleich mit welchem Verkehrsmittel irgendwie am Sendlinger Tor vorbei mussten, prim\u00e4r die Einschr\u00e4nkungen und Baustellenfl\u00e4chen sichtbar. Allm\u00e4hlich \u00e4ndert sich das. [img id=zza_se_bauarbeiten_pendelbetrieb align=right]Seit einigen Tagen kann man bereits\u2026","rel":"","context":"In &quot;St\u00f6rungen und Bauarbeiten&quot;","block_context":{"text":"St\u00f6rungen und Bauarbeiten","link":"https:\/\/www.u-bahn-muenchen.de\/blog\/category\/storungen-und-bauarbeiten\/"},"img":{"alt_text":"","src":"","width":0,"height":0},"classes":[]},{"id":258,"url":"https:\/\/www.u-bahn-muenchen.de\/blog\/2011\/10\/munchen-mags-mobil-150-jahre-mobilitat-fur-munchen-40-jahre-u-bahn\/","url_meta":{"origin":19,"position":2},"title":"M\u00fcnchen mag&#8217;s mobil! 150 Jahre Mobilit\u00e4t f\u00fcr M\u00fcnchen \u2013 40 Jahre U-Bahn.","author":"Florian Sch\u00fctz","date":"23. Oktober 2011","format":false,"excerpt":"Bei strahlendem Sonnenschein und mildem Herbstwetter pr\u00e4sentierte die M\u00fcnchner Verkehrsgesellschaft am Samstag, 22. Oktober Ihren G\u00e4sten ein buntes Festprogramm quer \u00fcber das Stadtgebiet verteilt. [img id=tram_betriebshof align=right]Los ging es kurz vor 10 Uhr mit einem Fahrzeugkorso aus historischen und aktuellen Bussen und Trambahnen von der Theatinerstra\u00dfe bis zum Max-Weber-Platz. Das\u2026","rel":"","context":"In &quot;Betrieb&quot;","block_context":{"text":"Betrieb","link":"https:\/\/www.u-bahn-muenchen.de\/blog\/category\/betrieb\/"},"img":{"alt_text":"","src":"","width":0,"height":0},"classes":[]},{"id":4,"url":"https:\/\/www.u-bahn-muenchen.de\/blog\/2007\/01\/munchens-schonster-u-bahnhof\/","url_meta":{"origin":19,"position":3},"title":"M\u00fcnchens sch\u00f6nster U-Bahnhof?","author":"Florian Sch\u00fctz","date":"15. Januar 2007","format":false,"excerpt":"Ich werde immer wieder gefragt, was ich f\u00fcr M\u00fcnchens sch\u00f6nsten U-Bahnhof halte. Aber ich bin ehrlich gesagt nicht in der Lage, darauf eine definitive Antwort zu geben. M\u00fcnchen hat einfach zu viele sch\u00f6ne U-Bahnh\u00f6fe! Ich versuche mich hier mal in einer kleinen Aufz\u00e4hlung. [img id=gb_5 align=right] Georg-Brauchle-Ring Die Abendzeitung hat\u2026","rel":"","context":"In &quot;U-Bahnh\u00f6fe&quot;","block_context":{"text":"U-Bahnh\u00f6fe","link":"https:\/\/www.u-bahn-muenchen.de\/blog\/category\/u-bahnhofe\/"},"img":{"alt_text":"","src":"","width":0,"height":0},"classes":[]},{"id":484,"url":"https:\/\/www.u-bahn-muenchen.de\/blog\/2017\/02\/umbau-sendlinger-tor-am-montag-gehts-los\/","url_meta":{"origin":19,"position":4},"title":"Umbau Sendlinger Tor: Am Montag geht\u2019s los","author":"Frederik Buchleitner","date":"9. Februar 2017","format":false,"excerpt":"Der bayerischen Landeshauptstadt stehen in den kommenden Jahren zahlreiche Bauarbeiten und daraus bedingend nat\u00fcrlich auch Einschr\u00e4nkungen ins Haus. Nicht nur der Baubeginn bei der 2. S-Bahn-Stammstrecke in gut zwei Monaten und der daraus resultierende Komplettumbau des Hauptbahnhofs f\u00fchrt \u00fcber Jahre f\u00fcr die Fahrg\u00e4ste zu Beeintr\u00e4chtigungen, auch der U-Bahn-Knotenpunkt am Sendlinger\u2026","rel":"","context":"In &quot;St\u00f6rungen und Bauarbeiten&quot;","block_context":{"text":"St\u00f6rungen und Bauarbeiten","link":"https:\/\/www.u-bahn-muenchen.de\/blog\/category\/storungen-und-bauarbeiten\/"},"img":{"alt_text":"","src":"","width":0,"height":0},"classes":[]},{"id":876,"url":"https:\/\/www.u-bahn-muenchen.de\/blog\/2021\/10\/50-jahre-u-bahn-muenchen-pressekonferenz-der-mvg\/","url_meta":{"origin":19,"position":5},"title":"50 Jahre U-Bahn M\u00fcnchen: Pressekonferenz der MVG","author":"Florian Sch\u00fctz","date":"19. Oktober 2021","format":false,"excerpt":"[img id=50-jahre-u-bahn-a-wagen align=right]Heute vor 50 Jahren, am 19. Oktober 1971 wurde der erste Abschnitt der M\u00fcnchner U-Bahn in Betrieb genommen: Die erste Strecke vom Kieferngarten bis zum Goetheplatz war zw\u00f6lf Kilometer lang und umfasste 13 Bahnh\u00f6fe. Heute \u2013 50 Jahre sp\u00e4ter \u2013 ist die U-Bahn das R\u00fcckgrat des \u00f6ffentlichen Nahverkehrs\u2026","rel":"","context":"In &quot;Geschichte&quot;","block_context":{"text":"Geschichte","link":"https:\/\/www.u-bahn-muenchen.de\/blog\/category\/geschichte\/"},"img":{"alt_text":"","src":"","width":0,"height":0},"classes":[]}],"jetpack_sharing_enabled":true,"jetpack_featured_media_url":"","_links":{"self":[{"href":"https:\/\/www.u-bahn-muenchen.de\/blog\/wp-json\/wp\/v2\/posts\/19","targetHints":{"allow":["GET"]}}],"collection":[{"href":"https:\/\/www.u-bahn-muenchen.de\/blog\/wp-json\/wp\/v2\/posts"}],"about":[{"href":"https:\/\/www.u-bahn-muenchen.de\/blog\/wp-json\/wp\/v2\/types\/post"}],"author":[{"embeddable":true,"href":"https:\/\/www.u-bahn-muenchen.de\/blog\/wp-json\/wp\/v2\/users\/2"}],"replies":[{"embeddable":true,"href":"https:\/\/www.u-bahn-muenchen.de\/blog\/wp-json\/wp\/v2\/comments?post=19"}],"version-history":[{"count":3,"href":"https:\/\/www.u-bahn-muenchen.de\/blog\/wp-json\/wp\/v2\/posts\/19\/revisions"}],"predecessor-version":[{"id":40,"href":"https:\/\/www.u-bahn-muenchen.de\/blog\/wp-json\/wp\/v2\/posts\/19\/revisions\/40"}],"wp:attachment":[{"href":"https:\/\/www.u-bahn-muenchen.de\/blog\/wp-json\/wp\/v2\/media?parent=19"}],"wp:term":[{"taxonomy":"category","embeddable":true,"href":"https:\/\/www.u-bahn-muenchen.de\/blog\/wp-json\/wp\/v2\/categories?post=19"},{"taxonomy":"post_tag","embeddable":true,"href":"https:\/\/www.u-bahn-muenchen.de\/blog\/wp-json\/wp\/v2\/tags?post=19"}],"curies":[{"name":"wp","href":"https:\/\/api.w.org\/{rel}","templated":true}]}}