{"id":17,"date":"2010-03-25T22:19:24","date_gmt":"2010-03-25T21:19:24","guid":{"rendered":"http:\/\/www.muenchnerubahn.de\/blog\/2010\/03\/tunnel-tour-in-moosach\/"},"modified":"2021-06-14T22:30:36","modified_gmt":"2021-06-14T20:30:36","slug":"tunnel-tour-in-moosach","status":"publish","type":"post","link":"https:\/\/www.u-bahn-muenchen.de\/blog\/2010\/03\/tunnel-tour-in-moosach\/","title":{"rendered":"Tunnel-Tour in Moosach"},"content":{"rendered":"<p>Heute war ich bei einer gef\u00fchrten Tour durch die Moosacher U-Bahn-Baustelle. Startschuss war mit Helm um 9 Uhr am Kiosk im Zwischengeschoss des U-Bahnhofs [bflink id=OE]. Schon witzig, wenn da 20 Leute mit Helm und \u00fcberwiegend Warnweste rumstehen.<\/p>\n<p>Anschlie\u00dfend ging es am Bahnsteigende des [bflink id=OK text=U3-Bahnhofs] runter auf die Gleisebene. Allerdings sind hier noch rund 100 Meter Gleis Tabu f\u00fcr Baustellenbesichtigungen, da es sich hierbei bereits um den Durchrutschweg der U3 handelt &#8211; der Prellbock, der dort lange Zeit eine langsame Einfahrt der U3 mit sich gebracht hat, ist mittlerweile weg. Die 880 Meter Tunnel bis zum Bahnhof [bflink id=MM] waren dann eher unspektakul\u00e4r &#8211; hier ist nahezu alles schon f\u00fcr die Aufnahme des Fahrgastbetriebes Ende des Jahres vorbereitet, von der Stromschiene bis teilweise sogar den Signalen.<\/p>\n<p>[imagelist col=4]moosach_u3_01,moosach_u3_02,moosach_u3_03,moosach_u3_04[\/imagelist]<\/p>\n<p>Am [bflink id=MM] wird zur Zeit flei\u00dfig am Innenausbau gewerkelt. Teilweise liegt dort bereits der endg\u00fcltige Bodenbelag aus spanischem Naturstein, die Betriebsr\u00e4ume werden gerade ebenfalls bezugsfertig gemacht. Der Bahnsteig wird ziemlich \u00e4hnlich aufgebaut sein wie am [bflink id=ON]: breiter Mittelbahnsteig, auf einer Seite mit einem Lift ausgestattet, der \u00fcber einen Steg ans Sperrengeschoss angebunden ist. Hier bestehen auch drei gro\u00dfe Licht\u00f6ffnungen an die Oberfl\u00e4che. Die W\u00e4nde sollen zigtausende Bilder im Format 11&#215;15 zieren, die ein japanischer K\u00fcnstler mit Hilfe der Moosacher Bev\u00f6lkerung im Umfeld des U-Bahnhofs gemacht hat. So kann sich hinterher jeder Besucher schon im U-Bahnhof ein Bild der Umwelt machen, auch wenn er hierf\u00fcr besser ein Opernglas mitbringen sollte :)<\/p>\n<p>[imagelist col=4]moosach_u3_05,moosach_u3_06,moosach_u3_07,moosach_u3_08[\/imagelist]<\/p>\n<p>Rund 800 T\u00fcbbing-Ringe wurden von einer Tunnelbohrmaschine zwischen Moosach und OEZ in beiden R\u00f6hren gesetzt, das hei\u00dft, dass die komplette Tunnelstrecke mit Ausnahme der Bahnh\u00f6fe unterirdisch aufgefahren wurde. Die beiden Tunnelr\u00f6hren tragen die Namen &#8222;Christine-Tunnel&#8220; und &#8222;Karin-Tunnel&#8220;. Erster ist benannt nach Christine Rauch, der Chefsekret\u00e4rin des Oberb\u00fcrgermeisters. Im Artikel zur <a href=\"\/aktuelles\/2007\/04\/tunneltaufe\/\">Tunneltaufe in Moosach<\/a> gibt es hierzu noch ein paar weitere Informationen.<\/p>\n<p>[imagelist col=4]moosach_u3_09,moosach_u3_10,moosach_u3_11,moosach_u3_12[\/imagelist]<\/p>\n<p>An der Bauberger Stra\u00dfe war ja lange Zeit die Gro\u00dfbaustelle zur Be- und Entladung der Tunnelbaustelle, hier ist heute noch die einzige Stelle, an der Tageslicht bis auf die Gleisebene herunterdringt und die Gleiskreuzung vor dem Moosacher Bahnhof beleuchtet. Hier werden gerade einige Wandelemente testweise montiert, um ihre Wirkung zu testen. Auf dem Bahnsteig selbst sind schon die meisten Bodenplatten verlegt, wie am Martinsplatz aus spanischem Granit.<\/p>\n<p>[imagelist col=3]moosach_u3_13,moosach_u3_14,moosach_u3_15[\/imagelist]<\/p>\n<p>Auch der Bahnsteig in Moosach bekommt drei Licht\u00f6ffnungen, die gleichzeitig zur Entrauchung des Bahnhofs dienen. Sie befinden sich hier etwa mittig \u00fcber dem Bahnsteig. Am westlichen Ende befindet sich ein recht gro\u00dfes Sperrengeschoss, das direkt mit dem Bahnsteig der S-Bahn verbunden ist. Hier werden Fest- und Rolltreppen (teilweise aus Platzmangel hintereinander angeordnet) direkt auf die S-Bahn-Steige f\u00fchren. \u00dcber der Wendeanlage befindet sich eine zweist\u00f6ckige Tiefgarage f\u00fcr rund 400 PKWs, die je nach Etage verschieden in grellen Farbt\u00f6nen gehalten ist.<\/p>\n<p>[imagelist col=3]moosach_u3_16,moosach_u3_17,moosach_u3_18[\/imagelist]<\/p>\n<p>Nach gut 2 1\/2 Stunden kam ich dann in Moosach wieder ans Tageslicht und konnte im Vergleich zu meiner letzten Baustellenf\u00fchrung in Moosach vor knapp 1 1\/2 Jahren gewaltige Unterschiede sehen. So wie es im Moment aussieht, gibt&#8217;s keine Bauverz\u00f6gerungen und alles kann fristgerecht fertig gestellt werden. Ich freu mich schon auf zwei neue Bahnh\u00f6fe und rund 2 Kilometer neue Strecke :)<\/p>\n<p>Weitere Informationen zum Bauprojekt im <a href=\"\/report\/baustellenreport\/moosach\/\">Baustellenreport U3 Moosach<\/a>.<\/p>\n","protected":false},"excerpt":{"rendered":"<p>Heute war ich bei einer gef\u00fchrten Tour durch die Moosacher U-Bahn-Baustelle. Startschuss war mit Helm um 9 Uhr am Kiosk im Zwischengeschoss des U-Bahnhofs [bflink id=OE]. Schon witzig, wenn da 20 Leute mit Helm und \u00fcberwiegend Warnweste rumstehen. Anschlie\u00dfend ging es am Bahnsteigende des [bflink id=OK text=U3-Bahnhofs] runter auf die Gleisebene. Allerdings sind hier noch [&hellip;]<\/p>\n","protected":false},"author":2,"featured_media":0,"comment_status":"open","ping_status":"open","sticky":false,"template":"","format":"standard","meta":{"advanced_seo_description":"","jetpack_seo_html_title":"","jetpack_seo_noindex":false,"jetpack_seo_schema_type":"","_jetpack_newsletter_access":"","_jetpack_dont_email_post_to_subs":true,"_jetpack_newsletter_tier_id":0,"_jetpack_memberships_contains_paywalled_content":false,"_jetpack_feature_clip_id":0,"_jetpack_memberships_contains_paid_content":false,"footnotes":"","jetpack_post_was_ever_published":false},"categories":[2],"tags":[],"class_list":["post-17","post","type-post","status-publish","format-standard","hentry","category-u-bahnhofe"],"jetpack_shortlink":"https:\/\/wp.me\/p87CPJ-h","jetpack-related-posts":[{"id":215,"url":"https:\/\/www.u-bahn-muenchen.de\/blog\/2010\/12\/die-u3-fahrt-jetzt-nach-moosach\/","url_meta":{"origin":17,"position":0},"title":"Die U3 f\u00e4hrt jetzt nach Moosach","author":"Florian Sch\u00fctz","date":"11. Dezember 2010","format":false,"excerpt":"Seit heute f\u00e4hrt die U3 auch bis zum Moosacher Bahnhof, nachdem Sie bereits 2007 bis zum OEZ verl\u00e4ngert wurde. Damit hat M\u00fcnchen nun 100 U-Bahnh\u00f6fe und erstmals seit 1965 keinen Meter U-Bahnstrecke mehr im Bau. [img id=u3_moosach_gruppenbild align=right]In den Ansprachen zur Er\u00f6ffnung betonten alle Beteiligten den gro\u00dfen Nutzen von U-Bahnstrecken\u2026","rel":"","context":"In &quot;Betrieb&quot;","block_context":{"text":"Betrieb","link":"https:\/\/www.u-bahn-muenchen.de\/blog\/category\/betrieb\/"},"img":{"alt_text":"","src":"","width":0,"height":0},"classes":[]},{"id":467,"url":"https:\/\/www.u-bahn-muenchen.de\/blog\/2016\/12\/u3-u6-behinderungen-poccistrasse\/","url_meta":{"origin":17,"position":1},"title":"U3\/U6: Behinderungen im Sp\u00e4tverkehr im Bahnhof Poccistra\u00dfe","author":"Florian Sch\u00fctz","date":"8. Dezember 2016","format":false,"excerpt":"Wegen Bauarbeiten durchfahren die Z\u00fcge der Linien U3 und U6 die Station [bflink id=pc] am Montag, 12. Dezember sowie am Dienstag, 13. Dezember, jeweils ab ca. 22 Uhr ohne Halt. Dann k\u00f6nnen Fahrg\u00e4ste dort also weder ein- noch aussteigen. Ersatzweise richtet die MVG einen Schienenersatzverkehr (SEV) mit Bussen ein. Diese\u2026","rel":"","context":"In &quot;St\u00f6rungen und Bauarbeiten&quot;","block_context":{"text":"St\u00f6rungen und Bauarbeiten","link":"https:\/\/www.u-bahn-muenchen.de\/blog\/category\/storungen-und-bauarbeiten\/"},"img":{"alt_text":"","src":"","width":0,"height":0},"classes":[]},{"id":501,"url":"https:\/\/www.u-bahn-muenchen.de\/blog\/2017\/04\/u3-baustelle-endete-genereller-sanierungsbedarf-steigt\/","url_meta":{"origin":17,"position":2},"title":"U3-Baustelle endet &#8211; genereller Sanierungsbedarf steigt","author":"Florian Sch\u00fctz","date":"14. April 2017","format":false,"excerpt":"\u00dcber Ostern wird die Gleiserneuerung auf der seit Ende Oktober gesperrten U3 zwischen Scheidplatz und M\u00fcnchner Freiheit abgeschlossen. Ab Dienstag, 18. April wird die U3 damit wieder auf ihrem angestammten Linienweg zwischen [bflink id=MO] und [bflink id=FW] verkehren. Allerdings werden gr\u00f6\u00dfere Bauma\u00dfnahmen in den kommenden Jahren h\u00e4ufiger werden. [img id=u3_bp_2017\u2026","rel":"","context":"In &quot;Netz&quot;","block_context":{"text":"Netz","link":"https:\/\/www.u-bahn-muenchen.de\/blog\/category\/netz\/"},"img":{"alt_text":"","src":"","width":0,"height":0},"classes":[]},{"id":307,"url":"https:\/\/www.u-bahn-muenchen.de\/blog\/2012\/03\/sev-auf-u2-und-u3-im-bereich-scheidplatz-wahrend-der-osterferien\/","url_meta":{"origin":17,"position":3},"title":"SEV auf U2 und U3 im Bereich Scheidplatz w\u00e4hrend der Osterferien","author":"Florian Sch\u00fctz","date":"24. M\u00e4rz 2012","format":false,"excerpt":"[img id=baustelle align=right size=kleiner]Da am [bflink id=SP] das Stellwerk der U-Bahn nach 40 Jahren Betrieb erneuert werden muss, verkehren U2 und U3 in den Osterferien nur eingeschr\u00e4nkt. Zeitgleich finden auf den betroffenen Abschnitten zudem gr\u00f6\u00dfere Gleisbauarbeiten statt, bei dem u.a. die Weichen zwischen U2 und U3 am Scheidplatz getauscht werden.\u2026","rel":"","context":"In &quot;Betrieb&quot;","block_context":{"text":"Betrieb","link":"https:\/\/www.u-bahn-muenchen.de\/blog\/category\/betrieb\/"},"img":{"alt_text":"","src":"","width":0,"height":0},"classes":[]},{"id":206,"url":"https:\/\/www.u-bahn-muenchen.de\/blog\/2010\/12\/mobilfunk-netz-wird-erweitert\/","url_meta":{"origin":17,"position":4},"title":"Mobilfunk-Netz wird um weitere vier Abschnitte erweitert","author":"Florian Sch\u00fctz","date":"4. Dezember 2010","format":false,"excerpt":"Das Mobilfunk-Netz in der M\u00fcnchner U-Bahn wird erneut erweitert \u2013 diesmal gleich um vier Abschnitte: Um den Nordabschnitt der U3 zwischen [bflink id=MU] und [bflink id=OK], den Nordabschnitt der U2 vom [bflink id=KN] bis zur Haltestelle [bflink id=HA], der U3 im S\u00fcden vom [bflink id=GO] bis [bflink id=OS] und der\u2026","rel":"","context":"In &quot;Technik&quot;","block_context":{"text":"Technik","link":"https:\/\/www.u-bahn-muenchen.de\/blog\/category\/technik\/"},"img":{"alt_text":"","src":"","width":0,"height":0},"classes":[]},{"id":387,"url":"https:\/\/www.u-bahn-muenchen.de\/blog\/2014\/02\/projekt-u9-entlastungsspange-fuer-die-innenstadt\/","url_meta":{"origin":17,"position":5},"title":"Projekt U9: Entlastungsspange f\u00fcr die Innenstadt","author":"Florian Sch\u00fctz","date":"11. Februar 2014","format":false,"excerpt":"Bereits seit einigen Jahren wird seitens der MVG eine weitere Innenstadtstrecke zur Entlastung der heutigen Strecken von U1\/U2 und U3\/U6 unter dem Arbeitstitel \"U9\" geplant. Am heutigen 11. Februar stellten die Stadtwerke M\u00fcnchen \/ M\u00fcnchner Verkehrsgesellschaft eine Machbarkeitsstudie vor, die diese \"U9-Spange\" genauer untersucht hat. Die Studie von SWM\/MVG und\u2026","rel":"","context":"In &quot;Betrieb&quot;","block_context":{"text":"Betrieb","link":"https:\/\/www.u-bahn-muenchen.de\/blog\/category\/betrieb\/"},"img":{"alt_text":"","src":"","width":0,"height":0},"classes":[]}],"jetpack_sharing_enabled":true,"jetpack_featured_media_url":"","_links":{"self":[{"href":"https:\/\/www.u-bahn-muenchen.de\/blog\/wp-json\/wp\/v2\/posts\/17","targetHints":{"allow":["GET"]}}],"collection":[{"href":"https:\/\/www.u-bahn-muenchen.de\/blog\/wp-json\/wp\/v2\/posts"}],"about":[{"href":"https:\/\/www.u-bahn-muenchen.de\/blog\/wp-json\/wp\/v2\/types\/post"}],"author":[{"embeddable":true,"href":"https:\/\/www.u-bahn-muenchen.de\/blog\/wp-json\/wp\/v2\/users\/2"}],"replies":[{"embeddable":true,"href":"https:\/\/www.u-bahn-muenchen.de\/blog\/wp-json\/wp\/v2\/comments?post=17"}],"version-history":[{"count":11,"href":"https:\/\/www.u-bahn-muenchen.de\/blog\/wp-json\/wp\/v2\/posts\/17\/revisions"}],"predecessor-version":[{"id":773,"href":"https:\/\/www.u-bahn-muenchen.de\/blog\/wp-json\/wp\/v2\/posts\/17\/revisions\/773"}],"wp:attachment":[{"href":"https:\/\/www.u-bahn-muenchen.de\/blog\/wp-json\/wp\/v2\/media?parent=17"}],"wp:term":[{"taxonomy":"category","embeddable":true,"href":"https:\/\/www.u-bahn-muenchen.de\/blog\/wp-json\/wp\/v2\/categories?post=17"},{"taxonomy":"post_tag","embeddable":true,"href":"https:\/\/www.u-bahn-muenchen.de\/blog\/wp-json\/wp\/v2\/tags?post=17"}],"curies":[{"name":"wp","href":"https:\/\/api.w.org\/{rel}","templated":true}]}}