{"id":168,"date":"2010-11-12T17:46:48","date_gmt":"2010-11-12T15:46:48","guid":{"rendered":"http:\/\/www.muenchnerubahn.de\/blog\/?p=168"},"modified":"2010-11-12T22:44:21","modified_gmt":"2010-11-12T20:44:21","slug":"geplante-bestellung-neuer-zuge-vom-typ-c2-11","status":"publish","type":"post","link":"https:\/\/www.u-bahn-muenchen.de\/blog\/2010\/11\/geplante-bestellung-neuer-zuge-vom-typ-c2-11\/","title":{"rendered":"Geplante Bestellung neuer Z\u00fcge vom Typ C2.11"},"content":{"rendered":"<p>Der Fahrzeugpark der U-Bahn wurde mit der Zeit immer wieder in kleinen Serien an den steigenden Bedarf angepasst und erweitert. Jetzt will die MVG mit der gr\u00f6\u00dften Fahrzeugbestellung seit Inbetriebnahme der U-Bahn eine gro\u00dfe Menge an baugleichen Fahrzeugen beschaffen.<\/p>\n<p>[img id=c2-simulation_mvg size=mittel align=right text=Fotomontage_des<br_>neuen_Zuges<br_\/>Bild:_SWM\/MVG]Erstmals sollen dabei U-Bahn-Wagen der ersten Generation im gro\u00dfem Stil ausgemustert werden: Die Bestellung sieht die Lieferung von 21 neuen Langz\u00fcgen vor, wovon sieben f\u00fcr <a href=\"\/blog\/2010\/09\/taktverdichtungen-im-u-bahnnetz-bis-2020-geplant\/\">Taktverdichtungen<\/a> vorgesehen sind, und 14 Z\u00fcge Altwagen vom Typ A ersetzen sollen. <\/p>\n<p>Mit dieser Lieferung w\u00e4re dann ein vollst\u00e4ndiger Ersatz der 1970 bis 1972 gebauten Z\u00fcge vom Typ A2.1 m\u00f6glich. Im Falle eines Einl\u00f6sens zweier ebenfalls in der Ausschreibung vereinbarter Optionen auf weitere 46 Z\u00fcge w\u00e4re dann ein vollst\u00e4ndiger Ersatz der bis 1984 gebauten A-Wagen m\u00f6glich.<\/p>\n<h3>Ablauf der Auftragsvergabe<\/h3>\n<p>Auf eine europaweite Ausschreibung der neuen Z\u00fcge Anfang 2010 wurden laut MVG von vier Bewerbern Angebote abgegeben, unter denen Siemens als wirtschaftlichster Anbieter ausgew\u00e4hlt wurde. Die Details der Bestellung stehen nun fest, so dass nun in einer Pressemitteilung \u00fcber die geplante Auftragsvergabe informiert wird:<br \/>\nDie Bestellung beinhaltet 21 Gliederz\u00fcge mit je 6 Wagen zu einem Preis von 185 Millionen Euro. Dar\u00fcber hinaus bestehen zwei Optionen auf je 23 weitere Z\u00fcge, so dass das Gesamtvolumen des Vertrages bis zu 550 Millionen Euro betr\u00e4gt. Diese Kosten m\u00fcssen zum gr\u00f6\u00dften Teil von der MVG selbst beglichen werden, eine F\u00f6rderung durch den Freistaat von 25% der Kosten ist allerdings bereits beantragt und grunds\u00e4tzlich durch den Verkehrsminister Zeil zugesagt.<\/p>\n<p>Die Lieferung der ersten 21 Z\u00fcge soll 2013 bis 2015 erfolgen, die beiden Optionen m\u00fcssen bis 2016 bzw. 2020 eingel\u00f6st werden, so dass die Auslieferung bis ca. 2025 abgeschlossen w\u00e4re.<\/p>\n<p>Dabei wurde die Ausschreibung gegen\u00fcber der urspr\u00fcnglichen Planung von 2012 auf 2010 vorgezogen. Auf diese Art konnte bedingt durch den zur Zeit g\u00fcnstigen Stahlpreis ein vergleichsweise preisg\u00fcnstiges Angebot erreicht werden.<\/p>\n<h3>Die neuen Z\u00fcge im Detail<\/h3>\n<p>Die neuen Z\u00fcge sollen weitgehend dem Konzept der existierenden <a href=\"\/fahrzeuge\/c\/\">C1-Z\u00fcge<\/a> folgen. Geplant ist hier ebenfalls ein auf ganzer L\u00e4nge begehbarer fest gekuppelter Zug mit sechs Wagen, auch die Gestaltung wird sich weitgehend am C1 orientieren. Neugestaltet wird allerdings die Front des Zuges, die auch wieder von dem M\u00fcnchner Designer A. Neumeister stammt.<\/p>\n<p>Auch im Innenraum sollen sich nur Details \u00e4ndern:<\/p>\n<ul>\n<li>Eine Umgestaltung der \u00dcbergangsbereiche zwischen den Wagen soll den Fahrgastflu\u00df verbessern und mehr Fahrg\u00e4sten Platz schaffen. Die Fahrgastkapazit\u00e4t erh\u00f6ht sich von 912 (C1-Zug) auf 940 Fahrg\u00e4ste.<\/li>\n<li>Der T\u00fcrschlie\u00dfvorgang soll mit Hilfe farbiger Lichtb\u00e4nder in den T\u00fcrkanten behinderten Fahrg\u00e4sten besser angek\u00fcndigt werden.<\/li>\n<li>Die Innenbeleuchtung soll k\u00fcnftig auf Basis von Leuchtdioden erfolgen.<\/li>\n<li>Der Zug wird bereits von Werk ab mit Video\u00fcberwachung, Fahrgastfernsehen und Brandschutzeinrichtungen ausgestattet.<\/li>\n<li>Wie heute \u00fcblich ist der Zug auf fahrerlosen Betrieb vorbereitet, insbesonderen k\u00f6nnte der Fahrerstand problemlos r\u00fcckgebaut werden.<\/li>\n<\/ul>\n<p>Auch technisch gibt es Verbesserungen, so soll ein verbessertes Diagnosesystem die Instandhaltung erleichtern. Au\u00dferdem soll die H\u00f6chstgeschwindigkeit 90km\/h betragen &#8211; bisher ist das M\u00fcnchner U-Bahnnetz auf 80km\/h ausgelegt.<\/p>\n<h3>Weitere Informationen<\/h3>\n<p><a href=\"http:\/\/www.mvg-mobil.de\/presse\/2010-11-12_mvg-pressemeldung.pdf\">Pressemeldung der MVG<\/a><\/p>\n","protected":false},"excerpt":{"rendered":"<p>Der Fahrzeugpark der U-Bahn wurde mit der Zeit immer wieder in kleinen Serien an den steigenden Bedarf angepasst und erweitert. Jetzt will die MVG mit der gr\u00f6\u00dften Fahrzeugbestellung seit Inbetriebnahme der U-Bahn eine gro\u00dfe Menge an baugleichen Fahrzeugen beschaffen. [img id=c2-simulation_mvg size=mittel align=right text=Fotomontage_desneuen_ZugesBild:_SWM\/MVG]Erstmals sollen dabei U-Bahn-Wagen der ersten Generation im gro\u00dfem Stil ausgemustert werden: [&hellip;]<\/p>\n","protected":false},"author":3,"featured_media":0,"comment_status":"open","ping_status":"open","sticky":false,"template":"","format":"standard","meta":{"advanced_seo_description":"","jetpack_seo_html_title":"","jetpack_seo_noindex":false,"jetpack_seo_schema_type":"","_jetpack_newsletter_access":"","_jetpack_dont_email_post_to_subs":false,"_jetpack_newsletter_tier_id":0,"_jetpack_memberships_contains_paywalled_content":false,"_jetpack_feature_clip_id":0,"_jetpack_memberships_contains_paid_content":false,"footnotes":"","jetpack_post_was_ever_published":false},"categories":[11,10],"tags":[],"class_list":["post-168","post","type-post","status-publish","format-standard","hentry","category-fahrzeuge","category-technik"],"jetpack_shortlink":"https:\/\/wp.me\/p87CPJ-2I","jetpack-related-posts":[{"id":559,"url":"https:\/\/www.u-bahn-muenchen.de\/blog\/2020\/07\/mvg-bestellt-weitere-22-zuege-des-typs-c2\/","url_meta":{"origin":168,"position":0},"title":"MVG bestellt weitere 22 Z\u00fcge des Typs C2","author":"Florian Sch\u00fctz","date":"2. Juli 2020","format":false,"excerpt":"Die Erneuerung der M\u00fcnchner U-Bahn-Flotte wird konsequent fortgesetzt: aus der zweiten Option der urspr\u00fcnglichen C2-Bestellung werden bei Siemens weitere 22 Z\u00fcge des Typs C2 abgerufen. Die neuen Fahrzeuge l\u00f6sen zwischen 2022 und 2024 alte Z\u00fcge vom Typ A ab. [img id=gb_c2_2 align=right text=Vorstellung_2014]Die 22 neuen C2-Z\u00fcge erg\u00e4nzen die bereits 2014\u2026","rel":"","context":"In &quot;Fahrzeuge&quot;","block_context":{"text":"Fahrzeuge","link":"https:\/\/www.u-bahn-muenchen.de\/blog\/category\/fahrzeuge\/"},"img":{"alt_text":"","src":"","width":0,"height":0},"classes":[]},{"id":995,"url":"https:\/\/www.u-bahn-muenchen.de\/blog\/2022\/04\/neue-u-bahnen-fuer-muenchen-swm-und-mvg-erhalten-weitere-zuege-der-neuesten-generation\/","url_meta":{"origin":168,"position":1},"title":"Neue U-Bahnen f\u00fcr M\u00fcnchen: SWM und MVG erhalten weitere Z\u00fcge der neuesten Generation","author":"Florian Sch\u00fctz","date":"27. April 2022","format":false,"excerpt":"Die Stadtwerke M\u00fcnchen (SWM) setzen die Modernisierung der U-Bahn-Flotte der M\u00fcnchner Verkehrsgesellschaft (MVG) fort: Am Mittwoch, 27. April 2022, haben SWM und MVG an der Technischen Basis in Fr\u00f6ttmaning den ersten von insgesamt 22 Z\u00fcgen des Typs C2 der dritten Lieferserie (so genannte 2. Option) \u00fcbernommen. Dort wird der Zug\u2026","rel":"","context":"In &quot;Fahrzeuge&quot;","block_context":{"text":"Fahrzeuge","link":"https:\/\/www.u-bahn-muenchen.de\/blog\/category\/fahrzeuge\/"},"img":{"alt_text":"","src":"","width":0,"height":0},"classes":[]},{"id":529,"url":"https:\/\/www.u-bahn-muenchen.de\/blog\/2019\/06\/c2-auslieferung-der-zweiten-bauserie-beginnt\/","url_meta":{"origin":168,"position":2},"title":"C2: Auslieferung der zweiten Bauserie beginnt","author":"Florian Sch\u00fctz","date":"17. Juni 2019","format":false,"excerpt":"Die erste von insgesamt 24 neuen U-Bahnen f\u00fcr M\u00fcnchen ist da: Siemens hat den Zug vom Typ C2 mit der Wagennummer 722 in der vergangenen Woche in die Technische Basis der U-Bahn in Fr\u00f6ttmaning \u00fcberf\u00fchrt. Dort wird der Zug nun betriebsbereit gemacht, umfangreichen Tests unterzogen und schlie\u00dflich zugelassen. Er soll\u2026","rel":"","context":"In &quot;Betrieb&quot;","block_context":{"text":"Betrieb","link":"https:\/\/www.u-bahn-muenchen.de\/blog\/category\/betrieb\/"},"img":{"alt_text":"","src":"","width":0,"height":0},"classes":[]},{"id":1213,"url":"https:\/\/www.u-bahn-muenchen.de\/blog\/2026\/07\/c2-lieferung-nach-85-zuegen-abgeschlossen\/","url_meta":{"origin":168,"position":3},"title":"C2: Lieferung nach 85 Z\u00fcgen und gut 10 Jahren abgeschlossen","author":"Florian Sch\u00fctz","date":"30. Juli 2026","format":false,"excerpt":"Gut zehn Jahre nach Beginn der Auslieferung hat die MVG am 30. Juli 2026 den letzten Zug des Typs C2 in Betrieb genommen: Wagen 785 schlie\u00dft damit die gr\u00f6\u00dfte Fahrzeugbeschaffung in der Geschichte der M\u00fcnchner U-Bahn ab. [img id=YT=BqzRndaybHM align=right size=mittel2] Insgesamt 85 sechsteilige C2-Z\u00fcge wurden im Siemens-Werk Wien gefertigt\u2026","rel":"","context":"In &quot;Fahrzeuge&quot;","block_context":{"text":"Fahrzeuge","link":"https:\/\/www.u-bahn-muenchen.de\/blog\/category\/fahrzeuge\/"},"img":{"alt_text":"","src":"","width":0,"height":0},"classes":[]},{"id":377,"url":"https:\/\/www.u-bahn-muenchen.de\/blog\/2014\/01\/c2-zug-auf-erster-testfahrt\/","url_meta":{"origin":168,"position":4},"title":"C2-Zug auf erster Testfahrt","author":"Frederik Buchleitner","date":"31. Januar 2014","format":false,"excerpt":"Neben den neuen Avenio-Trambahnen von Siemens befinden sich bei den SWM\/MVG auch neue U-Bahnen vom selben Hersteller in Auslieferung und Inbetriebsetzung. Die neuen U-Bahn-Gliederz\u00fcge vom Typ C2.11 sind eine Weiterentwicklung der ab 2000 gelieferten Typen C1.9 \/ C1.10 und basieren technisch auf dem \u201aInspiro\u2018 von Siemens. Von den 21 bestellten\u2026","rel":"","context":"In &quot;Fahrzeuge&quot;","block_context":{"text":"Fahrzeuge","link":"https:\/\/www.u-bahn-muenchen.de\/blog\/category\/fahrzeuge\/"},"img":{"alt_text":"","src":"","width":0,"height":0},"classes":[]},{"id":1107,"url":"https:\/\/www.u-bahn-muenchen.de\/blog\/2025\/01\/fahrzeugengpaesse-und-verschobenes-a-wagen-ende\/","url_meta":{"origin":168,"position":5},"title":"Fahrzeugengp\u00e4sse und verschobenes A-Wagen-Ende","author":"Frederik Buchleitner","date":"29. Januar 2025","format":false,"excerpt":"Schon im vergangenen Jahr plagte die MVG bei der U-Bahn ein erheblicher Fahrzeugengpass. Grund war vorrangig der n\u00f6tige Einbau von Brandschutzmeldeanlagen in die Bestandsz\u00fcge der Baureihen B und C1, die nach ihrem externen Umbau \u00fcber viele Monate nicht mehr von der Technischen Aufsichtsbeh\u00f6rde (TAB) freigegeben wurden. Mit gro\u00dfem Aufwand konnte\u2026","rel":"","context":"In &quot;Fahrzeuge&quot;","block_context":{"text":"Fahrzeuge","link":"https:\/\/www.u-bahn-muenchen.de\/blog\/category\/fahrzeuge\/"},"img":{"alt_text":"","src":"","width":0,"height":0},"classes":[]}],"jetpack_sharing_enabled":true,"jetpack_featured_media_url":"","_links":{"self":[{"href":"https:\/\/www.u-bahn-muenchen.de\/blog\/wp-json\/wp\/v2\/posts\/168","targetHints":{"allow":["GET"]}}],"collection":[{"href":"https:\/\/www.u-bahn-muenchen.de\/blog\/wp-json\/wp\/v2\/posts"}],"about":[{"href":"https:\/\/www.u-bahn-muenchen.de\/blog\/wp-json\/wp\/v2\/types\/post"}],"author":[{"embeddable":true,"href":"https:\/\/www.u-bahn-muenchen.de\/blog\/wp-json\/wp\/v2\/users\/3"}],"replies":[{"embeddable":true,"href":"https:\/\/www.u-bahn-muenchen.de\/blog\/wp-json\/wp\/v2\/comments?post=168"}],"version-history":[{"count":11,"href":"https:\/\/www.u-bahn-muenchen.de\/blog\/wp-json\/wp\/v2\/posts\/168\/revisions"}],"predecessor-version":[{"id":179,"href":"https:\/\/www.u-bahn-muenchen.de\/blog\/wp-json\/wp\/v2\/posts\/168\/revisions\/179"}],"wp:attachment":[{"href":"https:\/\/www.u-bahn-muenchen.de\/blog\/wp-json\/wp\/v2\/media?parent=168"}],"wp:term":[{"taxonomy":"category","embeddable":true,"href":"https:\/\/www.u-bahn-muenchen.de\/blog\/wp-json\/wp\/v2\/categories?post=168"},{"taxonomy":"post_tag","embeddable":true,"href":"https:\/\/www.u-bahn-muenchen.de\/blog\/wp-json\/wp\/v2\/tags?post=168"}],"curies":[{"name":"wp","href":"https:\/\/api.w.org\/{rel}","templated":true}]}}