{"id":16,"date":"2008-12-31T12:34:14","date_gmt":"2008-12-31T11:34:14","guid":{"rendered":"http:\/\/www.muenchnerubahn.de\/blog\/2008\/12\/presseschau-iii\/"},"modified":"2008-12-31T12:34:14","modified_gmt":"2008-12-31T11:34:14","slug":"presseschau-iii","status":"publish","type":"post","link":"https:\/\/www.u-bahn-muenchen.de\/blog\/2008\/12\/presseschau-iii\/","title":{"rendered":"Presseschau III"},"content":{"rendered":"<p>Am Montag erschien in der S\u00fcddeutschen ein kleines Interview mit mir:<\/p>\n<blockquote class=\"cite\"><p>U-Bahn M\u00fcnchen<br \/>\n<b>Trainspotting auf m\u00fcnchnerisch<\/b><\/p>\n<p>Florian Sch\u00fctz betreibt eine Webseite \u00fcber die M\u00fcnchner U-Bahn. Ein Gespr\u00e4ch \u00fcber das U-Bahnnetz der Stadt und die Faszination von Z\u00fcgen.<br \/>\nInterview: Lisa Sonnabend <\/p><\/blockquote>\n<p><a href=\"http:\/\/www.sueddeutsche.de\/muenchen\/803\/452507\/text\/\" target=\"blank\">\u00bb\u00bb weiterlesen<\/a><\/p>\n<p>Die Verlinkung im Bericht hat mir alleine am Montag knapp 1000 neue Besucher beschert. Danke hierf\u00fcr :) <\/p>\n","protected":false},"excerpt":{"rendered":"<p>Am Montag erschien in der S\u00fcddeutschen ein kleines Interview mit mir: U-Bahn M\u00fcnchen Trainspotting auf m\u00fcnchnerisch Florian Sch\u00fctz betreibt eine Webseite \u00fcber die M\u00fcnchner U-Bahn. Ein Gespr\u00e4ch \u00fcber das U-Bahnnetz der Stadt und die Faszination von Z\u00fcgen. Interview: Lisa Sonnabend \u00bb\u00bb weiterlesen Die Verlinkung im Bericht hat mir alleine am Montag knapp 1000 neue Besucher [&hellip;]<\/p>\n","protected":false},"author":2,"featured_media":0,"comment_status":"open","ping_status":"open","sticky":false,"template":"","format":"standard","meta":{"advanced_seo_description":"","jetpack_seo_html_title":"","jetpack_seo_noindex":false,"jetpack_seo_schema_type":"","_jetpack_newsletter_access":"","_jetpack_dont_email_post_to_subs":false,"_jetpack_newsletter_tier_id":0,"_jetpack_memberships_contains_paywalled_content":false,"_jetpack_feature_clip_id":0,"_jetpack_memberships_contains_paid_content":false,"footnotes":"","jetpack_post_was_ever_published":false},"categories":[1],"tags":[],"class_list":["post-16","post","type-post","status-publish","format-standard","hentry","category-ueber"],"jetpack_shortlink":"https:\/\/wp.me\/p87CPJ-g","jetpack-related-posts":[{"id":574,"url":"https:\/\/www.u-bahn-muenchen.de\/blog\/2020\/07\/neue-weichen-an-der-muenchner-freiheit-unterbrechung-der-u3-u6-bis-18-september\/","url_meta":{"origin":16,"position":0},"title":"Neue Weichen an der M\u00fcnchner Freiheit: Unterbrechung der U3\/U6 bis 18. September","author":"Florian Sch\u00fctz","date":"12. Juli 2020","format":false,"excerpt":"In den kommenden zehn Wochen erneuert die MVG auf der S\u00fcdseite des U-Bahnhofs M\u00fcnchner Freiheit in Schwabing neun Weichen. Die U-Bahnlinien U3 und U6 m\u00fcssen deshalb unterbrochen werden. Der Abschnitt Universit\u00e4t \u2013 Giselastra\u00dfe \u2013 M\u00fcnchner Freiheit ist von Montag, 13. Juli bis einschlie\u00dflich Freitag, 18. September voll gesperrt. [img id=mu-weichenbau-infotafel\u2026","rel":"","context":"In &quot;Betrieb&quot;","block_context":{"text":"Betrieb","link":"https:\/\/www.u-bahn-muenchen.de\/blog\/category\/betrieb\/"},"img":{"alt_text":"","src":"","width":0,"height":0},"classes":[]},{"id":454,"url":"https:\/\/www.u-bahn-muenchen.de\/blog\/2016\/11\/jetzt-auch-auf-instagram\/","url_meta":{"origin":16,"position":1},"title":"Jetzt auch auf Instagram","author":"Florian Sch\u00fctz","date":"17. November 2016","format":false,"excerpt":"Nachdem es diese Website seit \u00fcber 10 Jahren gibt und seit einiger Zeit auch auf Facebook und Twitter aktuelle Infos verf\u00fcgbar sind, gibt es seit 16. November auch eine Pr\u00e4senz auf Instagram: www.instagram.com\/muenchnerubahn Dort wird es eine Auswahl der sch\u00f6nsten Bilder aus der M\u00fcnchner U-Bahn, aktuelle Infos und ab und\u2026","rel":"","context":"In &quot;\u00dcber muenchnerubahn.de&quot;","block_context":{"text":"\u00dcber muenchnerubahn.de","link":"https:\/\/www.u-bahn-muenchen.de\/blog\/category\/ueber\/"},"img":{"alt_text":"","src":"","width":0,"height":0},"classes":[]},{"id":19,"url":"https:\/\/www.u-bahn-muenchen.de\/blog\/2010\/04\/jubilaen\/","url_meta":{"origin":16,"position":2},"title":"Jubil\u00e4en","author":"Florian Sch\u00fctz","date":"21. April 2010","format":false,"excerpt":"[img id=partyzug_zza align=right size=mittel_pano]Wenn's ums Feiern geht, sind ja die meisten Menschen immer gerne dabei, auch wenn sie oft gar nicht wissen, was es eigentlich zu Feiern gibt. Im U-Bahn-Bereich sind Feiern allerdings eher selten, weswegen man hier die Anl\u00e4sse sorgf\u00e4ltig im Kalender stehen haben sollte. U-Bahn-Er\u00f6ffnungen werden nach der\u2026","rel":"","context":"In &quot;Geschichte&quot;","block_context":{"text":"Geschichte","link":"https:\/\/www.u-bahn-muenchen.de\/blog\/category\/geschichte\/"},"img":{"alt_text":"","src":"","width":0,"height":0},"classes":[]},{"id":355,"url":"https:\/\/www.u-bahn-muenchen.de\/blog\/2012\/05\/u-bahnhof-munchner-freiheit-umbau-wird-mit-dem-local-rail-award-ausgezeichnet\/","url_meta":{"origin":16,"position":3},"title":"U-Bahnhof M\u00fcnchner Freiheit: Umbau wird mit dem Local Rail Award ausgezeichnet","author":"Florian Sch\u00fctz","date":"10. Mai 2012","format":false,"excerpt":"Die [bflink id=MU] ist jetzt preisgekr\u00f6nt: F\u00fcr die gelungene Erneuerung der Umsteigehaltestelle an der Oberfl\u00e4che und die Modernisierung der U-Bahnstation hat die M\u00fcnchner Verkehrsgesellschaft (MVG) am 9. Mai in Warschau den \u201eLocal Rail Award\u201c der UITP (Internationaler Verband f\u00fcr \u00f6ffentliches Verkehrswesen) in der Kategorie \u201eStops and stations\u201c erhalten. Gew\u00fcrdigt wird\u2026","rel":"","context":"In &quot;U-Bahnh\u00f6fe&quot;","block_context":{"text":"U-Bahnh\u00f6fe","link":"https:\/\/www.u-bahn-muenchen.de\/blog\/category\/u-bahnhofe\/"},"img":{"alt_text":"","src":"","width":0,"height":0},"classes":[]},{"id":258,"url":"https:\/\/www.u-bahn-muenchen.de\/blog\/2011\/10\/munchen-mags-mobil-150-jahre-mobilitat-fur-munchen-40-jahre-u-bahn\/","url_meta":{"origin":16,"position":4},"title":"M\u00fcnchen mag&#8217;s mobil! 150 Jahre Mobilit\u00e4t f\u00fcr M\u00fcnchen \u2013 40 Jahre U-Bahn.","author":"Florian Sch\u00fctz","date":"23. Oktober 2011","format":false,"excerpt":"Bei strahlendem Sonnenschein und mildem Herbstwetter pr\u00e4sentierte die M\u00fcnchner Verkehrsgesellschaft am Samstag, 22. Oktober Ihren G\u00e4sten ein buntes Festprogramm quer \u00fcber das Stadtgebiet verteilt. [img id=tram_betriebshof align=right]Los ging es kurz vor 10 Uhr mit einem Fahrzeugkorso aus historischen und aktuellen Bussen und Trambahnen von der Theatinerstra\u00dfe bis zum Max-Weber-Platz. Das\u2026","rel":"","context":"In &quot;Betrieb&quot;","block_context":{"text":"Betrieb","link":"https:\/\/www.u-bahn-muenchen.de\/blog\/category\/betrieb\/"},"img":{"alt_text":"","src":"","width":0,"height":0},"classes":[]},{"id":424,"url":"https:\/\/www.u-bahn-muenchen.de\/blog\/2015\/02\/vor-50-jahren-baustart-fuer-die-muenchner-u-bahn\/","url_meta":{"origin":16,"position":5},"title":"Vor 50 Jahren: Baustart f\u00fcr die M\u00fcnchner U-Bahn","author":"Frederik Buchleitner","date":"1. Februar 2015","format":false,"excerpt":"Heute vor 50 Jahren begann in M\u00fcnchen der U-Bahnbau. Ohne den Bau der U-Bahn w\u00e4re M\u00fcnchen heute sicherlich im Verkehrschaos erstickt. \u00dcber 380 Millionen Fahrg\u00e4ste transportieren die acht Linien derzeit j\u00e4hrlich. Vor exakt 50 Jahren erfolgte der Rammsto\u00df am heutigen U-Bahnhof Nordfriedhof. Der damalige Oberb\u00fcrgermeister Hans-Jochen Vogel begleitet das Ereignis\u2026","rel":"","context":"In &quot;Geschichte&quot;","block_context":{"text":"Geschichte","link":"https:\/\/www.u-bahn-muenchen.de\/blog\/category\/geschichte\/"},"img":{"alt_text":"","src":"","width":0,"height":0},"classes":[]}],"jetpack_sharing_enabled":true,"jetpack_featured_media_url":"","_links":{"self":[{"href":"https:\/\/www.u-bahn-muenchen.de\/blog\/wp-json\/wp\/v2\/posts\/16","targetHints":{"allow":["GET"]}}],"collection":[{"href":"https:\/\/www.u-bahn-muenchen.de\/blog\/wp-json\/wp\/v2\/posts"}],"about":[{"href":"https:\/\/www.u-bahn-muenchen.de\/blog\/wp-json\/wp\/v2\/types\/post"}],"author":[{"embeddable":true,"href":"https:\/\/www.u-bahn-muenchen.de\/blog\/wp-json\/wp\/v2\/users\/2"}],"replies":[{"embeddable":true,"href":"https:\/\/www.u-bahn-muenchen.de\/blog\/wp-json\/wp\/v2\/comments?post=16"}],"version-history":[{"count":0,"href":"https:\/\/www.u-bahn-muenchen.de\/blog\/wp-json\/wp\/v2\/posts\/16\/revisions"}],"wp:attachment":[{"href":"https:\/\/www.u-bahn-muenchen.de\/blog\/wp-json\/wp\/v2\/media?parent=16"}],"wp:term":[{"taxonomy":"category","embeddable":true,"href":"https:\/\/www.u-bahn-muenchen.de\/blog\/wp-json\/wp\/v2\/categories?post=16"},{"taxonomy":"post_tag","embeddable":true,"href":"https:\/\/www.u-bahn-muenchen.de\/blog\/wp-json\/wp\/v2\/tags?post=16"}],"curies":[{"name":"wp","href":"https:\/\/api.w.org\/{rel}","templated":true}]}}