{"id":15,"date":"2008-12-22T11:51:25","date_gmt":"2008-12-22T10:51:25","guid":{"rendered":"http:\/\/www.muenchnerubahn.de\/blog\/2008\/12\/presseschau-ii\/"},"modified":"2008-12-22T11:51:25","modified_gmt":"2008-12-22T10:51:25","slug":"presseschau-ii","status":"publish","type":"post","link":"https:\/\/www.u-bahn-muenchen.de\/blog\/2008\/12\/presseschau-ii\/","title":{"rendered":"Presseschau II"},"content":{"rendered":"<p>Und weiter geht&#8217;s mit der Presseschau: Bei <a href=\"http:\/\/www.muenchenblogger.de\/\" target=\"blank\">muenchenblogger.de<\/a> gibt es derzeit drei Exemplare meines Buchs zu gewinnen. Wenn&#8217;s nicht gerade mein Buch zu gewinnen gibt, ver\u00f6ffentlichen die Macher dort t\u00e4glich Aktuelles aus dem Stadtleben der Weltstadt mit Herz. <\/p>\n<p>Der Link direkt zum Gewinnspiel: <a href=\"http:\/\/www.muenchenblogger.de\/kultur\/weihnachtsraetsel-gewinnt-das-buch-zur-seite-muenchnerubahnde\" target=\"_blank\">muenchenblogger.de<\/a><\/p>\n","protected":false},"excerpt":{"rendered":"<p>Und weiter geht&#8217;s mit der Presseschau: Bei muenchenblogger.de gibt es derzeit drei Exemplare meines Buchs zu gewinnen. Wenn&#8217;s nicht gerade mein Buch zu gewinnen gibt, ver\u00f6ffentlichen die Macher dort t\u00e4glich Aktuelles aus dem Stadtleben der Weltstadt mit Herz. Der Link direkt zum Gewinnspiel: muenchenblogger.de<\/p>\n","protected":false},"author":2,"featured_media":0,"comment_status":"open","ping_status":"open","sticky":false,"template":"","format":"standard","meta":{"advanced_seo_description":"","jetpack_seo_html_title":"","jetpack_seo_noindex":false,"jetpack_seo_schema_type":"","_jetpack_newsletter_access":"","_jetpack_dont_email_post_to_subs":false,"_jetpack_newsletter_tier_id":0,"_jetpack_memberships_contains_paywalled_content":false,"_jetpack_feature_clip_id":0,"_jetpack_memberships_contains_paid_content":false,"footnotes":"","jetpack_post_was_ever_published":false},"categories":[1],"tags":[],"class_list":["post-15","post","type-post","status-publish","format-standard","hentry","category-ueber"],"jetpack_shortlink":"https:\/\/wp.me\/p87CPJ-f","jetpack-related-posts":[{"id":14,"url":"https:\/\/www.u-bahn-muenchen.de\/blog\/2008\/12\/presseschau\/","url_meta":{"origin":15,"position":0},"title":"Presseschau","author":"Florian Sch\u00fctz","date":"21. Dezember 2008","format":false,"excerpt":"[img id=muc-abc align=right]In der vergangenen Woche sa\u00df ich im B\u00fcro gerade in einer Besprechung, als ich einen Kollegen dabei beobachtete, wie er den Lokalteil der S\u00fcddeutschen Zeitung vom Dienstag auf meinen Schreibtisch legte. Nach der Besprechung erkannte ich dann auch schnell, weswegen er das getan hatte: auf der jetzt.m\u00fcnchen-Seite stand\u2026","rel":"","context":"In &quot;\u00dcber muenchnerubahn.de&quot;","block_context":{"text":"\u00dcber muenchnerubahn.de","link":"https:\/\/www.u-bahn-muenchen.de\/blog\/category\/ueber\/"},"img":{"alt_text":"","src":"","width":0,"height":0},"classes":[]},{"id":16,"url":"https:\/\/www.u-bahn-muenchen.de\/blog\/2008\/12\/presseschau-iii\/","url_meta":{"origin":15,"position":1},"title":"Presseschau III","author":"Florian Sch\u00fctz","date":"31. Dezember 2008","format":false,"excerpt":"Am Montag erschien in der S\u00fcddeutschen ein kleines Interview mit mir: U-Bahn M\u00fcnchen Trainspotting auf m\u00fcnchnerisch Florian Sch\u00fctz betreibt eine Webseite \u00fcber die M\u00fcnchner U-Bahn. Ein Gespr\u00e4ch \u00fcber das U-Bahnnetz der Stadt und die Faszination von Z\u00fcgen. Interview: Lisa Sonnabend \u00bb\u00bb weiterlesen Die Verlinkung im Bericht hat mir alleine am\u2026","rel":"","context":"In &quot;\u00dcber muenchnerubahn.de&quot;","block_context":{"text":"\u00dcber muenchnerubahn.de","link":"https:\/\/www.u-bahn-muenchen.de\/blog\/category\/ueber\/"},"img":{"alt_text":"","src":"","width":0,"height":0},"classes":[]},{"id":986,"url":"https:\/\/www.u-bahn-muenchen.de\/blog\/2022\/04\/mvg-ruft-um-hilfe-im-fahrplan-2023-drohen-massive-kuerzungen\/","url_meta":{"origin":15,"position":2},"title":"MVG ruft um Hilfe: Im Fahrplan 2023 drohen massive K\u00fcrzungen","author":"Frederik Buchleitner","date":"26. April 2022","format":false,"excerpt":"In diesen Wochen l\u00e4uft wieder die Anh\u00f6rung der Bezirksaussch\u00fcsse f\u00fcr das MVG-Leistungsprogramm, welches die Rahmenbedingungen f\u00fcr den Fahrplan im kommenden Jahr 2023 setzt. Schon im vergangenen Jahr brachte der Fahrplanwechsel keine gr\u00f6\u00dferen Angebotsausweitungen, daf\u00fcr aufgrund der versch\u00e4rften Finanzlage f\u00fcr die MVG einige Taktausd\u00fcnnungen beim Bus. Auch in diesem Jahr beklagen\u2026","rel":"","context":"In &quot;Betrieb&quot;","block_context":{"text":"Betrieb","link":"https:\/\/www.u-bahn-muenchen.de\/blog\/category\/betrieb\/"},"img":{"alt_text":"","src":"","width":0,"height":0},"classes":[]},{"id":387,"url":"https:\/\/www.u-bahn-muenchen.de\/blog\/2014\/02\/projekt-u9-entlastungsspange-fuer-die-innenstadt\/","url_meta":{"origin":15,"position":3},"title":"Projekt U9: Entlastungsspange f\u00fcr die Innenstadt","author":"Florian Sch\u00fctz","date":"11. Februar 2014","format":false,"excerpt":"Bereits seit einigen Jahren wird seitens der MVG eine weitere Innenstadtstrecke zur Entlastung der heutigen Strecken von U1\/U2 und U3\/U6 unter dem Arbeitstitel \"U9\" geplant. Am heutigen 11. Februar stellten die Stadtwerke M\u00fcnchen \/ M\u00fcnchner Verkehrsgesellschaft eine Machbarkeitsstudie vor, die diese \"U9-Spange\" genauer untersucht hat. Die Studie von SWM\/MVG und\u2026","rel":"","context":"In &quot;Betrieb&quot;","block_context":{"text":"Betrieb","link":"https:\/\/www.u-bahn-muenchen.de\/blog\/category\/betrieb\/"},"img":{"alt_text":"","src":"","width":0,"height":0},"classes":[]},{"id":449,"url":"https:\/\/www.u-bahn-muenchen.de\/blog\/2016\/11\/c2-fahrgasteinsatz-bis-grosshadern\/","url_meta":{"origin":15,"position":4},"title":"C2-Fahrgasteinsatz bis Gro\u00dfhadern","author":"Frederik Buchleitner","date":"4. November 2016","format":false,"excerpt":"Mit der Genehmigung f\u00fcr den Fahrgastbetrieb der C2-Z\u00fcge auf der gesamten Strecke der Linie U6 konnte heute ein wichtiger Meilenstein erreicht werden. Die derzeit drei \u00fcblicherweise eingesetzten Z\u00fcge 701, 702 und 713 sind seit dem heutigen Freitagnachmittag im Planbetrieb zwischen Garching-Forschungszentrum und Klinikum Gro\u00dfhadern im Einsatz. Erster Fahrgasteinsatz im Stadtzentrum:\u2026","rel":"","context":"In &quot;Fahrzeuge&quot;","block_context":{"text":"Fahrzeuge","link":"https:\/\/www.u-bahn-muenchen.de\/blog\/category\/fahrzeuge\/"},"img":{"alt_text":"","src":"","width":0,"height":0},"classes":[]},{"id":805,"url":"https:\/\/www.u-bahn-muenchen.de\/blog\/2021\/06\/u5-pasing-bund-sagt-foerdergelder-zu\/","url_meta":{"origin":15,"position":5},"title":"U5 Pasing: Bund sagt F\u00f6rdergelder zu","author":"Florian Sch\u00fctz","date":"29. Juni 2021","format":false,"excerpt":"Die Verl\u00e4ngerung der U5 vom Laimer Platz nach Pasing ist einen Schritt n\u00e4her am Baubeginn: Das Bundesministerium f\u00fcr Verkehr und digitale Infrastruktur hat mit Schreiben vom 28. Juni an Oberb\u00fcrgermeister Dieter Reiter F\u00f6rdermittel des Bundes f\u00fcr die Verl\u00e4ngerung der U-Bahn-Linie U5 vom Laimer Platz bis Pasing zugesagt.\u00a0 [img id=netz-u5 align=right\u2026","rel":"","context":"In &quot;Netz&quot;","block_context":{"text":"Netz","link":"https:\/\/www.u-bahn-muenchen.de\/blog\/category\/netz\/"},"img":{"alt_text":"","src":"","width":0,"height":0},"classes":[]}],"jetpack_sharing_enabled":true,"jetpack_featured_media_url":"","_links":{"self":[{"href":"https:\/\/www.u-bahn-muenchen.de\/blog\/wp-json\/wp\/v2\/posts\/15","targetHints":{"allow":["GET"]}}],"collection":[{"href":"https:\/\/www.u-bahn-muenchen.de\/blog\/wp-json\/wp\/v2\/posts"}],"about":[{"href":"https:\/\/www.u-bahn-muenchen.de\/blog\/wp-json\/wp\/v2\/types\/post"}],"author":[{"embeddable":true,"href":"https:\/\/www.u-bahn-muenchen.de\/blog\/wp-json\/wp\/v2\/users\/2"}],"replies":[{"embeddable":true,"href":"https:\/\/www.u-bahn-muenchen.de\/blog\/wp-json\/wp\/v2\/comments?post=15"}],"version-history":[{"count":0,"href":"https:\/\/www.u-bahn-muenchen.de\/blog\/wp-json\/wp\/v2\/posts\/15\/revisions"}],"wp:attachment":[{"href":"https:\/\/www.u-bahn-muenchen.de\/blog\/wp-json\/wp\/v2\/media?parent=15"}],"wp:term":[{"taxonomy":"category","embeddable":true,"href":"https:\/\/www.u-bahn-muenchen.de\/blog\/wp-json\/wp\/v2\/categories?post=15"},{"taxonomy":"post_tag","embeddable":true,"href":"https:\/\/www.u-bahn-muenchen.de\/blog\/wp-json\/wp\/v2\/tags?post=15"}],"curies":[{"name":"wp","href":"https:\/\/api.w.org\/{rel}","templated":true}]}}