{"id":14,"date":"2008-12-21T12:52:22","date_gmt":"2008-12-21T11:52:22","guid":{"rendered":"http:\/\/www.muenchnerubahn.de\/blog\/2008\/12\/presseschau\/"},"modified":"2008-12-21T12:52:22","modified_gmt":"2008-12-21T11:52:22","slug":"presseschau","status":"publish","type":"post","link":"https:\/\/www.u-bahn-muenchen.de\/blog\/2008\/12\/presseschau\/","title":{"rendered":"Presseschau"},"content":{"rendered":"<p>[img id=muc-abc align=right]In der vergangenen Woche sa\u00df ich im B\u00fcro gerade in einer Besprechung, als ich <a target=\"_blank\" href=\"http:\/\/www.tobi-bauer.de\/\">einen Kollegen<\/a> dabei beobachtete, wie er den Lokalteil der S\u00fcddeutschen Zeitung vom Dienstag auf meinen Schreibtisch legte. <\/p>\n<p>Nach der Besprechung erkannte ich dann auch schnell, weswegen er das getan hatte: auf der jetzt.m\u00fcnchen-Seite stand das M\u00fcnchner Web-ABC. Von Arena bis Zwitschern steht zu jedem Buchstaben eine Internetseite, die etwas mit dem Stadtleben zu tun hat. Unter dem Buchstaben U steht folgendes:<\/p>\n<blockquote class=\"cite\"><p>\nFlorian Sch\u00fctz mag die U-Bahn. Er mag sie so sehr, dass er auf seiner Homepage in der Adresszeile ein kleines U auf blauem Grund zeigt. Das gleiche so genannte Favicon zeigt er auch auf der von ihm betriebenen Site <i>muenchnerubahn.de<\/i>, auf der er sich mit den Besonderheiten im M\u00fcnchner Untergrund befasst.\n<\/p><\/blockquote>\n<p>Das ist nun das zweite Mal, dass meine Website in der S\u00fcddeutschen erw\u00e4hnt wird. Und es wird nicht das letzte Mal bleiben :) <\/p>\n<p>Online gibt es den Artikel <a target=\"_blank\" href=\"http:\/\/www.sueddeutsche.de\/251385\/795\/2681258\/Das-Muenchner-Web-ABC.html\">hier<\/a>.<\/p>\n","protected":false},"excerpt":{"rendered":"<p>[img id=muc-abc align=right]In der vergangenen Woche sa\u00df ich im B\u00fcro gerade in einer Besprechung, als ich einen Kollegen dabei beobachtete, wie er den Lokalteil der S\u00fcddeutschen Zeitung vom Dienstag auf meinen Schreibtisch legte. Nach der Besprechung erkannte ich dann auch schnell, weswegen er das getan hatte: auf der jetzt.m\u00fcnchen-Seite stand das M\u00fcnchner Web-ABC. Von Arena [&hellip;]<\/p>\n","protected":false},"author":2,"featured_media":0,"comment_status":"open","ping_status":"open","sticky":false,"template":"","format":"standard","meta":{"advanced_seo_description":"","jetpack_seo_html_title":"","jetpack_seo_noindex":false,"jetpack_seo_schema_type":"","_jetpack_newsletter_access":"","_jetpack_dont_email_post_to_subs":false,"_jetpack_newsletter_tier_id":0,"_jetpack_memberships_contains_paywalled_content":false,"_jetpack_feature_clip_id":0,"_jetpack_memberships_contains_paid_content":false,"footnotes":"","jetpack_post_was_ever_published":false},"categories":[1],"tags":[],"class_list":["post-14","post","type-post","status-publish","format-standard","hentry","category-ueber"],"jetpack_shortlink":"https:\/\/wp.me\/p87CPJ-e","jetpack-related-posts":[{"id":16,"url":"https:\/\/www.u-bahn-muenchen.de\/blog\/2008\/12\/presseschau-iii\/","url_meta":{"origin":14,"position":0},"title":"Presseschau III","author":"Florian Sch\u00fctz","date":"31. Dezember 2008","format":false,"excerpt":"Am Montag erschien in der S\u00fcddeutschen ein kleines Interview mit mir: U-Bahn M\u00fcnchen Trainspotting auf m\u00fcnchnerisch Florian Sch\u00fctz betreibt eine Webseite \u00fcber die M\u00fcnchner U-Bahn. Ein Gespr\u00e4ch \u00fcber das U-Bahnnetz der Stadt und die Faszination von Z\u00fcgen. Interview: Lisa Sonnabend \u00bb\u00bb weiterlesen Die Verlinkung im Bericht hat mir alleine am\u2026","rel":"","context":"In &quot;\u00dcber muenchnerubahn.de&quot;","block_context":{"text":"\u00dcber muenchnerubahn.de","link":"https:\/\/www.u-bahn-muenchen.de\/blog\/category\/ueber\/"},"img":{"alt_text":"","src":"","width":0,"height":0},"classes":[]},{"id":159,"url":"https:\/\/www.u-bahn-muenchen.de\/blog\/2010\/10\/handyversorgung-ab-samstag-auch-auf-der-u1-zum-oez\/","url_meta":{"origin":14,"position":1},"title":"Handyversorgung ab Samstag auch auf der U1 zum OEZ","author":"Florian Sch\u00fctz","date":"29. Oktober 2010","format":false,"excerpt":"Das Mobilfunknetz in der M\u00fcnchner U-Bahn wird um den Nordabschnitt der U-Bahnlinie U1 zum [bflink id=OE] erweitert. Die vier Netzbetreiber Vodafone, T-Mobile, E-Plus und Telef\u00f3nica O2 Germany nehmen die Sende- und Empfangsanlagen zwischen den U-Bahnstationen [bflink id=SM] und [bflink id=OE] am Samstag, 30. Oktober 2010, in Betrieb. Dieser Streckenabschnitt umfasst\u2026","rel":"","context":"In &quot;Technik&quot;","block_context":{"text":"Technik","link":"https:\/\/www.u-bahn-muenchen.de\/blog\/category\/technik\/"},"img":{"alt_text":"","src":"","width":0,"height":0},"classes":[]},{"id":454,"url":"https:\/\/www.u-bahn-muenchen.de\/blog\/2016\/11\/jetzt-auch-auf-instagram\/","url_meta":{"origin":14,"position":2},"title":"Jetzt auch auf Instagram","author":"Florian Sch\u00fctz","date":"17. November 2016","format":false,"excerpt":"Nachdem es diese Website seit \u00fcber 10 Jahren gibt und seit einiger Zeit auch auf Facebook und Twitter aktuelle Infos verf\u00fcgbar sind, gibt es seit 16. November auch eine Pr\u00e4senz auf Instagram: www.instagram.com\/muenchnerubahn Dort wird es eine Auswahl der sch\u00f6nsten Bilder aus der M\u00fcnchner U-Bahn, aktuelle Infos und ab und\u2026","rel":"","context":"In &quot;\u00dcber muenchnerubahn.de&quot;","block_context":{"text":"\u00dcber muenchnerubahn.de","link":"https:\/\/www.u-bahn-muenchen.de\/blog\/category\/ueber\/"},"img":{"alt_text":"","src":"","width":0,"height":0},"classes":[]},{"id":13,"url":"https:\/\/www.u-bahn-muenchen.de\/blog\/2008\/11\/das-buch-ein-langer-weg\/","url_meta":{"origin":14,"position":3},"title":"Das Buch, ein langer Weg","author":"Florian Sch\u00fctz","date":"7. November 2008","format":false,"excerpt":"[img id=muc-album align=left]Nun ist es drau\u00dfen, mein erstes eigenes Buch. Es enth\u00e4lt den Inhalt der Website, viele neue Bilder, neue Texte und noch mehr. Es ist anders als die Website, da man an ein Buch ganz andere Anspr\u00fcche stellt als an eine Internetseite. Man hat ein festes Seitenlayout, eine fest\u2026","rel":"","context":"In &quot;\u00dcber muenchnerubahn.de&quot;","block_context":{"text":"\u00dcber muenchnerubahn.de","link":"https:\/\/www.u-bahn-muenchen.de\/blog\/category\/ueber\/"},"img":{"alt_text":"","src":"","width":0,"height":0},"classes":[]},{"id":19,"url":"https:\/\/www.u-bahn-muenchen.de\/blog\/2010\/04\/jubilaen\/","url_meta":{"origin":14,"position":4},"title":"Jubil\u00e4en","author":"Florian Sch\u00fctz","date":"21. April 2010","format":false,"excerpt":"[img id=partyzug_zza align=right size=mittel_pano]Wenn's ums Feiern geht, sind ja die meisten Menschen immer gerne dabei, auch wenn sie oft gar nicht wissen, was es eigentlich zu Feiern gibt. Im U-Bahn-Bereich sind Feiern allerdings eher selten, weswegen man hier die Anl\u00e4sse sorgf\u00e4ltig im Kalender stehen haben sollte. U-Bahn-Er\u00f6ffnungen werden nach der\u2026","rel":"","context":"In &quot;Geschichte&quot;","block_context":{"text":"Geschichte","link":"https:\/\/www.u-bahn-muenchen.de\/blog\/category\/geschichte\/"},"img":{"alt_text":"","src":"","width":0,"height":0},"classes":[]},{"id":180,"url":"https:\/\/www.u-bahn-muenchen.de\/blog\/2010\/11\/vertragsunterzeichnung_c2\/","url_meta":{"origin":14,"position":5},"title":"Vertragsunterzeichnung: Bestellung von 21 C2-Z\u00fcgen abgeschlossen","author":"Boris Merath","date":"23. November 2010","format":false,"excerpt":"Am heutigen Tag wurde der Kaufvertrag \u00fcber 21 neue Z\u00fcge f\u00fcr die M\u00fcnchner U-Bahn am Marienplatz unterschrieben, nachdem am vergangenen Sonntag die Widerspruchsfrist gegen die Vergabe an Siemens abgelaufen war. Die neuen Z\u00fcge ersetzen zum Teil alte Fahrzeuge aus den 70er-Jahren, zum Teil sollen sie f\u00fcr Taktverdichtungen genutzt werden (wir\u2026","rel":"","context":"In &quot;Fahrzeuge&quot;","block_context":{"text":"Fahrzeuge","link":"https:\/\/www.u-bahn-muenchen.de\/blog\/category\/fahrzeuge\/"},"img":{"alt_text":"","src":"","width":0,"height":0},"classes":[]}],"jetpack_sharing_enabled":true,"jetpack_featured_media_url":"","_links":{"self":[{"href":"https:\/\/www.u-bahn-muenchen.de\/blog\/wp-json\/wp\/v2\/posts\/14","targetHints":{"allow":["GET"]}}],"collection":[{"href":"https:\/\/www.u-bahn-muenchen.de\/blog\/wp-json\/wp\/v2\/posts"}],"about":[{"href":"https:\/\/www.u-bahn-muenchen.de\/blog\/wp-json\/wp\/v2\/types\/post"}],"author":[{"embeddable":true,"href":"https:\/\/www.u-bahn-muenchen.de\/blog\/wp-json\/wp\/v2\/users\/2"}],"replies":[{"embeddable":true,"href":"https:\/\/www.u-bahn-muenchen.de\/blog\/wp-json\/wp\/v2\/comments?post=14"}],"version-history":[{"count":0,"href":"https:\/\/www.u-bahn-muenchen.de\/blog\/wp-json\/wp\/v2\/posts\/14\/revisions"}],"wp:attachment":[{"href":"https:\/\/www.u-bahn-muenchen.de\/blog\/wp-json\/wp\/v2\/media?parent=14"}],"wp:term":[{"taxonomy":"category","embeddable":true,"href":"https:\/\/www.u-bahn-muenchen.de\/blog\/wp-json\/wp\/v2\/categories?post=14"},{"taxonomy":"post_tag","embeddable":true,"href":"https:\/\/www.u-bahn-muenchen.de\/blog\/wp-json\/wp\/v2\/tags?post=14"}],"curies":[{"name":"wp","href":"https:\/\/api.w.org\/{rel}","templated":true}]}}