{"id":13,"date":"2008-11-07T23:51:41","date_gmt":"2008-11-07T22:51:41","guid":{"rendered":"http:\/\/www.muenchnerubahn.de\/blog\/2008\/11\/das-buch-ein-langer-weg\/"},"modified":"2008-11-08T00:26:24","modified_gmt":"2008-11-07T23:26:24","slug":"das-buch-ein-langer-weg","status":"publish","type":"post","link":"https:\/\/www.u-bahn-muenchen.de\/blog\/2008\/11\/das-buch-ein-langer-weg\/","title":{"rendered":"Das Buch, ein langer Weg"},"content":{"rendered":"<p>[img id=muc-album align=left]Nun ist es drau\u00dfen, mein <a href=\"\/aktuelles\/2008\/11\/muenchen-u-bahn-album\/\">erstes eigenes Buch<\/a>. Es enth\u00e4lt den Inhalt der Website, viele neue Bilder, neue Texte und noch mehr. Es ist anders als die Website, da man an ein Buch ganz andere Anspr\u00fcche stellt als an eine Internetseite. Man hat ein festes Seitenlayout, eine fest Seitenzahl, die sich auch nicht so leicht \u00e4ndern l\u00e4sst. Der Platz f\u00fcr jeden Bahnhof ist vorgegeben, man kann h\u00f6chtens durch die Bildaufteilung noch etwas variieren. Jeder, der schon mal ein l\u00e4ngeres Druckerzeugnis verfasst hat, kennt diese Probleme: f\u00fcge ich da noch einen Satz ein, verschiebt sich der Seitenumbruch auf den Folgeseiten, pl\u00f6tzlich verschwindet irgendwo ein Halbsatz im Nirvana. <\/p>\n<p>[img id=selbstportrait2 align=right size=klein]Zum Gl\u00fcck hat mir Robert Schwandl, mein geduldiger Verleger, den Gro\u00dfteil dieser Aufgabe abgenommen. Er musste mich leider viel zu oft daran erinnern, dass ich eigentlich schon viel weiter sein wollte, eigentlich h\u00e4tte das Buch ja schon l\u00e4ngst erschienen sein sollen. Aber das war alles nicht so ganz einfach. <\/p>\n<p>[img id=selbstportrait align=right size=klein]Ich werde oft gefragt, wie lange ich daran gearbeitet habe. So genau l\u00e4sst sich diese Zeit nicht beziffern, da ich viele Bilder ja schon lange vor dem Buch gemacht habe, auch die Recherchearbeit war zum Teil schon deutlich fr\u00fcher. Richtig begonnen mit der Arbeit am Buch habe ich aber erst Anfang des Jahres. Ein Vollzeit-Job nebenher hat die Sache nat\u00fcrlich auch nicht gerade einfacher gemacht, aber ich habe es geschafft! <\/p>\n<p>[img id=selbstportrait3 align=right size=klein]Als ich heute Mittag die erste Lieferung meines Buches in H\u00e4nden hielt, wusste ich gar nicht so recht, wie ich mich f\u00fchlen sollte. Erleichtert, dass es endlich fertig ist. Gespannt, wie meine Kollegen, die mich danach sofort umringt haben, es finden w\u00fcrden. Und auch ein wenig neugierig, wie es denn nun gedruckt und gebunden wirklich aussieht. <\/p>\n<p>[img id=selbstportrait4 align=right size=klein]Ich habe zwar immer wieder die Arbeit am Buch wochenlang ruhen lassen, aber zeitweise hatte ich harte Tage hinter mir. Morgens vor der Arbeit 2-3 Stunden Arbeit am Buch, dann 8-9 Stunden Arbeit im B\u00fcro und abends nochmal etwas Arbeit am Buch. Dazwischen immer wieder Fototouren, um das letzte Bildmaterial noch zu vervollst\u00e4ndigen. Immerhin sind die j\u00fcngsten Bilder des Buches keine 4 Wochen alt zum Zeitpunkt der Erscheinung. Zwischen dem 11. Mai 2003 und dem 10. Oktober 2008 habe ich zigtausende Bilder in der M\u00fcnchner U-Bahn gemacht, rund 400 sind jetzt in Buchform erschienen. <\/p>\n<p>Ein bisschen litt die Website leider in den vergangenen Monaten unter meinen Anstrengungen f\u00fcrs Buch, online wird es aber ab sofort aber wieder mehr Aktualisierungen und neue Fotos geben. Das Projekt Buch ist abgeschlossen, die M\u00fcnchner U-Bahn ver\u00e4ndert sich aber immer weiter :) <\/p>\n<ol>\n","protected":false},"excerpt":{"rendered":"<p>[img id=muc-album align=left]Nun ist es drau\u00dfen, mein erstes eigenes Buch. Es enth\u00e4lt den Inhalt der Website, viele neue Bilder, neue Texte und noch mehr. Es ist anders als die Website, da man an ein Buch ganz andere Anspr\u00fcche stellt als an eine Internetseite. Man hat ein festes Seitenlayout, eine fest Seitenzahl, die sich auch nicht [&hellip;]<\/p>\n","protected":false},"author":2,"featured_media":0,"comment_status":"open","ping_status":"open","sticky":false,"template":"","format":"standard","meta":{"advanced_seo_description":"","jetpack_seo_html_title":"","jetpack_seo_noindex":false,"jetpack_seo_schema_type":"","_jetpack_newsletter_access":"","_jetpack_dont_email_post_to_subs":false,"_jetpack_newsletter_tier_id":0,"_jetpack_memberships_contains_paywalled_content":false,"_jetpack_feature_clip_id":0,"_jetpack_memberships_contains_paid_content":false,"footnotes":"","jetpack_post_was_ever_published":false},"categories":[1],"tags":[],"class_list":["post-13","post","type-post","status-publish","format-standard","hentry","category-ueber"],"jetpack_shortlink":"https:\/\/wp.me\/p87CPJ-d","jetpack-related-posts":[{"id":725,"url":"https:\/\/www.u-bahn-muenchen.de\/blog\/2021\/03\/50-jahre-u-bahn-fuer-muenchen-historisches\/","url_meta":{"origin":13,"position":0},"title":"50 Jahre U-Bahn f\u00fcr M\u00fcnchen &#8211; Historisches","author":"Florian Sch\u00fctz","date":"1. M\u00e4rz 2021","format":false,"excerpt":"In diesem Jahr feiert die M\u00fcnchner U-Bahn ihren 50. Geburtstag. Am 19. Oktober 1971 wurde auf der Strecke zwischen [bflink id=KG] und [bflink id=GO] der Betrieb der U6 als erster Strecke aufgenommen. Dieses Jubil\u00e4um wird in den kommenden Monaten verschiedentlich sicher noch Erw\u00e4hnung finden. Als Einstimmung hierauf schon mal einige\u2026","rel":"","context":"In &quot;Geschichte&quot;","block_context":{"text":"Geschichte","link":"https:\/\/www.u-bahn-muenchen.de\/blog\/category\/geschichte\/"},"img":{"alt_text":"","src":"","width":0,"height":0},"classes":[]},{"id":10,"url":"https:\/\/www.u-bahn-muenchen.de\/blog\/2007\/03\/nuernberg\/","url_meta":{"origin":13,"position":1},"title":"U-Bahn in N\u00fcrnberg und F\u00fcrth","author":"Florian Sch\u00fctz","date":"31. M\u00e4rz 2007","format":false,"excerpt":"Am vergangenen Donnerstag war ich mit zwei Freunden mal wieder in N\u00fcrnberg. Dieses Mal haben wir uns das ganze Netz mal am St\u00fcck angeschaut. Das schafft man ja bei nur zwei Linien in relativ kurzer Zeit. [img id=nbg_lorenzkirche align=right]Rein optisch ist in N\u00fcrnberg bei den meisten U-Bahnh\u00f6fen nicht viel geboten:\u2026","rel":"","context":"In &quot;Blick in die Ferne&quot;","block_context":{"text":"Blick in die Ferne","link":"https:\/\/www.u-bahn-muenchen.de\/blog\/category\/blick-in-die-ferne\/"},"img":{"alt_text":"","src":"","width":0,"height":0},"classes":[]},{"id":4,"url":"https:\/\/www.u-bahn-muenchen.de\/blog\/2007\/01\/munchens-schonster-u-bahnhof\/","url_meta":{"origin":13,"position":2},"title":"M\u00fcnchens sch\u00f6nster U-Bahnhof?","author":"Florian Sch\u00fctz","date":"15. Januar 2007","format":false,"excerpt":"Ich werde immer wieder gefragt, was ich f\u00fcr M\u00fcnchens sch\u00f6nsten U-Bahnhof halte. Aber ich bin ehrlich gesagt nicht in der Lage, darauf eine definitive Antwort zu geben. M\u00fcnchen hat einfach zu viele sch\u00f6ne U-Bahnh\u00f6fe! Ich versuche mich hier mal in einer kleinen Aufz\u00e4hlung. [img id=gb_5 align=right] Georg-Brauchle-Ring Die Abendzeitung hat\u2026","rel":"","context":"In &quot;U-Bahnh\u00f6fe&quot;","block_context":{"text":"U-Bahnh\u00f6fe","link":"https:\/\/www.u-bahn-muenchen.de\/blog\/category\/u-bahnhofe\/"},"img":{"alt_text":"","src":"","width":0,"height":0},"classes":[]},{"id":215,"url":"https:\/\/www.u-bahn-muenchen.de\/blog\/2010\/12\/die-u3-fahrt-jetzt-nach-moosach\/","url_meta":{"origin":13,"position":3},"title":"Die U3 f\u00e4hrt jetzt nach Moosach","author":"Florian Sch\u00fctz","date":"11. Dezember 2010","format":false,"excerpt":"Seit heute f\u00e4hrt die U3 auch bis zum Moosacher Bahnhof, nachdem Sie bereits 2007 bis zum OEZ verl\u00e4ngert wurde. Damit hat M\u00fcnchen nun 100 U-Bahnh\u00f6fe und erstmals seit 1965 keinen Meter U-Bahnstrecke mehr im Bau. [img id=u3_moosach_gruppenbild align=right]In den Ansprachen zur Er\u00f6ffnung betonten alle Beteiligten den gro\u00dfen Nutzen von U-Bahnstrecken\u2026","rel":"","context":"In &quot;Betrieb&quot;","block_context":{"text":"Betrieb","link":"https:\/\/www.u-bahn-muenchen.de\/blog\/category\/betrieb\/"},"img":{"alt_text":"","src":"","width":0,"height":0},"classes":[]},{"id":285,"url":"https:\/\/www.u-bahn-muenchen.de\/blog\/2011\/12\/anderungen-zum-fahrplanwechsel\/","url_meta":{"origin":13,"position":4},"title":"\u00c4nderungen zum Fahrplanwechsel","author":"Florian Sch\u00fctz","date":"5. Dezember 2011","format":false,"excerpt":"Zum Fahrplanwechsel am 11. Dezember 2011 gibt es dieses Jahr auch bei der U-Bahn einige Neuerungen zu vermelden. Gr\u00f6\u00dfte Neuerung bei der U-Bahn ist wohl die Einf\u00fchrung einer Verst\u00e4rkerlinie U7 zur morgendlichen Hauptverkehrszeit. F\u00fcr den gesamten Nahverkehr noch bedeutsamer ist aber sicher die Er\u00f6ffnung der Tram nach St. Emmeram. Die\u2026","rel":"","context":"In &quot;Betrieb&quot;","block_context":{"text":"Betrieb","link":"https:\/\/www.u-bahn-muenchen.de\/blog\/category\/betrieb\/"},"img":{"alt_text":"","src":"","width":0,"height":0},"classes":[]},{"id":14,"url":"https:\/\/www.u-bahn-muenchen.de\/blog\/2008\/12\/presseschau\/","url_meta":{"origin":13,"position":5},"title":"Presseschau","author":"Florian Sch\u00fctz","date":"21. Dezember 2008","format":false,"excerpt":"[img id=muc-abc align=right]In der vergangenen Woche sa\u00df ich im B\u00fcro gerade in einer Besprechung, als ich einen Kollegen dabei beobachtete, wie er den Lokalteil der S\u00fcddeutschen Zeitung vom Dienstag auf meinen Schreibtisch legte. Nach der Besprechung erkannte ich dann auch schnell, weswegen er das getan hatte: auf der jetzt.m\u00fcnchen-Seite stand\u2026","rel":"","context":"In &quot;\u00dcber muenchnerubahn.de&quot;","block_context":{"text":"\u00dcber muenchnerubahn.de","link":"https:\/\/www.u-bahn-muenchen.de\/blog\/category\/ueber\/"},"img":{"alt_text":"","src":"","width":0,"height":0},"classes":[]}],"jetpack_sharing_enabled":true,"jetpack_featured_media_url":"","_links":{"self":[{"href":"https:\/\/www.u-bahn-muenchen.de\/blog\/wp-json\/wp\/v2\/posts\/13","targetHints":{"allow":["GET"]}}],"collection":[{"href":"https:\/\/www.u-bahn-muenchen.de\/blog\/wp-json\/wp\/v2\/posts"}],"about":[{"href":"https:\/\/www.u-bahn-muenchen.de\/blog\/wp-json\/wp\/v2\/types\/post"}],"author":[{"embeddable":true,"href":"https:\/\/www.u-bahn-muenchen.de\/blog\/wp-json\/wp\/v2\/users\/2"}],"replies":[{"embeddable":true,"href":"https:\/\/www.u-bahn-muenchen.de\/blog\/wp-json\/wp\/v2\/comments?post=13"}],"version-history":[{"count":0,"href":"https:\/\/www.u-bahn-muenchen.de\/blog\/wp-json\/wp\/v2\/posts\/13\/revisions"}],"wp:attachment":[{"href":"https:\/\/www.u-bahn-muenchen.de\/blog\/wp-json\/wp\/v2\/media?parent=13"}],"wp:term":[{"taxonomy":"category","embeddable":true,"href":"https:\/\/www.u-bahn-muenchen.de\/blog\/wp-json\/wp\/v2\/categories?post=13"},{"taxonomy":"post_tag","embeddable":true,"href":"https:\/\/www.u-bahn-muenchen.de\/blog\/wp-json\/wp\/v2\/tags?post=13"}],"curies":[{"name":"wp","href":"https:\/\/api.w.org\/{rel}","templated":true}]}}