{"id":119,"date":"2010-09-23T19:58:07","date_gmt":"2010-09-23T17:58:07","guid":{"rendered":"http:\/\/www.muenchnerubahn.de\/blog\/?p=119"},"modified":"2023-04-19T16:13:38","modified_gmt":"2023-04-19T14:13:38","slug":"taktverdichtungen-im-u-bahnnetz-bis-2020-geplant","status":"publish","type":"post","link":"https:\/\/www.u-bahn-muenchen.de\/blog\/2010\/09\/taktverdichtungen-im-u-bahnnetz-bis-2020-geplant\/","title":{"rendered":"Taktverdichtungen im U-Bahnnetz bis 2020 geplant"},"content":{"rendered":"<p>Wie die M\u00fcnchner Verkehrsgesellschaft in einem Pressegespr\u00e4ch am 23. September bekannt gab, sind im U-Bahn, Tram und Busbereich in den kommenden Jahren zahlreiche Angebotsverdichtungen und -ver\u00e4nderungen geplant.<\/p>\n<p>[img id=a_335_2 align=right]U-Bahn, Tram und Bus stehen bei ihren Fahrg\u00e4sten hoch im Kurs. Die Zufriedenheit der Kunden hat in der Vergangenheit kontinuierlich zugenommen. Die MVG bietet seit mehreren Jahren die am besten bewertete kommunale Dienstleistung in M\u00fcnchen. Und selbst der ADAC k\u00fcrte das M\u00fcnchner Nahverkehrsangebot j\u00fcngst zum europaweiten Testsieger. Gleichzeitig \u00e4u\u00dfert sich die gro\u00dfe Zufriedenheit der M\u00fcnchner mit ihrem kommunalen Verkehrsunternehmen in stetig steigenden Fahrgastzahlen.<\/p>\n<p>Seit 2004 hat das Kundenaufkommen um ca. 13 Prozent zugelegt; das entspricht 58 Millionen zus\u00e4tzlichen Fahrg\u00e4sten in nur sechs Jahren. Inzwischen bef\u00f6rdern Busse und Bahnen der MVG rund 500 Millionen Menschen pro Jahr. Immer mehr steigen vom Auto auf die \u00d6ffentlichen um, und dies besonders auf dem Weg zur Arbeit, also im Berufsverkehr. Vor rund f\u00fcnf Jahren z\u00e4hlte die MVG etwa 32 Prozent Stammkunden (Nutzung an 4 bis 7 Tagen\/Woche); heute sind es bereits 35 Prozent. Die entsprechende Autonutzung (als Fahrer) ging im selben Zeitraum von 37 auf 31 Prozent zur\u00fcck. Nur 5 Prozent der M\u00fcnchner fahren im Verlauf eines Jahres nie mit der MVG (Quelle: MVG-Mobilit\u00e4tserhebung 2009).<\/p>\n<h3>U-Bahn: 2-Minuten-Takt bedingt m\u00f6glich<\/h3>\n<p>Bei der U-Bahn liegt der Schwerpunkt der Angebotsoffensive auf Taktverdichtungen f\u00fcr die Linien U2 und U6. Ab 2014 soll hier \u2013 erstmals in der M\u00fcnchner U-Bahn \u2013 abschnittsweise in der Spitzenzeit morgens ein 2-Minuten-Takt realisiert werden. Bereits ab 2012 ist eine neue Verst\u00e4rkerlinie U7 ([bflink id=WF] \u2013 [bflink id=NZ]) zur Entlastung einzelner Abschnitte von U2 und U5 vorgesehen. Bereits Ende dieses Jahres wird die U3-Verl\u00e4ngerung nach [bflink id=MO] in Betrieb genommen.<\/p>\n<h3>Fahrzeugbedarf: Zus\u00e4tzliche Z\u00fcge f\u00fcr U-Bahn und Tram<\/h3>\n<p>[img id=c_614_4 align=right]F\u00fcr die Angebotsoffensive m\u00fcssen SWM\/MVG weitere neue U-Bahnz\u00fcge beschaffen. Zus\u00e4tzlich zu den bisher als Ersatzbeschaffung vorgesehenen 84 Wagen (= 14 Z\u00fcge vom Typ C2) werden hierf\u00fcr im Jahr 2014 weitere 36 Wagen (+ 1 Reservezug = 7 C2-Z\u00fcge) und 2017 weitere 24 bis 30 Wagen (= 4-5 C2-Z\u00fcge) ben\u00f6tigt. Die f\u00fcr Oktober geplante Festbestellung von urspr\u00fcnglich 14 Z\u00fcgen muss daher um zun\u00e4chst 7 Z\u00fcge aufgestockt werden; die gleichzeitig geplante Option f\u00fcr die weiteren Bestellungen in den Folgejahren wird entsprechend erh\u00f6ht.<\/p>\n<h3>Die Ma\u00dfnahmen im \u00dcberblick<\/h3>\n<h4>Stufe 1 \u2013 Fahrplan 2011 (ab Ende 2010)<\/h4>\n<p>U3: Verl\u00e4ngerung [bflink id=OK] \u2013 [bflink id=MM] \u2013 [bflink id=MO]<\/p>\n<h4>Stufe 2 \u2013 Fahrplan 2012 (ab Ende 2011)<\/h4>\n<p>U7: Neue Verst\u00e4rkerlinie [bflink id=WF] \u2013 [bflink id=HU] \u2013 [bflink id=IR] \u2013 [bflink id=NZ] (Berufsverkehr morgens, Schultage) zur Entlastung der entsprechenden Streckenabschnitte von U1 (wie bisher), U2 und U5<\/p>\n<h4>Stufe 5 \u2013 2014 (Termin abh\u00e4ngig von Fahrzeugverf\u00fcgbarkeit)<\/h4>\n<p>U2: Zus\u00e4tzliche Verst\u00e4rkerz\u00fcge [bflink id=MI] \u2013 [bflink id=HU] \u2013 [bflink id=KO] (Berufsverkehr morgens, Schultage); dadurch 2-Minuten-Abstand Hbf \u2013 Kolumbusplatz und 2\/4\/4-Minuten-Abstand Milbertshofen \u2013 Hbf<br \/>\nU7: Weitere Angebotsverbesserung durch Einsatz von Lang- statt Vollz\u00fcgen<br \/>\nO D E R (Entscheidung Priorit\u00e4t Anfang 2013)<br \/>\nU6: Zus\u00e4tzliche Verst\u00e4rkerz\u00fcge [bflink id=MU] \u2013 [bflink id=MP] \u2013 [bflink id=HS] (Berufsverkehr morgens, Schultage); dadurch 2-Minuten-Abstand [bflink id=MU] \u2013 [bflink id=IP]<\/p>\n<h4>Stufe 7 \u2013 2017\/2018<\/h4>\n<p>U2 oder U6: Zus\u00e4tzliche Verst\u00e4rkerz\u00fcge im Berufsverkehr morgens (vice versa zu Stufe 5, Zeitpunkt abh\u00e4ngig von Fahrzeugverf\u00fcgbarkeit)<br \/>\nU2 und\/oder U6 (optional): Zus\u00e4tzliche Verst\u00e4rkerz\u00fcge (2-Minuten-Takt Kernnetz) auch im Berufsverkehr abends U7 (optional): Betrieb auch im Berufsverkehr abends<\/p>\n<h4>Weitere Ausbaustufen \u2013 Zeitpunkte offen<\/h4>\n<p>U9: City-Bypass [bflink id=IP] \u2013 [bflink id=HU] \u2013 [bflink id=MU] zur Entlastung der Nord-S\u00fcd-Strecken (mit Anpassung U2 und U3\/U6)<\/p>\n<h4>Erg\u00e4nzende Ma\u00dfnahmen<\/h4>\n<p>H\u00f6heres Platzangebot durch neue U-Bahnz\u00fcge (Typ C2): ca. 950 statt bisher 912 (C1) bzw. 870 Pl\u00e4tze (A\/B)<\/p>\n<h3>Quelle:<\/h3>\n<p><a href=\"http:\/\/www.mvg-mobil.de\/presse\/2010-09-23_mvg-pressemeldung.pdf\" target=\"_blank\" rel=\"noopener\">MVG Pressemitteilung vom 23. September 2010: MVG-Angebotsoffensive 2010 \u2013 2020: U-Bahn, Tram und Bus weiter auf Wachstumskurs<\/a><\/p>\n","protected":false},"excerpt":{"rendered":"<p>Wie die M\u00fcnchner Verkehrsgesellschaft in einem Pressegespr\u00e4ch am 23. September bekannt gab, sind im U-Bahn, Tram und Busbereich in den kommenden Jahren zahlreiche Angebotsverdichtungen und -ver\u00e4nderungen geplant. [img id=a_335_2 align=right]U-Bahn, Tram und Bus stehen bei ihren Fahrg\u00e4sten hoch im Kurs. Die Zufriedenheit der Kunden hat in der Vergangenheit kontinuierlich zugenommen. Die MVG bietet seit mehreren [&hellip;]<\/p>\n","protected":false},"author":2,"featured_media":0,"comment_status":"open","ping_status":"open","sticky":false,"template":"","format":"standard","meta":{"advanced_seo_description":"","jetpack_seo_html_title":"","jetpack_seo_noindex":false,"jetpack_seo_schema_type":"","_jetpack_newsletter_access":"","_jetpack_dont_email_post_to_subs":false,"_jetpack_newsletter_tier_id":0,"_jetpack_memberships_contains_paywalled_content":false,"_jetpack_feature_clip_id":0,"_jetpack_memberships_contains_paid_content":false,"footnotes":"","jetpack_post_was_ever_published":false},"categories":[9],"tags":[],"class_list":["post-119","post","type-post","status-publish","format-standard","hentry","category-betrieb"],"jetpack_shortlink":"https:\/\/wp.me\/p87CPJ-1V","jetpack-related-posts":[{"id":69,"url":"https:\/\/www.u-bahn-muenchen.de\/blog\/2010\/05\/oekt-3-millionen-zusaetzliche-fahrten-im-mvg-netz\/","url_meta":{"origin":119,"position":0},"title":"\u00d6KT: 3 Millionen zus\u00e4tzliche Fahrten im MVG-Netz","author":"Florian Sch\u00fctz","date":"16. Mai 2010","format":false,"excerpt":"Nach fu?nf Tagen Rekordeinsatz zum 2. \u00d6kumenischen Kirchentag (\u00d6KT) zieht die Mu?nchner Verkehrsgesellschaft (MVG) eine positive Bilanz: U-Bahn, Bus und Tram haben das hohe Fahrgastaufkommen dank Angebotsverdichtung und Sonderschichten in allen Bereichen nahezu reibungslos bew\u00e4ltigt. Das st\u00e4dtische Verkehrsunternehmen za?hlte von Donnerstag bis Samstag t\u00e4glich eine Dreiviertelmillion Fahrg\u00e4ste zus\u00e4tzlich. Einschlie\u00dflich Mittwochabend\u2026","rel":"","context":"In &quot;Betrieb&quot;","block_context":{"text":"Betrieb","link":"https:\/\/www.u-bahn-muenchen.de\/blog\/category\/betrieb\/"},"img":{"alt_text":"","src":"","width":0,"height":0},"classes":[]},{"id":363,"url":"https:\/\/www.u-bahn-muenchen.de\/blog\/2013\/11\/muenchner-fenster-die-fahrgaeste-sehen-fern\/","url_meta":{"origin":119,"position":1},"title":"M\u00fcnchner Fenster: Die Fahrg\u00e4ste sehen fern","author":"Frederik Buchleitner","date":"21. November 2013","format":false,"excerpt":"Bereits 2010 stellte die MVG die ersten Fahrgastinfo-Monitore in Z\u00fcgen der U-Bahn-Baureihe A vor. Dass bis zum Fahrgasteinsatz drei Jahre vergingen, lag an langwierigen Ausschreibungs- und Genehmigungsverfahren; schlie\u00dflich musste nachgewiesen werden, dass die neue Technik sich nicht auf die bisherige Fahrzeug- und Streckentechnik auswirkt oder sie beeinflusst. Doch ab dem\u2026","rel":"","context":"In &quot;Betrieb&quot;","block_context":{"text":"Betrieb","link":"https:\/\/www.u-bahn-muenchen.de\/blog\/category\/betrieb\/"},"img":{"alt_text":"","src":"","width":0,"height":0},"classes":[]},{"id":986,"url":"https:\/\/www.u-bahn-muenchen.de\/blog\/2022\/04\/mvg-ruft-um-hilfe-im-fahrplan-2023-drohen-massive-kuerzungen\/","url_meta":{"origin":119,"position":2},"title":"MVG ruft um Hilfe: Im Fahrplan 2023 drohen massive K\u00fcrzungen","author":"Frederik Buchleitner","date":"26. April 2022","format":false,"excerpt":"In diesen Wochen l\u00e4uft wieder die Anh\u00f6rung der Bezirksaussch\u00fcsse f\u00fcr das MVG-Leistungsprogramm, welches die Rahmenbedingungen f\u00fcr den Fahrplan im kommenden Jahr 2023 setzt. Schon im vergangenen Jahr brachte der Fahrplanwechsel keine gr\u00f6\u00dferen Angebotsausweitungen, daf\u00fcr aufgrund der versch\u00e4rften Finanzlage f\u00fcr die MVG einige Taktausd\u00fcnnungen beim Bus. Auch in diesem Jahr beklagen\u2026","rel":"","context":"In &quot;Betrieb&quot;","block_context":{"text":"Betrieb","link":"https:\/\/www.u-bahn-muenchen.de\/blog\/category\/betrieb\/"},"img":{"alt_text":"","src":"","width":0,"height":0},"classes":[]},{"id":355,"url":"https:\/\/www.u-bahn-muenchen.de\/blog\/2012\/05\/u-bahnhof-munchner-freiheit-umbau-wird-mit-dem-local-rail-award-ausgezeichnet\/","url_meta":{"origin":119,"position":3},"title":"U-Bahnhof M\u00fcnchner Freiheit: Umbau wird mit dem Local Rail Award ausgezeichnet","author":"Florian Sch\u00fctz","date":"10. Mai 2012","format":false,"excerpt":"Die [bflink id=MU] ist jetzt preisgekr\u00f6nt: F\u00fcr die gelungene Erneuerung der Umsteigehaltestelle an der Oberfl\u00e4che und die Modernisierung der U-Bahnstation hat die M\u00fcnchner Verkehrsgesellschaft (MVG) am 9. Mai in Warschau den \u201eLocal Rail Award\u201c der UITP (Internationaler Verband f\u00fcr \u00f6ffentliches Verkehrswesen) in der Kategorie \u201eStops and stations\u201c erhalten. Gew\u00fcrdigt wird\u2026","rel":"","context":"In &quot;U-Bahnh\u00f6fe&quot;","block_context":{"text":"U-Bahnh\u00f6fe","link":"https:\/\/www.u-bahn-muenchen.de\/blog\/category\/u-bahnhofe\/"},"img":{"alt_text":"","src":"","width":0,"height":0},"classes":[]},{"id":574,"url":"https:\/\/www.u-bahn-muenchen.de\/blog\/2020\/07\/neue-weichen-an-der-muenchner-freiheit-unterbrechung-der-u3-u6-bis-18-september\/","url_meta":{"origin":119,"position":4},"title":"Neue Weichen an der M\u00fcnchner Freiheit: Unterbrechung der U3\/U6 bis 18. September","author":"Florian Sch\u00fctz","date":"12. Juli 2020","format":false,"excerpt":"In den kommenden zehn Wochen erneuert die MVG auf der S\u00fcdseite des U-Bahnhofs M\u00fcnchner Freiheit in Schwabing neun Weichen. Die U-Bahnlinien U3 und U6 m\u00fcssen deshalb unterbrochen werden. Der Abschnitt Universit\u00e4t \u2013 Giselastra\u00dfe \u2013 M\u00fcnchner Freiheit ist von Montag, 13. Juli bis einschlie\u00dflich Freitag, 18. September voll gesperrt. [img id=mu-weichenbau-infotafel\u2026","rel":"","context":"In &quot;Betrieb&quot;","block_context":{"text":"Betrieb","link":"https:\/\/www.u-bahn-muenchen.de\/blog\/category\/betrieb\/"},"img":{"alt_text":"","src":"","width":0,"height":0},"classes":[]},{"id":1127,"url":"https:\/\/www.u-bahn-muenchen.de\/blog\/2026\/04\/geplante-sanierungen-und-investitionen-im-muenchner-u-bahn-netz\/","url_meta":{"origin":119,"position":5},"title":"Geplante Sanierungen und Investitionen im M\u00fcnchner U-Bahn-Netz","author":"Florian Sch\u00fctz","date":"30. April 2026","format":false,"excerpt":"Die M\u00fcnchner U-Bahn wird in den kommenden Jahren an vielen Stellen weiter saniert und modernisiert. Die M\u00fcnchner Verkehrsgesellschaft fassen in einer Antwort auf eine Stadtratsanfrage die anstehenden Baustellen der kommenden Jahren zusammen. Hier ein \u00dcberblick. Betroffen sind Bahnh\u00f6fe, Tunnel, Gleisanlagen, Werkst\u00e4tten und technische Systeme. Ziel ist es, die Leistungsf\u00e4higkeit des\u2026","rel":"","context":"In &quot;Netz&quot;","block_context":{"text":"Netz","link":"https:\/\/www.u-bahn-muenchen.de\/blog\/category\/netz\/"},"img":{"alt_text":"","src":"","width":0,"height":0},"classes":[]}],"jetpack_sharing_enabled":true,"jetpack_featured_media_url":"","_links":{"self":[{"href":"https:\/\/www.u-bahn-muenchen.de\/blog\/wp-json\/wp\/v2\/posts\/119","targetHints":{"allow":["GET"]}}],"collection":[{"href":"https:\/\/www.u-bahn-muenchen.de\/blog\/wp-json\/wp\/v2\/posts"}],"about":[{"href":"https:\/\/www.u-bahn-muenchen.de\/blog\/wp-json\/wp\/v2\/types\/post"}],"author":[{"embeddable":true,"href":"https:\/\/www.u-bahn-muenchen.de\/blog\/wp-json\/wp\/v2\/users\/2"}],"replies":[{"embeddable":true,"href":"https:\/\/www.u-bahn-muenchen.de\/blog\/wp-json\/wp\/v2\/comments?post=119"}],"version-history":[{"count":7,"href":"https:\/\/www.u-bahn-muenchen.de\/blog\/wp-json\/wp\/v2\/posts\/119\/revisions"}],"predecessor-version":[{"id":1092,"href":"https:\/\/www.u-bahn-muenchen.de\/blog\/wp-json\/wp\/v2\/posts\/119\/revisions\/1092"}],"wp:attachment":[{"href":"https:\/\/www.u-bahn-muenchen.de\/blog\/wp-json\/wp\/v2\/media?parent=119"}],"wp:term":[{"taxonomy":"category","embeddable":true,"href":"https:\/\/www.u-bahn-muenchen.de\/blog\/wp-json\/wp\/v2\/categories?post=119"},{"taxonomy":"post_tag","embeddable":true,"href":"https:\/\/www.u-bahn-muenchen.de\/blog\/wp-json\/wp\/v2\/tags?post=119"}],"curies":[{"name":"wp","href":"https:\/\/api.w.org\/{rel}","templated":true}]}}