{"id":1143,"date":"2026-05-17T10:00:00","date_gmt":"2026-05-17T08:00:00","guid":{"rendered":"https:\/\/www.u-bahn-muenchen.de\/blog\/2026\/05\/goetheplatz-poccistrasse-sanierung-2026\/"},"modified":"2026-06-02T16:34:28","modified_gmt":"2026-06-02T14:34:28","slug":"goetheplatz-poccistrasse-sanierung-2026","status":"publish","type":"post","link":"https:\/\/www.u-bahn-muenchen.de\/blog\/2026\/05\/goetheplatz-poccistrasse-sanierung-2026\/","title":{"rendered":"Goetheplatz und Poccistra\u00dfe: Vollsperrung zur Sanierung ab Mai 2026"},"content":{"rendered":"\n<p class=\"wp-block-paragraph\">Ab dem 18. Mai 2026 werden Poccistra\u00dfe und [bflink id=GO] in drei Bauphasen bis August 2027 saniert. Beide Bahnh\u00f6fe geh\u00f6ren zu den \u00e4ltesten im M\u00fcnchner U-Bahn-Netz \u2013 und ihr Zustand macht eine umfassende Ert\u00fcchtigung unumg\u00e4nglich.<\/p>\n\n\n\n<h3 class=\"wp-block-heading\">Hintergrund: Jahrelange Probleme an der Poccistra\u00dfe<\/h3>\n\n\n\n[img id=pc_abstuetzung3 align=right]\n\n\n\n<p class=\"wp-block-paragraph\">F\u00fcr den U-Bahnhof Poccistra\u00dfe ist die Sanierung keine \u00dcberraschung. Wie wir <a href=\"\/blog\/2023\/02\/poccistrasse-ausschreibung-zur-bauwerksstabilisierung\/\">bereits 2023 ausf\u00fchrlich berichtet haben<\/a>, wurden 2015\/16 Spanngliedbr\u00fcche und Absenkungen von bis zu 39 mm an den Deckengew\u00f6lben festgestellt. Seit 2017 stehen provisorische Stahltr\u00e4ger auf dem Bahnsteig, die ein weiteres Absinken verhindern. 2019 kam es zu einem weiteren Spanngliedbruch. Insgesamt m\u00fcssen nun alle 31 Deckengew\u00f6lbe statisch ert\u00fcchtigt werden \u2013 ein Fristablauf, den die Technische Aufsichtsbeh\u00f6rde (TAB) bereits 2016 auf 2026 terminiert hatte.<\/p>\n\n\n\n<p class=\"wp-block-paragraph\">Erschwerend kommt hinzu, dass in den H\u00fclsen der Spannst\u00e4be Spritzasbest (Blauasbest) eingef\u00fcllt wurde \u2013 eine Schadstoffsanierung ist daher Teil der Arbeiten. Der Bahnhof ist au\u00dferdem in der h\u00f6chsten Brandschutzstufe eingestuft und erh\u00e4lt eine maschinelle Entrauchungsanlage mit separatem 9-Meter-Abluftturm sowie bodentiefe Treppeneinhausungen.<\/p>\n\n\n\n[img id=pc_14 align=right]\n\n\n\n<p class=\"wp-block-paragraph\">Die MVG installiert 22 zus\u00e4tzliche Stahlunterst\u00fctzungen und modernisiert die komplette Elektroanlage. Der Bahnsteig wird um rund f\u00fcnf Zentimeter angehoben, um barrierefreies Ein- und Aussteigen zu erm\u00f6glichen. Au\u00dferdem kommen ein taktiles Leitsystem f\u00fcr Sehbehinderte sowie neue Infovitrinen, M\u00fclleimer und Notrufs\u00e4ulen.<\/p>\n\n\n\n<h3 class=\"wp-block-heading\">Goetheplatz: Betonsanierung und neue Verkleidungen<\/h3>\n\n\n\n[img id=go_11 align=right]\n\n\n\n<p class=\"wp-block-paragraph\">Am [bflink id=GO] stehen Betonsanierungen der Bahnsteigebene und eine erh\u00f6hte Betondeckung am Stahlbetontragwerk im Vordergrund \u2013 letztere sch\u00fctzt die Bewehrung vor Hitze und korrosiven Einfl\u00fcssen. Dazu kommt eine neue Deckenverkleidung an den Ausg\u00e4ngen A bis E sowie eine neue energiesparende Beleuchtung auf Bahnsteig und Sperrengeschoss. Wie ein Blick in den Bahnhof bereits zeigt, fehlen urspr\u00fcnglichen Wand- und Deckenverkleidungen schon l\u00e4ngere Zeit.<\/p>\n\n\n\n<h3 class=\"wp-block-heading\">Drei Bauphasen \u2013 mit Pausen zu Oktoberfest und Advent<\/h3>\n\n\n\n<p class=\"wp-block-paragraph\">Die Sanierung gliedert sich in drei Abschnitte, die den Betrieb zwischen Sendlinger Tor und Implerstra\u00dfe jeweils einschr\u00e4nken:<\/p>\n\n\n\n<ul class=\"wp-block-list\">\n<li><strong>Phase 1: 18. Mai \u2013 18. September 2026<\/strong> \u2014 Vollsperrung zwischen Sendlinger Tor und Implerstra\u00dfe; SEV-Buslinien U6 und X6, verst\u00e4rkte Linien 63 und X30<\/li>\n\n\n\n<li><strong>Phase 2: 5. Oktober \u2013 27. November 2026<\/strong> \u2014 Eingleisiger Pendelverkehr Goetheplatz \u2013 Implerstra\u00dfe; Ersatzbuslinien weiterhin aktiv<\/li>\n\n\n\n<li><strong>Phase 3: 12. April \u2013 1. August 2027<\/strong> \u2014 Erneute Vollsperrung wie Phase 1<\/li>\n<\/ul>\n\n\n\n<p class=\"wp-block-paragraph\">Die Baupausen zum Oktoberfest (September\/Oktober 2026) und zur Adventszeit sind bewusst so geplant, dass der normale U-Bahn-Betrieb an diesen Hochlasttagen aufrechterhalten werden kann.<\/p>\n\n\n\n<h3 class=\"wp-block-heading\">Einblick auf die Baustelle<\/h3>\n\n\n\n<p class=\"wp-block-paragraph\">Die MVG bietet \u00f6ffentliche Baustellenf\u00fchrungen an: am 20. August (Goetheplatz), 27. August und 3. September 2026 (jeweils Poccistra\u00dfe), Beginn 17 Uhr, Dauer ca. 60 Minuten. Anmeldung unter <a href=\"mailto:baustellenfuehrungen@swm.de\">baustellenfuehrungen@swm.de<\/a>.<\/p>\n\n\n\n<p class=\"wp-block-paragraph\">Die Sanierungen an Goetheplatz und Poccistra\u00dfe sind Teil eines umfassenderen Investitionsprogramms, \u00fcber das wir <a href=\"\/blog\/2026\/04\/geplante-sanierungen-und-investitionen-im-muenchner-u-bahn-netz\/\">zuletzt im April berichtet haben<\/a>. Dort werden auch die weiteren geplanten Ma\u00dfnahmen an Hauptbahnhof, Odeonsplatz und im U3\/U6-Netz beschrieben.<\/p>\n\n\n\n[imagelist col=4 comment=true]\npc_1,pc_abstuetzung1,pc_abstuetzung2,pc_abstuetzung3,pc_14,pc_noerdlicher_treppenbereich,go_9,go_10,go_11\n[\/imagelist]\n","protected":false},"excerpt":{"rendered":"<p>Ab dem 18. Mai 2026 werden Poccistra\u00dfe und [bflink id=GO] in drei Bauphasen bis August 2027 saniert. Beide Bahnh\u00f6fe geh\u00f6ren zu den \u00e4ltesten im M\u00fcnchner U-Bahn-Netz \u2013 und ihr Zustand macht eine umfassende Ert\u00fcchtigung unumg\u00e4nglich. Hintergrund: Jahrelange Probleme an der Poccistra\u00dfe [img id=pc_abstuetzung3 align=right] F\u00fcr den U-Bahnhof Poccistra\u00dfe ist die Sanierung keine \u00dcberraschung. Wie wir [&hellip;]<\/p>\n","protected":false},"author":2,"featured_media":0,"comment_status":"open","ping_status":"open","sticky":false,"template":"","format":"standard","meta":{"advanced_seo_description":"","jetpack_seo_html_title":"","jetpack_seo_noindex":false,"jetpack_seo_schema_type":"","_jetpack_newsletter_access":"","_jetpack_dont_email_post_to_subs":false,"_jetpack_newsletter_tier_id":0,"_jetpack_memberships_contains_paywalled_content":false,"_jetpack_feature_clip_id":0,"_jetpack_memberships_contains_paid_content":false,"footnotes":"","jetpack_post_was_ever_published":false},"categories":[3,2],"tags":[],"class_list":["post-1143","post","type-post","status-publish","format-standard","hentry","category-storungen-und-bauarbeiten","category-u-bahnhofe"],"jetpack_shortlink":"https:\/\/wp.me\/p87CPJ-ir","jetpack-related-posts":[{"id":1058,"url":"https:\/\/www.u-bahn-muenchen.de\/blog\/2023\/02\/poccistrasse-ausschreibung-zur-bauwerksstabilisierung\/","url_meta":{"origin":1143,"position":0},"title":"Poccistra\u00dfe: Ausschreibung zur Bauwerksstabilisierung","author":"Florian Sch\u00fctz","date":"27. Februar 2023","format":false,"excerpt":"Die Stadtwerke M\u00fcnchen schreiben Ma\u00dfnahmen zur statischen und brandschutztechnischen Ert\u00fcchtigung des U-Bahnhofes [bflink id=PC] aus. In den Details der \u00f6ffentlichen Ausschreibung lassen sich einige interessante Details ablesen, was Gegenwart und Zukunft des U-Bahnhofs betrifft. [img id=pc_1 align=right]Im Rahmen der Planungen zur Entlastungsspange U9, deren Inbetriebnahme aber fr\u00fchestens in den 2040er-Jahren\u2026","rel":"","context":"In &quot;Netz&quot;","block_context":{"text":"Netz","link":"https:\/\/www.u-bahn-muenchen.de\/blog\/category\/netz\/"},"img":{"alt_text":"","src":"","width":0,"height":0},"classes":[]},{"id":467,"url":"https:\/\/www.u-bahn-muenchen.de\/blog\/2016\/12\/u3-u6-behinderungen-poccistrasse\/","url_meta":{"origin":1143,"position":1},"title":"U3\/U6: Behinderungen im Sp\u00e4tverkehr im Bahnhof Poccistra\u00dfe","author":"Florian Sch\u00fctz","date":"8. Dezember 2016","format":false,"excerpt":"Wegen Bauarbeiten durchfahren die Z\u00fcge der Linien U3 und U6 die Station [bflink id=pc] am Montag, 12. Dezember sowie am Dienstag, 13. Dezember, jeweils ab ca. 22 Uhr ohne Halt. Dann k\u00f6nnen Fahrg\u00e4ste dort also weder ein- noch aussteigen. Ersatzweise richtet die MVG einen Schienenersatzverkehr (SEV) mit Bussen ein. Diese\u2026","rel":"","context":"In &quot;St\u00f6rungen und Bauarbeiten&quot;","block_context":{"text":"St\u00f6rungen und Bauarbeiten","link":"https:\/\/www.u-bahn-muenchen.de\/blog\/category\/storungen-und-bauarbeiten\/"},"img":{"alt_text":"","src":"","width":0,"height":0},"classes":[]},{"id":1172,"url":"https:\/\/www.u-bahn-muenchen.de\/blog\/2026\/06\/giselastrasse-generalsanierung-2028\/","url_meta":{"origin":1143,"position":2},"title":"Giselastra\u00dfe: Generalsanierung 2028\u20132030 mit m\u00f6glicher Vollsperrung","author":"Florian Sch\u00fctz","date":"25. Juni 2026","format":false,"excerpt":"Der U-Bahnhof [bflink id=GI] in Schwabing steht vor seiner ersten Generalsanierung. Wie aus einer aktuellen Ausschreibung der Stadtwerke M\u00fcnchen (SWM) hervorgeht, soll der 1971 er\u00f6ffnete Bahnhof zwischen 2028 und 2030 auf allen Ebenen modernisiert werden \u2013 im laufenden Betrieb, m\u00f6glicherweise aber mit einer mehrw\u00f6chigen Vollsperrung im Sommer 2028. Ein Bahnhof\u2026","rel":"","context":"In &quot;St\u00f6rungen und Bauarbeiten&quot;","block_context":{"text":"St\u00f6rungen und Bauarbeiten","link":"https:\/\/www.u-bahn-muenchen.de\/blog\/category\/storungen-und-bauarbeiten\/"},"img":{"alt_text":"","src":"","width":0,"height":0},"classes":[]},{"id":1197,"url":"https:\/\/www.u-bahn-muenchen.de\/blog\/2026\/07\/hauptbahnhof-neue-zugaenge-und-gestaltung-bis-2035-geplant\/","url_meta":{"origin":1143,"position":3},"title":"Hauptbahnhof: Neue Zug\u00e4nge und Gestaltung bis 2035 geplant","author":"Florian Sch\u00fctz","date":"8. Juli 2026","format":false,"excerpt":"Der U-Bahnhof [bflink id=HO] der U4 und U5 unter der Bayerstra\u00dfe steht vor der gr\u00f6\u00dften Umgestaltung seiner Geschichte. Wie aus einer aktuellen Ausschreibung der Stadtwerke M\u00fcnchen (SWM) hervorgeht, soll die 1984 er\u00f6ffnete Station bis 2035 grundlegend erweitert und modernisiert werden \u2013 mit einer komplett neu zug\u00e4nglichen Ebene \u00fcber dem Bahnsteig,\u2026","rel":"","context":"In &quot;St\u00f6rungen und Bauarbeiten&quot;","block_context":{"text":"St\u00f6rungen und Bauarbeiten","link":"https:\/\/www.u-bahn-muenchen.de\/blog\/category\/storungen-und-bauarbeiten\/"},"img":{"alt_text":"","src":"","width":0,"height":0},"classes":[]},{"id":1127,"url":"https:\/\/www.u-bahn-muenchen.de\/blog\/2026\/04\/geplante-sanierungen-und-investitionen-im-muenchner-u-bahn-netz\/","url_meta":{"origin":1143,"position":4},"title":"Geplante Sanierungen und Investitionen im M\u00fcnchner U-Bahn-Netz","author":"Florian Sch\u00fctz","date":"30. April 2026","format":false,"excerpt":"Die M\u00fcnchner U-Bahn wird in den kommenden Jahren an vielen Stellen weiter saniert und modernisiert. Die M\u00fcnchner Verkehrsgesellschaft fassen in einer Antwort auf eine Stadtratsanfrage die anstehenden Baustellen der kommenden Jahren zusammen. Hier ein \u00dcberblick. Betroffen sind Bahnh\u00f6fe, Tunnel, Gleisanlagen, Werkst\u00e4tten und technische Systeme. Ziel ist es, die Leistungsf\u00e4higkeit des\u2026","rel":"","context":"In &quot;Netz&quot;","block_context":{"text":"Netz","link":"https:\/\/www.u-bahn-muenchen.de\/blog\/category\/netz\/"},"img":{"alt_text":"","src":"","width":0,"height":0},"classes":[]},{"id":934,"url":"https:\/\/www.u-bahn-muenchen.de\/blog\/2022\/02\/u5-sued-neues-gestaltungskonzept-vorgestellt\/","url_meta":{"origin":1143,"position":5},"title":"U5-S\u00fcd: Neues Gestaltungskonzept vorgestellt","author":"Florian Sch\u00fctz","date":"16. Februar 2022","format":false,"excerpt":"Nachdem in den letzten Monaten bereits die bisherigen Gestaltungselemente und Hintergleisw\u00e4nde an den U-Bahnh\u00f6fen entlang des S\u00fcdastes der U5 entfernt wurden, wurden nun die k\u00fcnftigen individuellen Gestaltungen vorgestellt. Mit der Sanierung der sogenannten Hintergleisfassaden kommt erstmals ein neues Gestaltungskonzept zum Einsatz, das gemeinsam mit dem Architekturb\u00fcro allmannwappner entwickelt wurde und\u2026","rel":"","context":"In &quot;U-Bahnh\u00f6fe&quot;","block_context":{"text":"U-Bahnh\u00f6fe","link":"https:\/\/www.u-bahn-muenchen.de\/blog\/category\/u-bahnhofe\/"},"img":{"alt_text":"","src":"","width":0,"height":0},"classes":[]}],"jetpack_sharing_enabled":true,"jetpack_featured_media_url":"","_links":{"self":[{"href":"https:\/\/www.u-bahn-muenchen.de\/blog\/wp-json\/wp\/v2\/posts\/1143","targetHints":{"allow":["GET"]}}],"collection":[{"href":"https:\/\/www.u-bahn-muenchen.de\/blog\/wp-json\/wp\/v2\/posts"}],"about":[{"href":"https:\/\/www.u-bahn-muenchen.de\/blog\/wp-json\/wp\/v2\/types\/post"}],"author":[{"embeddable":true,"href":"https:\/\/www.u-bahn-muenchen.de\/blog\/wp-json\/wp\/v2\/users\/2"}],"replies":[{"embeddable":true,"href":"https:\/\/www.u-bahn-muenchen.de\/blog\/wp-json\/wp\/v2\/comments?post=1143"}],"version-history":[{"count":3,"href":"https:\/\/www.u-bahn-muenchen.de\/blog\/wp-json\/wp\/v2\/posts\/1143\/revisions"}],"predecessor-version":[{"id":1190,"href":"https:\/\/www.u-bahn-muenchen.de\/blog\/wp-json\/wp\/v2\/posts\/1143\/revisions\/1190"}],"wp:attachment":[{"href":"https:\/\/www.u-bahn-muenchen.de\/blog\/wp-json\/wp\/v2\/media?parent=1143"}],"wp:term":[{"taxonomy":"category","embeddable":true,"href":"https:\/\/www.u-bahn-muenchen.de\/blog\/wp-json\/wp\/v2\/categories?post=1143"},{"taxonomy":"post_tag","embeddable":true,"href":"https:\/\/www.u-bahn-muenchen.de\/blog\/wp-json\/wp\/v2\/tags?post=1143"}],"curies":[{"name":"wp","href":"https:\/\/api.w.org\/{rel}","templated":true}]}}