{"id":1127,"date":"2026-04-30T12:41:13","date_gmt":"2026-04-30T10:41:13","guid":{"rendered":"https:\/\/www.u-bahn-muenchen.de\/blog\/?p=1127"},"modified":"2026-06-01T16:05:12","modified_gmt":"2026-06-01T14:05:12","slug":"geplante-sanierungen-und-investitionen-im-muenchner-u-bahn-netz","status":"publish","type":"post","link":"https:\/\/www.u-bahn-muenchen.de\/blog\/2026\/04\/geplante-sanierungen-und-investitionen-im-muenchner-u-bahn-netz\/","title":{"rendered":"Geplante Sanierungen und Investitionen im M\u00fcnchner U-Bahn-Netz"},"content":{"rendered":"\n<p class=\"wp-block-paragraph\">Die M\u00fcnchner U-Bahn wird in den kommenden Jahren an vielen Stellen weiter saniert und modernisiert. Die M\u00fcnchner Verkehrsgesellschaft fassen in einer <a href=\"https:\/\/ru.muenchen.de\/2026\/73\/Sanierung-der-Muenchner-U-Bahn-123893\">Antwort auf eine Stadtratsanfrage<\/a> die anstehenden Baustellen der kommenden Jahren zusammen. Hier ein \u00dcberblick.<\/p>\n\n\n\n<p class=\"wp-block-paragraph\">Betroffen sind Bahnh\u00f6fe, Tunnel, Gleisanlagen, Werkst\u00e4tten und technische Systeme. Ziel ist es, die Leistungsf\u00e4higkeit des Netzes langfristig zu sichern und den Betrieb an steigende Anforderungen anzupassen.<\/p>\n\n\n\n<p class=\"wp-block-paragraph\">Die Planungen werden dabei in den kommenden Jahren stetig fortgeschrieben und an den technischen Zustand der Anlagen und die angespannte finanzielle Lage angepasst. Viele Ma\u00dfnahmen sind deshalb eng aufeinander abgestimmt und werden schrittweise umgesetzt.<\/p>\n\n\n\n<h3 class=\"wp-block-heading\" id=\"hauptbahnhof-im-fokus\">Hauptbahnhof im Fokus<\/h3>\n\n\n\n\n\n[img id=ho_9 align=right]\n\n\n<p class=\"wp-block-paragraph\">Am Hauptbahnhof stehen mehrere gr\u00f6\u00dfere Ma\u00dfnahmen an, die im Zusammenhang mit der 2. S-Bahn-Stammstrecke und den bestehenden U-Bahn-Anlagen notwendig werden. Geplant sind unter anderem Verbindungen zwischen den Bahnsteigebenen der 2. S-Bahn-Stammstrecke und dem bestehenden U1\/U2-Bauwerk sowie der Umbau betrieblicher Fl\u00e4chen im Bestand. Zus\u00e4tzlich sollen vier neue Fahrtreppen ins Sperrengeschoss eingebaut werden, was weitere bauliche Ert\u00fcchtigungen auf der Bahnsteigebene erfordert.<\/p>\n\n\n\n<p class=\"wp-block-paragraph\">Auch die U4\/U5-Station Hauptbahnhof wird umfassend modernisiert. Vorgesehen sind unter anderem neue Aufz\u00fcge und Rolltreppen, um die Barrierefreiheit zu verbessern und die Kapazit\u00e4t der Station zu erh\u00f6hen. Erg\u00e4nzt werden die Arbeiten durch Ma\u00dfnahmen zur Sicherheit, etwa durch bauliche Einhausungen, Rauchsch\u00fcrzen, erweiterte Rettungswege sowie Entrauchungs- und L\u00f6schanlagen.<\/p>\n\n\n\n<h3 class=\"wp-block-heading\" id=\"u3-und-u6-werden-grunderneuert\">U3 und U6 werden grunderneuert<\/h3>\n\n\n\n\n\n[img id=8933_skl_implerstrasse align=right]\n\n\n<p class=\"wp-block-paragraph\">Ein weiterer Schwerpunkt liegt auf der Grunderneuerung der U3 und U6. Das Projekt umfasst insgesamt 40 Ma\u00dfnahmen und wurde in zwei Bauphasen umgesetzt beziehungsweise vorbereitet. Bereits abgeschlossen sind die gro\u00dfen Sperrungen zwischen Bruderm\u00fchlstra\u00dfe und Implerstra\u00dfe sowie zwischen Klinikum Gro\u00dfhadern und Implerstra\u00dfe.<\/p>\n\n\n\n<p class=\"wp-block-paragraph\">Zu den wichtigsten Arbeiten z\u00e4hlen der Austausch mehrerer Weichen, die Erneuerung von Stromschienen und Sanierungen an den Hintergleisfassaden. Damit werden Sicherheit, Zuverl\u00e4ssigkeit und Verf\u00fcgbarkeit der Infrastruktur verbessert. W\u00e4hrend der Bauzeit sorgt ein umfangreicher Schienenersatzverkehr daf\u00fcr, dass die Mobilit\u00e4t der Fahrg\u00e4ste m\u00f6glichst gut erhalten bleibt.<\/p>\n\n\n\n<h3 class=\"wp-block-heading\" id=\"odeonsplatz-und-weitere-bahnhfe\">Odeonsplatz und weitere Bahnh\u00f6fe<\/h3>\n\n\n\n\n\n[img id=od_2 align=right]\n\n\n<p class=\"wp-block-paragraph\">Auch der U-Bahnhof Odeonsplatz soll umfassend optimiert werden. Ziel ist es, die Leistungsf\u00e4higkeit, Aufenthaltsqualit\u00e4t und das Sicherheitsempfinden der Fahrg\u00e4ste zu verbessern. Dazu geh\u00f6ren eine architektonische Neuordnung der \u00f6ffentlichen Bereiche, eine modernisierte Gestaltung sowie eine bessere Licht- und Farbf\u00fchrung.<\/p>\n\n\n\n<p class=\"wp-block-paragraph\">Ein zentrales Thema ist die Entlastung des Umstiegs. Vor allem in den Hauptverkehrszeiten kommt es im Verbindungstunnel zwischen U3\/U6 und U4\/U5 regelm\u00e4\u00dfig zu R\u00fcckstaus. Deshalb ist eine Erweiterung des Zwischengeschosses mit einer zus\u00e4tzlichen Verbindung der Bahnsteige vorgesehen, um die Wege zu verbreitern, die Kapazit\u00e4t zu erh\u00f6hen und das Sicherheitsrisiko zu verringern. Die Generalsanierung der technischen Anlagen soll m\u00f6glichst im laufenden Betrieb oder in Betriebsruhen erfolgen.<\/p>\n\n\n\n<h3 class=\"wp-block-heading\" id=\"standsicherheit-und-brandschutz\">Standsicherheit und Brandschutz<\/h3>\n\n\n\n<p class=\"wp-block-paragraph\">Neben den gro\u00dfen Bahnh\u00f6fen stehen auch technische Sanierungen an der Bauwerksstruktur im Mittelpunkt. Dazu geh\u00f6ren die geplanten Schlitzwanddeckelsanierungen an mehreren U-Bahn-Bauwerken. Sie dienen dazu, die langfristige Standsicherheit zu sichern, Fugen dauerhaft abzudichten und Korrosionssch\u00e4den an tragenden Bauteilen zu verhindern.<\/p>\n\n\n\n\n\n[img id=sh_5 align=right]\n\n\n<p class=\"wp-block-paragraph\">Betroffen sind unter anderem Strecken- und Stationsbereiche wie Schwanthalerh\u00f6he, Heimeranplatz, Max-Weber-Platz, Stiglmaierplatz und Karlsplatz\/Stachus. Weitere Ma\u00dfnahmen sind in den n\u00e4chsten Jahren vorgesehen. Parallel dazu werden Brandschutzma\u00dfnahmen im gesamten U-Bahn-Netz umgesetzt, die aufgrund aktueller gesetzlicher Vorgaben erforderlich sind und bis 2035 abgeschlossen werden sollen.<\/p>\n\n\n\n<h3 class=\"wp-block-heading\" id=\"technische-basis-frttmaning\">Technische Basis Fr\u00f6ttmaning<\/h3>\n\n\n\n\n\n[img id=ft_bn align=right]\n\n\n<p class=\"wp-block-paragraph\">Auch die Technische Basis Fr\u00f6ttmaning wird weiter modernisiert. Dort geht es um Geb\u00e4ude, Werkstattbereiche und betriebliche Infrastruktur. Erneuert werden unter anderem Werkstattausr\u00fcstung, bauliche Anlagen sowie neue Einrichtungen f\u00fcr die Au\u00dfenreinigung und Teilew\u00e4sche von U-Bahnz\u00fcgen.<\/p>\n\n\n\n<p class=\"wp-block-paragraph\">Zus\u00e4tzlich werden Arbeitsst\u00e4nde und Werkstattfl\u00e4chen ert\u00fcchtigt, darunter auch Bereiche f\u00fcr die Wartung der C-Wagen. Mit diesen Ma\u00dfnahmen soll die technische Basis leistungsf\u00e4higer und langfristig zuverl\u00e4ssig f\u00fcr den Betrieb der M\u00fcnchner U-Bahn aufgestellt werden.<\/p>\n\n\n\n<h3 class=\"wp-block-heading\" id=\"neue-zugsicherung-fr-mehr-kapazitt\">Neue Zugsicherung f\u00fcr mehr Kapazit\u00e4t<\/h3>\n\n\n\n\n<p class=\"wp-block-paragraph\">Mit dem neuen Zugsicherungssystem CBTC wird k\u00fcnftig das bisherige System der Linienzugbeeinflussung ersetzt. Die bisherige Technik ist vom Hersteller abgek\u00fcndigt und muss mittelfristig ausgetauscht werden. Gleichzeitig schafft CBTC die Grundlage f\u00fcr eine h\u00f6here Leistungsf\u00e4higkeit im Netz.<\/p>\n\n\n\n<p class=\"wp-block-paragraph\">Perspektivisch soll damit auch ein Zwei-Minuten-Takt auf den Stammstrecken gew\u00e4hrleistet werden. Angesichts des wachsenden Fahrgastaufkommens gilt das als wichtige Voraussetzung f\u00fcr den k\u00fcnftigen Kapazit\u00e4tsausbau. Das Projekt ist damit ein zentraler Baustein f\u00fcr die Weiterentwicklung der M\u00fcnchner U-Bahn.<\/p>\n\n\n\n<h3 class=\"wp-block-heading\" id=\"finanzierung-bleibt-herausforderung\">Finanzierung bleibt Herausforderung<\/h3>\n\n\n\n<p class=\"wp-block-paragraph\">Die geplanten Sanierungen und Erweiterungen sind mit erheblichen Kosten verbunden. Die Investitions- und Instandhaltungsprogramme der Stadtwerke M\u00fcnchen werden deshalb laufend \u00fcberpr\u00fcft und an die finanzielle Gesamtlage angepasst. Eine Beschleunigung einzelner Vorhaben ist unter den aktuellen Rahmenbedingungen nur begrenzt m\u00f6glich.<\/p>\n\n\n\n<p class=\"wp-block-paragraph\">Gleichzeitig ist klar: Ohne zus\u00e4tzliche Mittel von Bund und Freistaat lassen sich die verkehrs- und klimapolitischen Ziele im \u00d6PNV langfristig kaum erreichen. Die Finanzierung des Ausbaus und der Modernisierung des Netzes bleibt daher eine zentrale Aufgabe f\u00fcr die kommenden Jahre.<\/p>\n\n\n\n<h3 class=\"wp-block-heading\" id=\"ausblick\">Ausblick<\/h3>\n\n\n\n<p class=\"wp-block-paragraph\">Die M\u00fcnchner U-Bahn steht vor einer der gr\u00f6\u00dften Modernisierungsphasen ihrer Geschichte. Viele Projekte greifen ineinander und betreffen sowohl die Bausubstanz als auch die Technik und den laufenden Betrieb. Das Ziel bleibt gleich: ein sicheres, leistungsf\u00e4higes und zukunftsfestes U-Bahn-Netz f\u00fcr M\u00fcnchen.<\/p>\n\n\n\n<p class=\"wp-block-paragraph\"><\/p>\n","protected":false},"excerpt":{"rendered":"<p>Die M\u00fcnchner U-Bahn wird in den kommenden Jahren an vielen Stellen weiter saniert und modernisiert. Die M\u00fcnchner Verkehrsgesellschaft fassen in einer Antwort auf eine Stadtratsanfrage die anstehenden Baustellen der kommenden Jahren zusammen. Hier ein \u00dcberblick. Betroffen sind Bahnh\u00f6fe, Tunnel, Gleisanlagen, Werkst\u00e4tten und technische Systeme. Ziel ist es, die Leistungsf\u00e4higkeit des Netzes langfristig zu sichern und [&hellip;]<\/p>\n","protected":false},"author":2,"featured_media":0,"comment_status":"open","ping_status":"open","sticky":false,"template":"","format":"standard","meta":{"advanced_seo_description":"","jetpack_seo_html_title":"","jetpack_seo_noindex":false,"jetpack_seo_schema_type":"","_jetpack_newsletter_access":"","_jetpack_dont_email_post_to_subs":false,"_jetpack_newsletter_tier_id":0,"_jetpack_memberships_contains_paywalled_content":false,"_jetpack_feature_clip_id":0,"_jetpack_memberships_contains_paid_content":false,"footnotes":"","jetpack_post_was_ever_published":false},"categories":[18,3,2],"tags":[28],"class_list":["post-1127","post","type-post","status-publish","format-standard","hentry","category-netz","category-storungen-und-bauarbeiten","category-u-bahnhofe","tag-baustelle"],"jetpack_shortlink":"https:\/\/wp.me\/p87CPJ-ib","jetpack-related-posts":[{"id":501,"url":"https:\/\/www.u-bahn-muenchen.de\/blog\/2017\/04\/u3-baustelle-endete-genereller-sanierungsbedarf-steigt\/","url_meta":{"origin":1127,"position":0},"title":"U3-Baustelle endet &#8211; genereller Sanierungsbedarf steigt","author":"Florian Sch\u00fctz","date":"14. April 2017","format":false,"excerpt":"\u00dcber Ostern wird die Gleiserneuerung auf der seit Ende Oktober gesperrten U3 zwischen Scheidplatz und M\u00fcnchner Freiheit abgeschlossen. Ab Dienstag, 18. April wird die U3 damit wieder auf ihrem angestammten Linienweg zwischen [bflink id=MO] und [bflink id=FW] verkehren. Allerdings werden gr\u00f6\u00dfere Bauma\u00dfnahmen in den kommenden Jahren h\u00e4ufiger werden. [img id=u3_bp_2017\u2026","rel":"","context":"In &quot;Netz&quot;","block_context":{"text":"Netz","link":"https:\/\/www.u-bahn-muenchen.de\/blog\/category\/netz\/"},"img":{"alt_text":"","src":"","width":0,"height":0},"classes":[]},{"id":704,"url":"https:\/\/www.u-bahn-muenchen.de\/blog\/2021\/05\/startschuss-fuer-parkdeck-am-geplanten-u-bahnhof-martinsried\/","url_meta":{"origin":1127,"position":1},"title":"Startschuss f\u00fcr Parkdeck am geplanten U-Bahnhof Martinsried","author":"Florian Sch\u00fctz","date":"21. Mai 2021","format":false,"excerpt":"Der Bau des Parkdecks am Life-Science-Campus der Ludwig-Maximilians-Universit\u00e4t in Martinsried als Vorma\u00dfnahme der lange geplanten U-Bahn-Verl\u00e4ngerung der Linie U6 hat begonnen. Zum Fahrplanwechsel 2025\/2026 wird die Er\u00f6ffnung der gut einen Kilometer langen Erweiterung vom [bflink id=KL] zum neuen U-Bahnhof [bflink id=MD] derzeit erwartet. Lageplan des U-Bahnhof (unten) sowie des Parkdecks\u2026","rel":"","context":"In &quot;Netz&quot;","block_context":{"text":"Netz","link":"https:\/\/www.u-bahn-muenchen.de\/blog\/category\/netz\/"},"img":{"alt_text":"","src":"\/blog\/wp-content\/uploads\/2021\/05\/image-300x226.png","width":350,"height":200},"classes":[]},{"id":574,"url":"https:\/\/www.u-bahn-muenchen.de\/blog\/2020\/07\/neue-weichen-an-der-muenchner-freiheit-unterbrechung-der-u3-u6-bis-18-september\/","url_meta":{"origin":1127,"position":2},"title":"Neue Weichen an der M\u00fcnchner Freiheit: Unterbrechung der U3\/U6 bis 18. September","author":"Florian Sch\u00fctz","date":"12. Juli 2020","format":false,"excerpt":"In den kommenden zehn Wochen erneuert die MVG auf der S\u00fcdseite des U-Bahnhofs M\u00fcnchner Freiheit in Schwabing neun Weichen. Die U-Bahnlinien U3 und U6 m\u00fcssen deshalb unterbrochen werden. Der Abschnitt Universit\u00e4t \u2013 Giselastra\u00dfe \u2013 M\u00fcnchner Freiheit ist von Montag, 13. Juli bis einschlie\u00dflich Freitag, 18. September voll gesperrt. [img id=mu-weichenbau-infotafel\u2026","rel":"","context":"In &quot;Betrieb&quot;","block_context":{"text":"Betrieb","link":"https:\/\/www.u-bahn-muenchen.de\/blog\/category\/betrieb\/"},"img":{"alt_text":"","src":"","width":0,"height":0},"classes":[]},{"id":159,"url":"https:\/\/www.u-bahn-muenchen.de\/blog\/2010\/10\/handyversorgung-ab-samstag-auch-auf-der-u1-zum-oez\/","url_meta":{"origin":1127,"position":3},"title":"Handyversorgung ab Samstag auch auf der U1 zum OEZ","author":"Florian Sch\u00fctz","date":"29. Oktober 2010","format":false,"excerpt":"Das Mobilfunknetz in der M\u00fcnchner U-Bahn wird um den Nordabschnitt der U-Bahnlinie U1 zum [bflink id=OE] erweitert. Die vier Netzbetreiber Vodafone, T-Mobile, E-Plus und Telef\u00f3nica O2 Germany nehmen die Sende- und Empfangsanlagen zwischen den U-Bahnstationen [bflink id=SM] und [bflink id=OE] am Samstag, 30. Oktober 2010, in Betrieb. Dieser Streckenabschnitt umfasst\u2026","rel":"","context":"In &quot;Technik&quot;","block_context":{"text":"Technik","link":"https:\/\/www.u-bahn-muenchen.de\/blog\/category\/technik\/"},"img":{"alt_text":"","src":"","width":0,"height":0},"classes":[]},{"id":19,"url":"https:\/\/www.u-bahn-muenchen.de\/blog\/2010\/04\/jubilaen\/","url_meta":{"origin":1127,"position":4},"title":"Jubil\u00e4en","author":"Florian Sch\u00fctz","date":"21. April 2010","format":false,"excerpt":"[img id=partyzug_zza align=right size=mittel_pano]Wenn's ums Feiern geht, sind ja die meisten Menschen immer gerne dabei, auch wenn sie oft gar nicht wissen, was es eigentlich zu Feiern gibt. Im U-Bahn-Bereich sind Feiern allerdings eher selten, weswegen man hier die Anl\u00e4sse sorgf\u00e4ltig im Kalender stehen haben sollte. U-Bahn-Er\u00f6ffnungen werden nach der\u2026","rel":"","context":"In &quot;Geschichte&quot;","block_context":{"text":"Geschichte","link":"https:\/\/www.u-bahn-muenchen.de\/blog\/category\/geschichte\/"},"img":{"alt_text":"","src":"","width":0,"height":0},"classes":[]},{"id":876,"url":"https:\/\/www.u-bahn-muenchen.de\/blog\/2021\/10\/50-jahre-u-bahn-muenchen-pressekonferenz-der-mvg\/","url_meta":{"origin":1127,"position":5},"title":"50 Jahre U-Bahn M\u00fcnchen: Pressekonferenz der MVG","author":"Florian Sch\u00fctz","date":"19. Oktober 2021","format":false,"excerpt":"[img id=50-jahre-u-bahn-a-wagen align=right]Heute vor 50 Jahren, am 19. Oktober 1971 wurde der erste Abschnitt der M\u00fcnchner U-Bahn in Betrieb genommen: Die erste Strecke vom Kieferngarten bis zum Goetheplatz war zw\u00f6lf Kilometer lang und umfasste 13 Bahnh\u00f6fe. Heute \u2013 50 Jahre sp\u00e4ter \u2013 ist die U-Bahn das R\u00fcckgrat des \u00f6ffentlichen Nahverkehrs\u2026","rel":"","context":"In &quot;Geschichte&quot;","block_context":{"text":"Geschichte","link":"https:\/\/www.u-bahn-muenchen.de\/blog\/category\/geschichte\/"},"img":{"alt_text":"","src":"","width":0,"height":0},"classes":[]}],"jetpack_sharing_enabled":true,"jetpack_featured_media_url":"","_links":{"self":[{"href":"https:\/\/www.u-bahn-muenchen.de\/blog\/wp-json\/wp\/v2\/posts\/1127","targetHints":{"allow":["GET"]}}],"collection":[{"href":"https:\/\/www.u-bahn-muenchen.de\/blog\/wp-json\/wp\/v2\/posts"}],"about":[{"href":"https:\/\/www.u-bahn-muenchen.de\/blog\/wp-json\/wp\/v2\/types\/post"}],"author":[{"embeddable":true,"href":"https:\/\/www.u-bahn-muenchen.de\/blog\/wp-json\/wp\/v2\/users\/2"}],"replies":[{"embeddable":true,"href":"https:\/\/www.u-bahn-muenchen.de\/blog\/wp-json\/wp\/v2\/comments?post=1127"}],"version-history":[{"count":4,"href":"https:\/\/www.u-bahn-muenchen.de\/blog\/wp-json\/wp\/v2\/posts\/1127\/revisions"}],"predecessor-version":[{"id":1131,"href":"https:\/\/www.u-bahn-muenchen.de\/blog\/wp-json\/wp\/v2\/posts\/1127\/revisions\/1131"}],"wp:attachment":[{"href":"https:\/\/www.u-bahn-muenchen.de\/blog\/wp-json\/wp\/v2\/media?parent=1127"}],"wp:term":[{"taxonomy":"category","embeddable":true,"href":"https:\/\/www.u-bahn-muenchen.de\/blog\/wp-json\/wp\/v2\/categories?post=1127"},{"taxonomy":"post_tag","embeddable":true,"href":"https:\/\/www.u-bahn-muenchen.de\/blog\/wp-json\/wp\/v2\/tags?post=1127"}],"curies":[{"name":"wp","href":"https:\/\/api.w.org\/{rel}","templated":true}]}}