{"id":11,"date":"2007-11-18T14:12:36","date_gmt":"2007-11-18T13:12:36","guid":{"rendered":"http:\/\/www.muenchnerubahn.de\/blog\/2007\/11\/wie-man-es-schafft-in-der-u-bahn-hemmungslos-angegafft-zu-werden\/"},"modified":"2026-05-30T10:45:32","modified_gmt":"2026-05-30T08:45:32","slug":"wie-man-es-schafft-in-der-u-bahn-hemmungslos-angegafft-zu-werden","status":"publish","type":"post","link":"https:\/\/www.u-bahn-muenchen.de\/blog\/2007\/11\/wie-man-es-schafft-in-der-u-bahn-hemmungslos-angegafft-zu-werden\/","title":{"rendered":"Wie man es schafft, in der U-Bahn hemmungslos angegafft zu werden"},"content":{"rendered":"<p>Gestern bin ich etwa f\u00fcnf Stunden durch den M\u00fcnchner Untergrund gefahren. Nun gut, das alleine ist nichts besonderes, die aktuell 1235 Bilder auf muenchnerubahn.de haben sich nicht von alleine geschossen. Allerdings hab ich w\u00e4hrend der f\u00fcnf Stunden den Zug nicht gewechselt. Ich war zwar ab und an mal kurz auf dem Bahnsteig drau\u00dfen, aber es war immer der selbe <a href=\"\/fahrzeuge\/verzeichnis\/wagen\/570\/\">B-Wagen 570<\/a>. Des R\u00e4tsels L\u00f6sung:<br \/>\n[img id=partyzug_zza size=mittel4 showonly=true]<\/p>\n<p>[img id=partyzug align=right size=mittel text=Partyzug_mitOrganisator_und_Fahrer]Gestern war es nach langem warten endlich soweit, um 17 Uhr ging es am [bflink id=KG] los. Im Nordwagen war eine Bar und das Kuchenbuffet untergebracht, alles war h\u00fcbsch dekoriert mit Luftballons, Fahnen und Luftschlangen. Im S\u00fcdwagen war die Dekoration noch umfangreicher: alle Leuchtstoffr\u00f6hren waren gegen Schwarzlichtr\u00f6hren getauscht, eine Musik-Anlage war aufgebaut und wechselnde DJs sorgten f\u00fcr Stimmung.<\/p>\n<p>Die erste Station, sozusagen zum aufw\u00e4rmen war [bflink id=GF], wo auf den Bahnsteigen so gut wie nichts los war, da der Regelzug der U6 direkt vor uns gefahren war. Auf der R\u00fcckfahrt durch die Stadt war das dann schon anders: sp\u00e4testens ab der [bflink id=MU] sind wir durch die meisten Bahnh\u00f6fe im Schrittempo durch und ernteten erstaunte Gesicher, eine U-Bahn mit Schwarzlicht und Disco-Kl\u00e4ngen sieht man nicht alle Tage im M\u00fcnchner Untergrund.<\/p>\n<p>[img id=sh_verbindungsgleis align=right size=mittel]Die n\u00e4chste Station war dann [bflink id=FW], wo wir dann die erste &#8222;Pinkelpause&#8220; hatten. Die anschlie\u00dfende Fahrt ab etwa 18 Uhr nach [bflink id=NS] hat allerdings einige der Fahrg\u00e4ste, die den <a href=\"\/betrieb\/gleisplan\/\">Gleisplan<\/a> nicht so genau kennen, deutlich verwirrt. Gerade waren wir noch an der [bflink id=IP], schon stehen wir an der [bflink id=SH] und fahren in Richtung Neuperlach. Ja wie geht denn das?<\/p>\n<p>Die Antwort ist recht simpel: wir durchfuhren die Betriebsanlage Theresienwiese, die ansonsten im Fahrgastbetrieb nicht zug\u00e4nglich ist. Dort gibt es zwei Abstellgleise f\u00fcr insgesamt sechs Langz\u00fcge sowie ein Durchfahrgleis.<br \/>\n[imagelist col=4]bt_1,bt_2,bt_3,b_570_bt[\/imagelist]<br \/>\nUrspr\u00fcnglich war vorgesehen, dass wir in [bflink id=NZ] wenden sollten, da in [bflink id=NS] derzeit baubedingt ja nur ein Gleis zur Verf\u00fcgung steht. Allerdings war das Kehrgleis schon belegt, weswegen wir ganz bis Neuperlach S\u00fcd durchfahren mussten. Dort war dann allerdings eine Expresswende angesagt, damit wir den normalen Fahrgastbetrieb nicht zu sehr behinderten. Mit einer Standzeit von rund 15 Sekunden ging&#8217;s um etwa 19 Uhr wieder zur\u00fcck in den Tunnel &#8211; gl\u00fccklichweise hat man bei solchen Sonderfahrten zwei Fahrer dabei.<\/p>\n<p>[img id=su_einfahrt align=right size=mittel]Anschlie\u00dfend ging die Fahrt dann mindestens genauso linienfremd weiter: am [bflink id=IR] wechselten wir auf die Gleise der U2, am [bflink id=KP] hatten wir dann kurzen Aufenthalt und einige mitfahrtswillige Fahrg\u00e4ste, die wir leider nicht mitnehmen konnten. Am [bflink id=HU] wechselten wir dann auf die Gleise der U1, um am [bflink id=OE] die n\u00e4chste Pause einzulegen. Einige Partyzugg\u00e4ste nutzen die Gelegenheit, noch kurz zwei Etagen h\u00f6her zum shoppen zu gehen.<\/p>\n<p>[img id=su_gl21 align=right size=mittel]H\u00e4tten wir dort jemand vergessen, w\u00e4re das kein Problem gewesen: rund 30 Minuten sp\u00e4ter waren wir abermals am OEZ, dieses mal aber im [bflink id=OK text=Bahnhof_der_U3] einige Meter tiefer. Die Fahrt f\u00fchrte uns dazu erstmal zur\u00fcck zum [bflink id=SU], wo wir um etwa 20 Uhr \u00fcber Gleis 21 gewendet haben (das ist das Abstellgleis, das man vom Streckentunnel Fraunhoferstra\u00dfe \u00bb Sendlinger Tor sehen kann). Weiter ging&#8217;s dann \u00fcber [bflink id=SP] und die Gleise der U3 zum OEZ. Unser Aufenthalt dort verl\u00e4ngerte sich dann allerdings unfreiwillig, da aufgrund eines Personenunfalls die Strecke der U3 an der [bflink id=GI] gesperrt war und man einen Partyzug dann als letzten wieder auf die Strecke l\u00e4sst, um den ohnehin schon behinderten Verkehr nicht noch weiter zu st\u00f6ren.<\/p>\n<p>[img id=partyzug_ok align=right size=mittel]Nachdem die Strecke dann wieder freigegeben war und der Verkehr wieder einigerma\u00dfen lief, hatte man uns gegen 21:30 \u00fcber [bflink id=MU] dann wieder zur\u00fcck zum [bflink id=KG] fahren lassen, wo die Fahrt gegen 22:30 Uhr zu Ende war.<\/p>\n<p>Wer mal die Gelegenheit zu so einer Fahrt hat, dem kann ich nur raten, es auf jeden Fall zu machen. Die Gesichter der Leute am Bahnsteig waren teilweise absolut unbezahlbar. Das ging von ungl\u00e4ubigen Staunen ob des dekorierten Zugs bis hin zu w\u00fctendem \u00c4rger, dass wir die T\u00fcren nicht aufgemacht haben, bis hin zu blankem Neid, dass sie da nicht mitfahren d\u00fcrfen.<\/p>\n<p>Auch sieht man nicht alle Tage Wende- und Betriebsgleise, f\u00e4hrt im F\u00fchrerstand mit oder bekommt Details des U-Bahn-Betriebs erkl\u00e4rt. Und wer sich f\u00fcr technisches nicht interessiert, bekommt mit der Party im Zug auf jeden Fall immer noch genug geboten, damit die 5 Stunden fast im Flug vor\u00fcber gehen.<\/p>\n<p>Vielen Dank nochmal an den Organisator sowie unsere beiden Fahrer von gestern!<\/p>\n<h3>Weitere Bilder<\/h3>\n<p>[imagelist col=4]b_570_kg,b_570_gf,hu_einfahrt,jo_einfahrt,ok_einfahrt[\/imagelist]<\/p>\n","protected":false},"excerpt":{"rendered":"<p>Gestern bin ich etwa f\u00fcnf Stunden durch den M\u00fcnchner Untergrund gefahren. Nun gut, das alleine ist nichts besonderes, die aktuell 1235 Bilder auf muenchnerubahn.de haben sich nicht von alleine geschossen. Allerdings hab ich w\u00e4hrend der f\u00fcnf Stunden den Zug nicht gewechselt. Ich war zwar ab und an mal kurz auf dem Bahnsteig drau\u00dfen, aber es [&hellip;]<\/p>\n","protected":false},"author":2,"featured_media":0,"comment_status":"open","ping_status":"open","sticky":false,"template":"","format":"standard","meta":{"advanced_seo_description":"","jetpack_seo_html_title":"","jetpack_seo_noindex":false,"jetpack_seo_schema_type":"","_jetpack_newsletter_access":"","_jetpack_dont_email_post_to_subs":false,"_jetpack_newsletter_tier_id":0,"_jetpack_memberships_contains_paywalled_content":false,"_jetpack_feature_clip_id":0,"_jetpack_memberships_contains_paid_content":false,"footnotes":"","jetpack_post_was_ever_published":false},"categories":[4],"tags":[],"class_list":["post-11","post","type-post","status-publish","format-standard","hentry","category-anderes"],"jetpack_shortlink":"https:\/\/wp.me\/p87CPJ-b","jetpack-related-posts":[{"id":725,"url":"https:\/\/www.u-bahn-muenchen.de\/blog\/2021\/03\/50-jahre-u-bahn-fuer-muenchen-historisches\/","url_meta":{"origin":11,"position":0},"title":"50 Jahre U-Bahn f\u00fcr M\u00fcnchen &#8211; Historisches","author":"Florian Sch\u00fctz","date":"1. M\u00e4rz 2021","format":false,"excerpt":"In diesem Jahr feiert die M\u00fcnchner U-Bahn ihren 50. Geburtstag. Am 19. Oktober 1971 wurde auf der Strecke zwischen [bflink id=KG] und [bflink id=GO] der Betrieb der U6 als erster Strecke aufgenommen. Dieses Jubil\u00e4um wird in den kommenden Monaten verschiedentlich sicher noch Erw\u00e4hnung finden. Als Einstimmung hierauf schon mal einige\u2026","rel":"","context":"In &quot;Geschichte&quot;","block_context":{"text":"Geschichte","link":"https:\/\/www.u-bahn-muenchen.de\/blog\/category\/geschichte\/"},"img":{"alt_text":"","src":"","width":0,"height":0},"classes":[]},{"id":13,"url":"https:\/\/www.u-bahn-muenchen.de\/blog\/2008\/11\/das-buch-ein-langer-weg\/","url_meta":{"origin":11,"position":1},"title":"Das Buch, ein langer Weg","author":"Florian Sch\u00fctz","date":"7. November 2008","format":false,"excerpt":"[img id=muc-album align=left]Nun ist es drau\u00dfen, mein erstes eigenes Buch. Es enth\u00e4lt den Inhalt der Website, viele neue Bilder, neue Texte und noch mehr. Es ist anders als die Website, da man an ein Buch ganz andere Anspr\u00fcche stellt als an eine Internetseite. Man hat ein festes Seitenlayout, eine fest\u2026","rel":"","context":"In &quot;\u00dcber muenchnerubahn.de&quot;","block_context":{"text":"\u00dcber muenchnerubahn.de","link":"https:\/\/www.u-bahn-muenchen.de\/blog\/category\/ueber\/"},"img":{"alt_text":"","src":"","width":0,"height":0},"classes":[]},{"id":285,"url":"https:\/\/www.u-bahn-muenchen.de\/blog\/2011\/12\/anderungen-zum-fahrplanwechsel\/","url_meta":{"origin":11,"position":2},"title":"\u00c4nderungen zum Fahrplanwechsel","author":"Florian Sch\u00fctz","date":"5. Dezember 2011","format":false,"excerpt":"Zum Fahrplanwechsel am 11. Dezember 2011 gibt es dieses Jahr auch bei der U-Bahn einige Neuerungen zu vermelden. Gr\u00f6\u00dfte Neuerung bei der U-Bahn ist wohl die Einf\u00fchrung einer Verst\u00e4rkerlinie U7 zur morgendlichen Hauptverkehrszeit. F\u00fcr den gesamten Nahverkehr noch bedeutsamer ist aber sicher die Er\u00f6ffnung der Tram nach St. Emmeram. Die\u2026","rel":"","context":"In &quot;Betrieb&quot;","block_context":{"text":"Betrieb","link":"https:\/\/www.u-bahn-muenchen.de\/blog\/category\/betrieb\/"},"img":{"alt_text":"","src":"","width":0,"height":0},"classes":[]},{"id":19,"url":"https:\/\/www.u-bahn-muenchen.de\/blog\/2010\/04\/jubilaen\/","url_meta":{"origin":11,"position":3},"title":"Jubil\u00e4en","author":"Florian Sch\u00fctz","date":"21. April 2010","format":false,"excerpt":"[img id=partyzug_zza align=right size=mittel_pano]Wenn's ums Feiern geht, sind ja die meisten Menschen immer gerne dabei, auch wenn sie oft gar nicht wissen, was es eigentlich zu Feiern gibt. Im U-Bahn-Bereich sind Feiern allerdings eher selten, weswegen man hier die Anl\u00e4sse sorgf\u00e4ltig im Kalender stehen haben sollte. U-Bahn-Er\u00f6ffnungen werden nach der\u2026","rel":"","context":"In &quot;Geschichte&quot;","block_context":{"text":"Geschichte","link":"https:\/\/www.u-bahn-muenchen.de\/blog\/category\/geschichte\/"},"img":{"alt_text":"","src":"","width":0,"height":0},"classes":[]},{"id":631,"url":"https:\/\/www.u-bahn-muenchen.de\/blog\/2021\/05\/betriebshof-neuperlach-sued-infoveranstaltung\/","url_meta":{"origin":11,"position":4},"title":"Betriebshof S\u00fcd: Informationsveranstaltung vom 12. Mai","author":"Florian Sch\u00fctz","date":"12. Mai 2021","format":false,"excerpt":"Die M\u00fcnchner Verkehrs\u00adgesellschaft informierte am 12. Mai im Rahmen einer Online-Informationsveranstaltung zum Stand der Planungen des Betriebshofes S\u00fcd in Neuperlach, der die bisherige Betriebsanlage im Anschluss an den U-Bahnhof [bflink id=NS] zum vollst\u00e4ndigen Betriebshof erweitern soll. Projekt\u00fcberblick [img id=bs-projektbild align=right size=mittel4]Durch die Veranstaltung f\u00fchrte Monika Arzberger. Nach einem Gru\u00dfwort von\u2026","rel":"","context":"In &quot;Betrieb&quot;","block_context":{"text":"Betrieb","link":"https:\/\/www.u-bahn-muenchen.de\/blog\/category\/betrieb\/"},"img":{"alt_text":"","src":"","width":0,"height":0},"classes":[]},{"id":406,"url":"https:\/\/www.u-bahn-muenchen.de\/blog\/2014\/02\/c2-zug-wird-am-21-februar-praesentiert\/","url_meta":{"origin":11,"position":5},"title":"C2-Zug wird am 21. Februar pr\u00e4sentiert","author":"Florian Sch\u00fctz","date":"16. Februar 2014","format":false,"excerpt":"Die neue Zug-Generation vom Typ C2 sollte urspr\u00fcnglich schon Ende 2013 in Betrieb gehen, doch seit einigen Wochen befindet sich nun das erste Exemplar in M\u00fcnchen und dreht bisher vornehmlich auf dem Gel\u00e4nde der Technischen Basis in Fr\u00f6ttmaning seine Runden. Am Freitag, 21. Februar 2014 wird die MVG nun den\u2026","rel":"","context":"In &quot;Fahrzeuge&quot;","block_context":{"text":"Fahrzeuge","link":"https:\/\/www.u-bahn-muenchen.de\/blog\/category\/fahrzeuge\/"},"img":{"alt_text":"","src":"","width":0,"height":0},"classes":[]}],"jetpack_sharing_enabled":true,"jetpack_featured_media_url":"","_links":{"self":[{"href":"https:\/\/www.u-bahn-muenchen.de\/blog\/wp-json\/wp\/v2\/posts\/11","targetHints":{"allow":["GET"]}}],"collection":[{"href":"https:\/\/www.u-bahn-muenchen.de\/blog\/wp-json\/wp\/v2\/posts"}],"about":[{"href":"https:\/\/www.u-bahn-muenchen.de\/blog\/wp-json\/wp\/v2\/types\/post"}],"author":[{"embeddable":true,"href":"https:\/\/www.u-bahn-muenchen.de\/blog\/wp-json\/wp\/v2\/users\/2"}],"replies":[{"embeddable":true,"href":"https:\/\/www.u-bahn-muenchen.de\/blog\/wp-json\/wp\/v2\/comments?post=11"}],"version-history":[{"count":6,"href":"https:\/\/www.u-bahn-muenchen.de\/blog\/wp-json\/wp\/v2\/posts\/11\/revisions"}],"predecessor-version":[{"id":1142,"href":"https:\/\/www.u-bahn-muenchen.de\/blog\/wp-json\/wp\/v2\/posts\/11\/revisions\/1142"}],"wp:attachment":[{"href":"https:\/\/www.u-bahn-muenchen.de\/blog\/wp-json\/wp\/v2\/media?parent=11"}],"wp:term":[{"taxonomy":"category","embeddable":true,"href":"https:\/\/www.u-bahn-muenchen.de\/blog\/wp-json\/wp\/v2\/categories?post=11"},{"taxonomy":"post_tag","embeddable":true,"href":"https:\/\/www.u-bahn-muenchen.de\/blog\/wp-json\/wp\/v2\/tags?post=11"}],"curies":[{"name":"wp","href":"https:\/\/api.w.org\/{rel}","templated":true}]}}