{"id":1058,"date":"2023-02-27T20:00:00","date_gmt":"2023-02-27T19:00:00","guid":{"rendered":"https:\/\/www.u-bahn-muenchen.de\/blog\/?p=1058"},"modified":"2024-10-07T13:27:32","modified_gmt":"2024-10-07T11:27:32","slug":"poccistrasse-ausschreibung-zur-bauwerksstabilisierung","status":"publish","type":"post","link":"https:\/\/www.u-bahn-muenchen.de\/blog\/2023\/02\/poccistrasse-ausschreibung-zur-bauwerksstabilisierung\/","title":{"rendered":"Poccistra\u00dfe: Ausschreibung zur Bauwerksstabilisierung"},"content":{"rendered":"\n<p class=\"wp-block-paragraph\">Die Stadtwerke M\u00fcnchen schreiben Ma\u00dfnahmen zur statischen und brandschutztechnischen Ert\u00fcchtigung des U-Bahnhofes [bflink id=PC] aus. In den Details der <a rel=\"noreferrer noopener\" href=\"https:\/\/ted.europa.eu\/udl?uri=TED:NOTICE:114743-2023:TEXT:DE:HTML&amp;src=0\" target=\"_blank\">\u00f6ffentlichen Ausschreibung<\/a> lassen sich einige interessante Details ablesen, was Gegenwart und Zukunft des U-Bahnhofs betrifft. <\/p>\n\n\n\n<p class=\"wp-block-paragraph\">[img id=pc_1 align=right]Im Rahmen der Planungen zur <a href=\"\/netz\/u9\/\">Entlastungsspange U9<\/a>, deren Inbetriebnahme aber fr\u00fchestens in den 2040er-Jahren zu erwarten ist, w\u00e4re der Bahnhof zwar stillzulegen. Allerdings ist weder der Bau der U9 aktuell vollst\u00e4ndig gesichert noch lassen die strukturellen Sch\u00e4den am Bahnhof bis dahin einen sicheren Betrieb des Bahnhofs m\u00f6glich. Sollte die U9 nicht gebaut werden, ist zudem ein aufw\u00e4ndiger bergm\u00e4nnischer Ersatzneubau der Bahnsteigshalle vorgesehen.  <\/p>\n\n\n\n<p class=\"wp-block-paragraph\">Wie stark der Verfall der in den 1970er-Jahren nachtr\u00e4glich eingef\u00fcgten Station wirklich ist, l\u00e4sst sich in der Ausschreibung nun erkennen:<\/p>\n\n\n\n<blockquote class=\"wp-block-quote is-layout-flow wp-block-quote-is-layout-flow\">\n<p class=\"wp-block-paragraph\">Aus diesem Grund sollen nur zwingend erforderliche Ma\u00dfnahmen f\u00fcr die Restnutzungsdauer von ca. 20 Jahren umgesetzt werden. Die nachfolgend beschriebenen statischen und brandschutztechnischen Defizite werden jedoch als so schwerwiegend erachtet, dass die Ert\u00fcchtigungen auch vor dem Hintergrund der begrenzten Restnutzungsdauer erforderlich sind.<\/p>\n\n\n\n<p class=\"wp-block-paragraph\">Somit ist die Zielsetzung der Ma\u00dfnahme die Wiederherstellung eines standsicheren und dauerhaften Bauwerks sowie die deutliche Verbesserung der brandschutztechnischen Situation unter Ber\u00fccksichtigung der geltenden Sicherheitsanforderungen, Normen- und Vorschriften.<\/p>\n<\/blockquote>\n\n\n\n<p class=\"wp-block-paragraph\">[img id=pc_abstuetzung3 align=right]Dass der U-Bahnhof seit geraumer Zeit sanierungsbed\u00fcrftig ist, ist selbst f\u00fcr Laien mittlerweile offensichtlich \u2013 stehen doch zahlreiche Stahltr\u00e4gerkonstruktionen auf dem Bahnsteig, die dort in den vergangenen Jahren entstanden sind, um den weiteren Verfall der Deckengew\u00f6lbe des Bahnhofs aufzuhalten. <\/p>\n\n\n\n<p class=\"wp-block-paragraph\">Durch den nachtr\u00e4glichen Bau des Bahnhofs traten wiederholt Probleme auf, bereits w\u00e4hrend der Bauzeit wurde zun\u00e4chst die Zulassung f\u00fcr den den damals verwendeten Spannstahl widerrufen. 1977 wurden Risse in der Decke dokumentiert, 1978 trat ein Spann\u00adstahl\u00adbruch in einem Deckengew\u00f6lbe auf. Im Jahr 2015 und 2016 wurden Absenkungen um bis zu 39 Millimeter an der Decke des Bahnhofs festgestellt, weswegen zun\u00e4chst die Innenverkleidung der Decken entfernt wurde. Kurz danach wurde dann mit dem Einbau von St\u00fctztr\u00e4gern begonnen, die ein weiteres Absinken der Decke verhindern sollen. Damals sind die SWM noch davon ausgegangen, binnen 5 Jahren eine dauerhafte L\u00f6sung errichten zu k\u00f6nnen, siehe <a rel=\"noreferrer noopener\" href=\"http:\/\/www.sueddeutsche.de\/muenchen\/u-u-decke-des-u-bahnhofs-poccistrasse-hat-sich-abgesenkt-1.3050425\" target=\"_blank\">sueddeutsche.de: Vollsperrung von U-Bahn-Station Poccistra\u00dfe denkbar<\/a>.<\/p>\n\n\n\n<p class=\"wp-block-paragraph\">Wie es zu den Senkungen kam, wird in den Ausschreibungsunterlagen erl\u00e4utert:<\/p>\n\n\n\n<blockquote class=\"wp-block-quote is-layout-flow wp-block-quote-is-layout-flow\">\n<p class=\"wp-block-paragraph\">In den Deckengew\u00f6lben der Bahnsteigebene wurde spannungsrisskorrosionsgef\u00e4hrdeter Spannstahl verbaut. 2015\/2016 wurden zahlreiche Spanngliedbr\u00fcche, eine deutliche Absenkung der Kragarme, Risse in dem Deckengew\u00f6lbe, sehr geringe Restsicherheiten und ein ung\u00fcnstiger Versagensmechanismus festgestellt. Daraufhin wurden 2017 in einer Sofortma\u00dfnahme sechs Gew\u00f6lbe provisorisch mit Stahltr\u00e4gern unterst\u00fctzt und die anderen Gew\u00f6lbe mit einem Monitoringsystem ausgestattet. 2019 kam es zu einen weiteren Spanngliedbruch, gefolgt von einer weiteren Stahlunterst\u00fctzung. Der Schadensprozess schreitet voran, daher muss eine statische Ert\u00fcchtigung aller 31 Deckengew\u00f6lbe vorgenommen werden.<\/p>\n<\/blockquote>\n\n\n\n<p class=\"wp-block-paragraph\">Wie diese Ert\u00fcchtigung ausgef\u00fchrt werden soll, wurde im Vorfeld bereits analysiert und festgelegt:<\/p>\n\n\n\n<blockquote class=\"wp-block-quote is-layout-flow wp-block-quote-is-layout-flow\">\n<p class=\"wp-block-paragraph\">F\u00fcr die Ert\u00fcchtigung ist eine neue Stahlunterst\u00fctzung, die gegen\u00fcber der bereits verbauten Konstruktion verst\u00e4rkt werden muss, vorgesehen. Dabei m\u00fcssen die vier vorhandenen Bahnsteigunterst\u00fctzungen kleinteilig abgefangen werden und auf die Zielkonstruktion umgelagert werden. Die neue Unterst\u00fctzungskonstruktion muss aufw\u00e4rtskompatibel sein und auf Grund des unklaren Projektumfeldes sowohl einen Ersatzneubau des Bahnhofs erm\u00f6glichen als auch dessen Au\u00dferbetriebnahme nach Fertigstellung der U9.<\/p>\n<\/blockquote>\n\n\n\n<p class=\"wp-block-paragraph\">Neben den in den 1970ern verbauten minderwertigen Stahlarten enthalten die Deckengew\u00f6lbe auch Schadstoffe, die bei der Sanierung zu ber\u00fccksichtigen sind:<\/p>\n\n\n\n<blockquote class=\"wp-block-quote is-layout-flow wp-block-quote-is-layout-flow\">\n<p class=\"wp-block-paragraph\">Die Decke im Bereich der Bahngleise besteht jeweils aus einem L\u00e4ngsgew\u00f6lbe. In die H\u00fclsen der Spannst\u00e4be, die im Bahnsteigbereich an den horizontalen Gew\u00f6lbeenden, im Gleisbereich jeweils an den Zwickeln zu den Gew\u00f6lbeenden liegen, wurde Spritzasbest (Blauasbest) eingef\u00fcllt.<\/p>\n<\/blockquote>\n\n\n\n<p class=\"wp-block-paragraph\">Der Zeitplan f\u00fcr die n\u00f6tigen Ma\u00dfnahmen wurde durch die Technische Aufsichtsbeh\u00f6rde (TAB) bereits nach dem urspr\u00fcnglich festgestellten Problemen 2015\/16 festgelegt:<\/p>\n\n\n\n<blockquote class=\"wp-block-quote is-layout-flow wp-block-quote-is-layout-flow\">\n<p class=\"wp-block-paragraph\">Mit der TAB wurde f\u00fcr die Behebung der Standsicherheitsdefizite ein Zeitraum von 10 Jahren abgestimmt der 2026 endet.<\/p>\n<\/blockquote>\n\n\n\n<h3 class=\"wp-block-heading\">Brandschutz<\/h3>\n\n\n\n<p class=\"wp-block-paragraph\">Ebenfalls Teil der Ausschreibung ist die Verbesserung des Brandschutzes im U-Bahnhof, wof\u00fcr wahrscheinlich aufw\u00e4ndige Einbauten erforderlich sein werden:<\/p>\n\n\n\n<blockquote class=\"wp-block-quote is-layout-flow wp-block-quote-is-layout-flow\">\n<p class=\"wp-block-paragraph\">[img id=pc_noerdlicher_treppenbereich align=right]Die sehr ung\u00fcnstigen geometrischen Ausgangssituation (u. a. geringe Deckenh\u00f6he, Tiefenlage des Bahnhofs, beengte Zugangsbauwerke, zahlreiche Bahnhofsst\u00fctzen) f\u00fchrt zu einer schnellen Verrauchung bei gleichzeitig langer Entfluchtungszeiten. Daher ist der U-Bahnhof Poccistra\u00dfe in der h\u00f6chsten Gef\u00e4hrdungsstufe (\u201eGef\u00e4hrdungsstufe 6\u201c) eingestuft. Eine maschinelle Entrauchungsanlage sowie bodentiefe Einhausungen der beiden Aufgangsbereiche sind daher erforderlich.<\/p>\n<\/blockquote>\n\n\n\n<p class=\"wp-block-paragraph\">Hierf\u00fcr werden entweder Varianten unter Nutzung der bisherigen Luftschwallanlagen vor dem U-Bahnhof angedacht oder neue Luftsch\u00e4chte \u00fcber dem U-Bahnhof vorgesehen. Allen Varianten gemein ist ein Fortluftbauwerk mit Schalld\u00e4mpfern, \u00fcber das im Brandfall die Rauchentwicklung an die Oberfl\u00e4che geleitet wird. <\/p>\n\n\n\n<h3 class=\"wp-block-heading\">Quellen<\/h3>\n\n\n\n<p class=\"wp-block-paragraph\">Alle Zitate stammen aus den <a rel=\"noreferrer noopener\" href=\"https:\/\/www.swm.de\/dam\/doc\/einkauf-logistik\/bekanntmachungen\/ausschreibungen\/dienstleistungsauftraege\/sv-nfi-230220-003-vertrag-entwurf.pdf\" target=\"_blank\">Ausschreibungsunterlagen<\/a>, die entweder \u00fcber <a href=\"https:\/\/ted.europa.eu\">ted.europa.eu<\/a> oder die <a rel=\"noreferrer noopener\" href=\"https:\/\/www.swm.de\/einkauf\/bekanntmachungen\" target=\"_blank\">Ausschreibungsseite der SWM<\/a> ver\u00f6ffentlicht wurden.<\/p>\n","protected":false},"excerpt":{"rendered":"<p>Die Stadtwerke M\u00fcnchen schreiben Ma\u00dfnahmen zur statischen und brandschutztechnischen Ert\u00fcchtigung des U-Bahnhofes [bflink id=PC] aus. In den Details der \u00f6ffentlichen Ausschreibung lassen sich einige interessante Details ablesen, was Gegenwart und Zukunft des U-Bahnhofs betrifft. [img id=pc_1 align=right]Im Rahmen der Planungen zur Entlastungsspange U9, deren Inbetriebnahme aber fr\u00fchestens in den 2040er-Jahren zu erwarten ist, w\u00e4re der [&hellip;]<\/p>\n","protected":false},"author":2,"featured_media":0,"comment_status":"open","ping_status":"open","sticky":false,"template":"","format":"standard","meta":{"advanced_seo_description":"","jetpack_seo_html_title":"","jetpack_seo_noindex":false,"jetpack_seo_schema_type":"","_jetpack_newsletter_access":"","_jetpack_dont_email_post_to_subs":false,"_jetpack_newsletter_tier_id":0,"_jetpack_memberships_contains_paywalled_content":false,"_jetpack_feature_clip_id":0,"_jetpack_memberships_contains_paid_content":false,"footnotes":"","jetpack_post_was_ever_published":false},"categories":[18,2],"tags":[26],"class_list":["post-1058","post","type-post","status-publish","format-standard","hentry","category-netz","category-u-bahnhofe","tag-poccistrasse"],"jetpack_shortlink":"https:\/\/wp.me\/p87CPJ-h4","jetpack-related-posts":[{"id":1197,"url":"https:\/\/www.u-bahn-muenchen.de\/blog\/2026\/07\/hauptbahnhof-neue-zugaenge-und-gestaltung-bis-2035-geplant\/","url_meta":{"origin":1058,"position":0},"title":"Hauptbahnhof: Neue Zug\u00e4nge und Gestaltung bis 2035 geplant","author":"Florian Sch\u00fctz","date":"8. Juli 2026","format":false,"excerpt":"Der U-Bahnhof [bflink id=HO] der U4 und U5 unter der Bayerstra\u00dfe steht vor der gr\u00f6\u00dften Umgestaltung seiner Geschichte. Wie aus einer aktuellen Ausschreibung der Stadtwerke M\u00fcnchen (SWM) hervorgeht, soll die 1984 er\u00f6ffnete Station bis 2035 grundlegend erweitert und modernisiert werden \u2013 mit einer komplett neu zug\u00e4nglichen Ebene \u00fcber dem Bahnsteig,\u2026","rel":"","context":"In &quot;St\u00f6rungen und Bauarbeiten&quot;","block_context":{"text":"St\u00f6rungen und Bauarbeiten","link":"https:\/\/www.u-bahn-muenchen.de\/blog\/category\/storungen-und-bauarbeiten\/"},"img":{"alt_text":"","src":"","width":0,"height":0},"classes":[]},{"id":387,"url":"https:\/\/www.u-bahn-muenchen.de\/blog\/2014\/02\/projekt-u9-entlastungsspange-fuer-die-innenstadt\/","url_meta":{"origin":1058,"position":1},"title":"Projekt U9: Entlastungsspange f\u00fcr die Innenstadt","author":"Florian Sch\u00fctz","date":"11. Februar 2014","format":false,"excerpt":"Bereits seit einigen Jahren wird seitens der MVG eine weitere Innenstadtstrecke zur Entlastung der heutigen Strecken von U1\/U2 und U3\/U6 unter dem Arbeitstitel \"U9\" geplant. Am heutigen 11. Februar stellten die Stadtwerke M\u00fcnchen \/ M\u00fcnchner Verkehrsgesellschaft eine Machbarkeitsstudie vor, die diese \"U9-Spange\" genauer untersucht hat. Die Studie von SWM\/MVG und\u2026","rel":"","context":"In &quot;Betrieb&quot;","block_context":{"text":"Betrieb","link":"https:\/\/www.u-bahn-muenchen.de\/blog\/category\/betrieb\/"},"img":{"alt_text":"","src":"","width":0,"height":0},"classes":[]},{"id":1031,"url":"https:\/\/www.u-bahn-muenchen.de\/blog\/2022\/11\/pressespiegel-stadtrat-bekennt-sich-zur-u9-u2-nach-feldkirchen-bleibt-unwahrscheinlich\/","url_meta":{"origin":1058,"position":2},"title":"Pressespiegel: Stadtrat bekennt sich zur U9 \/ U2 nach Feldkirchen bleibt unwahrscheinlich","author":"Florian Sch\u00fctz","date":"25. November 2022","format":false,"excerpt":"Wie die S\u00fcddeutsche Zeitung heute berichtet, bekennt sich der Stadtrat zum Bau der U9 und will gr\u00fcnes Licht geben f\u00fcr den Bau des Vorhaltebauwerks am Hauptbahnhof, das zusammen mit den Bauarbeiten zur Zweiten S-Bahn-Stammstrecke errichtet werden soll. Die Kosten hierf\u00fcr muss die Stadt vorerst alleine stemmen, da f\u00fcr die U9\u2026","rel":"","context":"In &quot;Netz&quot;","block_context":{"text":"Netz","link":"https:\/\/www.u-bahn-muenchen.de\/blog\/category\/netz\/"},"img":{"alt_text":"","src":"","width":0,"height":0},"classes":[]},{"id":1172,"url":"https:\/\/www.u-bahn-muenchen.de\/blog\/2026\/06\/giselastrasse-generalsanierung-2028\/","url_meta":{"origin":1058,"position":3},"title":"Giselastra\u00dfe: Generalsanierung 2028\u20132030 mit m\u00f6glicher Vollsperrung","author":"Florian Sch\u00fctz","date":"25. Juni 2026","format":false,"excerpt":"Der U-Bahnhof [bflink id=GI] in Schwabing steht vor seiner ersten Generalsanierung. Wie aus einer aktuellen Ausschreibung der Stadtwerke M\u00fcnchen (SWM) hervorgeht, soll der 1971 er\u00f6ffnete Bahnhof zwischen 2028 und 2030 auf allen Ebenen modernisiert werden \u2013 im laufenden Betrieb, m\u00f6glicherweise aber mit einer mehrw\u00f6chigen Vollsperrung im Sommer 2028. Ein Bahnhof\u2026","rel":"","context":"In &quot;St\u00f6rungen und Bauarbeiten&quot;","block_context":{"text":"St\u00f6rungen und Bauarbeiten","link":"https:\/\/www.u-bahn-muenchen.de\/blog\/category\/storungen-und-bauarbeiten\/"},"img":{"alt_text":"","src":"","width":0,"height":0},"classes":[]},{"id":467,"url":"https:\/\/www.u-bahn-muenchen.de\/blog\/2016\/12\/u3-u6-behinderungen-poccistrasse\/","url_meta":{"origin":1058,"position":4},"title":"U3\/U6: Behinderungen im Sp\u00e4tverkehr im Bahnhof Poccistra\u00dfe","author":"Florian Sch\u00fctz","date":"8. Dezember 2016","format":false,"excerpt":"Wegen Bauarbeiten durchfahren die Z\u00fcge der Linien U3 und U6 die Station [bflink id=pc] am Montag, 12. Dezember sowie am Dienstag, 13. Dezember, jeweils ab ca. 22 Uhr ohne Halt. Dann k\u00f6nnen Fahrg\u00e4ste dort also weder ein- noch aussteigen. Ersatzweise richtet die MVG einen Schienenersatzverkehr (SEV) mit Bussen ein. Diese\u2026","rel":"","context":"In &quot;St\u00f6rungen und Bauarbeiten&quot;","block_context":{"text":"St\u00f6rungen und Bauarbeiten","link":"https:\/\/www.u-bahn-muenchen.de\/blog\/category\/storungen-und-bauarbeiten\/"},"img":{"alt_text":"","src":"","width":0,"height":0},"classes":[]},{"id":1143,"url":"https:\/\/www.u-bahn-muenchen.de\/blog\/2026\/05\/goetheplatz-poccistrasse-sanierung-2026\/","url_meta":{"origin":1058,"position":5},"title":"Goetheplatz und Poccistra\u00dfe: Vollsperrung zur Sanierung ab Mai 2026","author":"Florian Sch\u00fctz","date":"17. Mai 2026","format":false,"excerpt":"Ab dem 18. Mai 2026 werden Poccistra\u00dfe und [bflink id=GO] in drei Bauphasen bis August 2027 saniert. Beide Bahnh\u00f6fe geh\u00f6ren zu den \u00e4ltesten im M\u00fcnchner U-Bahn-Netz \u2013 und ihr Zustand macht eine umfassende Ert\u00fcchtigung unumg\u00e4nglich. Hintergrund: Jahrelange Probleme an der Poccistra\u00dfe [img id=pc_abstuetzung3 align=right] F\u00fcr den U-Bahnhof Poccistra\u00dfe ist die\u2026","rel":"","context":"In &quot;St\u00f6rungen und Bauarbeiten&quot;","block_context":{"text":"St\u00f6rungen und Bauarbeiten","link":"https:\/\/www.u-bahn-muenchen.de\/blog\/category\/storungen-und-bauarbeiten\/"},"img":{"alt_text":"","src":"","width":0,"height":0},"classes":[]}],"jetpack_sharing_enabled":true,"jetpack_featured_media_url":"","_links":{"self":[{"href":"https:\/\/www.u-bahn-muenchen.de\/blog\/wp-json\/wp\/v2\/posts\/1058","targetHints":{"allow":["GET"]}}],"collection":[{"href":"https:\/\/www.u-bahn-muenchen.de\/blog\/wp-json\/wp\/v2\/posts"}],"about":[{"href":"https:\/\/www.u-bahn-muenchen.de\/blog\/wp-json\/wp\/v2\/types\/post"}],"author":[{"embeddable":true,"href":"https:\/\/www.u-bahn-muenchen.de\/blog\/wp-json\/wp\/v2\/users\/2"}],"replies":[{"embeddable":true,"href":"https:\/\/www.u-bahn-muenchen.de\/blog\/wp-json\/wp\/v2\/comments?post=1058"}],"version-history":[{"count":26,"href":"https:\/\/www.u-bahn-muenchen.de\/blog\/wp-json\/wp\/v2\/posts\/1058\/revisions"}],"predecessor-version":[{"id":1189,"href":"https:\/\/www.u-bahn-muenchen.de\/blog\/wp-json\/wp\/v2\/posts\/1058\/revisions\/1189"}],"wp:attachment":[{"href":"https:\/\/www.u-bahn-muenchen.de\/blog\/wp-json\/wp\/v2\/media?parent=1058"}],"wp:term":[{"taxonomy":"category","embeddable":true,"href":"https:\/\/www.u-bahn-muenchen.de\/blog\/wp-json\/wp\/v2\/categories?post=1058"},{"taxonomy":"post_tag","embeddable":true,"href":"https:\/\/www.u-bahn-muenchen.de\/blog\/wp-json\/wp\/v2\/tags?post=1058"}],"curies":[{"name":"wp","href":"https:\/\/api.w.org\/{rel}","templated":true}]}}