{"id":1040,"date":"2023-02-06T22:43:52","date_gmt":"2023-02-06T21:43:52","guid":{"rendered":"https:\/\/www.u-bahn-muenchen.de\/blog\/?p=1040"},"modified":"2023-02-11T20:33:40","modified_gmt":"2023-02-11T19:33:40","slug":"spatenstich-fuer-die-u6-verlaengerung-nach-martinsried","status":"publish","type":"post","link":"https:\/\/www.u-bahn-muenchen.de\/blog\/2023\/02\/spatenstich-fuer-die-u6-verlaengerung-nach-martinsried\/","title":{"rendered":"Spatenstich f\u00fcr die U6-Verl\u00e4ngerung nach Martinsried"},"content":{"rendered":"\n<p class=\"wp-block-paragraph\">Am 6. Februar 2023 wurde der offizielle erste Spatenstich f\u00fcr die Verl\u00e4ngerung der M\u00fcnchner U-Bahnlinie 6 nach Martinsried in der Gemeinde Planegg im Landkreis M\u00fcnchen get\u00e4tigt.<\/p>\n\n\n\n<p class=\"wp-block-paragraph\">[img id=md_spatenstich align=right size=mittel2]In Anwesenheit von Planeggs B\u00fcrgermeister Hermann Nafziger, Bayerns Ministerpr\u00e4sident Dr. Markus S\u00f6der, Verkehrsminister Christian Bernreiter, Wissenschaftsminister Markus Blume, dem Landrat des Landkreises M\u00fcnchen, Christoph G\u00f6bel, und dem Gesch\u00e4ftsf\u00fchrer der Projektmanagementgesellschaft (PMG) Dr. Dimitri Steinke, wurde damit nach langen Jahren des Warten und von Projektverz\u00f6gerungen der Streckenbau offiziell begonnen. Im Jahr 2022 fanden bereits vorbereitende Ma\u00dfnahmen und die Baufeldfreimachung statt. <\/p>\n\n\n\n<blockquote class=\"wp-block-quote is-layout-flow wp-block-quote-is-layout-flow\"><p>Eine Linie von Exzellenz zu Exzellenz: Mit der Verl\u00e4ngerung der Wissenschaftslinie U6 verbinden wir das Forschungszentrum Garching mit dem in ganz Europa einmaligen Life-Science-Campus in Martinsried. Das ist eine zentrale Weichenstellung f\u00fcr die Zukunft des Forschungsmekkas in und um M\u00fcnchen und des gesamten Hightech-Lands Bayern. Denn Wissenschaft braucht Vernetzung \u2013 in allen Bereichen.<\/p><cite>Wissenschaftsminister Markus Blume<\/cite><\/blockquote>\n\n\n\n<p class=\"wp-block-paragraph\">Die Gesamtkosten des Vorhabens belaufen sich derzeit auf rund 212 Millionen Euro. Finanziert wird das Projekt partnerschaftlich vom Bund, dem Freistaat, dem Landkreis M\u00fcnchen und der Gemeinde Planegg. Aufgrund der herausragenden Bedeutung des Projekts f\u00fcr den Wissenschaftsstandort Bayern beteiligt sich der Freistaat in besonders hohem Ma\u00dfe an der Finanzierung. Von den zuwendungsf\u00e4higen Kosten f\u00fcr die Streckeninfrastruktur \u00fcbernimmt der Freistaat 20 Prozent, von den nicht zuwendungsf\u00e4higen Kosten 50 Prozent. Die Kosten der bereits fertiggestellten Park &amp; Ride Anlage am Campus Martinsried tr\u00e4gt der Freistaat sogar zu 85 Prozent. Die Anschaffung zus\u00e4tzlicher U-Bahnfahrzeuge bezuschusst der Freistaat zus\u00e4tzlich mit 75 Prozent. Insgesamt wird die F\u00f6rderung des Freistaats voraussichtlich in einer Gr\u00f6\u00dfenordnung von rund 77 Millionen Euro liegen.<\/p>\n\n\n\n<p class=\"wp-block-paragraph\">Die Ausbaustrecke umfasst den Bereich zwischen der bestehenden Abstellanlage am U-Bahnhof [bflink id=KL] im Osten einerseits und dem k\u00fcnftigen Ende am Bahnhof Martinsried im Gemeindegebiet Planegg im Westen andererseits.<\/p>\n\n\n\n<h3 class=\"wp-block-heading\">Der neue U-Bahnhof<\/h3>\n\n\n\n<p class=\"wp-block-paragraph\">[img id=md_rendering_gruberpopp align=right size=mittel2]Der U-Bahnhof Martinsried ist ein geplanter U-Bahnhof auf dem Gemeindegebiet von Planegg. Er wird bei seiner Fertig\u00adstellung der neue s\u00fcdliche Endbahnhof der U6 sein und damit den bisherigen Endbahnhof&nbsp;<a href=\"\/netz\/bahnhoefe\/kl\/\">Klinikum Gro\u00dfhadern<\/a>&nbsp;abl\u00f6sen. In Martinsried erschlie\u00dft er weniger die Gemeinde selbst als den Forschungs\u00adcampus, wo unter anderem die Fakult\u00e4t Biologie der Ludwig-Maximilians-Universit\u00e4t ihren Sitz hat.<\/p>\n\n\n\n<p class=\"wp-block-paragraph\"><\/p>\n\n\n\n<p class=\"wp-block-paragraph\">Der n\u00fcchterne Entwurf zur Gestaltung beinhaltet viele Sichtbetonfl\u00e4chen, einzelne gelbe Farbakzente und einige pfiffige Ideen, die den Bezug zur Umgebung mit den Forschungsinstituten Ludwig-Maximilians-Universit\u00e4t aufnehmen.<\/p>\n\n\n\n<p class=\"wp-block-paragraph\">Weiter Informationen zum U-Bahnhof: [bflink id=md text=U-Bahnhof_Martinsried]<\/p>\n\n\n\n<h3 class=\"wp-block-heading\">Quellen<\/h3>\n\n\n\n<ul class=\"wp-block-list\"><li><a rel=\"noreferrer noopener\" href=\"https:\/\/www.bayern.de\/startschuss-fuer-die-u6-nach-martinsried\/\" target=\"_blank\">Pressemitteilung Bayerisches Staatsministerium f\u00fcr Wohnen, Bau und Verkehr: Startschuss f\u00fcr die U6 nach Martinsried<\/a><\/li><li><a rel=\"noreferrer noopener\" href=\"https:\/\/www.planegg.de\/spatenstich-u6\" target=\"_blank\">Pressemeldung Gemeinde Planegg: Spatenstich U6<\/a><\/li><li><a href=\"https:\/\/www.tz.de\/muenchen\/stadt\/hallo-muenchen\/u6-muenchen-martinsried-bahn-verlaengerung-tu-lmu-izb-wissenschaft-forschung-campus-bayern-oepnv-92071097.html\" target=\"_blank\" rel=\"noreferrer noopener\">TZ M\u00fcnchen: Verl\u00e4ngerung der U6 von M\u00fcnchen nach Martinsried ? Eine U-Bahn f\u00fcr Wissenschaft und Forschung<\/a><\/li><\/ul>\n\n\n\n<p class=\"wp-block-paragraph\"><\/p>\n","protected":false},"excerpt":{"rendered":"<p>Am 6. Februar 2023 wurde der offizielle erste Spatenstich f\u00fcr die Verl\u00e4ngerung der M\u00fcnchner U-Bahnlinie 6 nach Martinsried in der Gemeinde Planegg im Landkreis M\u00fcnchen get\u00e4tigt. [img id=md_spatenstich align=right size=mittel2]In Anwesenheit von Planeggs B\u00fcrgermeister Hermann Nafziger, Bayerns Ministerpr\u00e4sident Dr. Markus S\u00f6der, Verkehrsminister Christian Bernreiter, Wissenschaftsminister Markus Blume, dem Landrat des Landkreises M\u00fcnchen, Christoph G\u00f6bel, und [&hellip;]<\/p>\n","protected":false},"author":2,"featured_media":0,"comment_status":"open","ping_status":"open","sticky":false,"template":"","format":"standard","meta":{"advanced_seo_description":"","jetpack_seo_html_title":"","jetpack_seo_noindex":false,"jetpack_seo_schema_type":"","_jetpack_newsletter_access":"","_jetpack_dont_email_post_to_subs":false,"_jetpack_newsletter_tier_id":0,"_jetpack_memberships_contains_paywalled_content":false,"_jetpack_feature_clip_id":0,"_jetpack_memberships_contains_paid_content":false,"footnotes":"","jetpack_post_was_ever_published":false},"categories":[18,3,2],"tags":[],"class_list":["post-1040","post","type-post","status-publish","format-standard","hentry","category-netz","category-storungen-und-bauarbeiten","category-u-bahnhofe"],"jetpack_shortlink":"https:\/\/wp.me\/p87CPJ-gM","jetpack-related-posts":[{"id":704,"url":"https:\/\/www.u-bahn-muenchen.de\/blog\/2021\/05\/startschuss-fuer-parkdeck-am-geplanten-u-bahnhof-martinsried\/","url_meta":{"origin":1040,"position":0},"title":"Startschuss f\u00fcr Parkdeck am geplanten U-Bahnhof Martinsried","author":"Florian Sch\u00fctz","date":"21. Mai 2021","format":false,"excerpt":"Der Bau des Parkdecks am Life-Science-Campus der Ludwig-Maximilians-Universit\u00e4t in Martinsried als Vorma\u00dfnahme der lange geplanten U-Bahn-Verl\u00e4ngerung der Linie U6 hat begonnen. Zum Fahrplanwechsel 2025\/2026 wird die Er\u00f6ffnung der gut einen Kilometer langen Erweiterung vom [bflink id=KL] zum neuen U-Bahnhof [bflink id=MD] derzeit erwartet. Lageplan des U-Bahnhof (unten) sowie des Parkdecks\u2026","rel":"","context":"In &quot;Netz&quot;","block_context":{"text":"Netz","link":"https:\/\/www.u-bahn-muenchen.de\/blog\/category\/netz\/"},"img":{"alt_text":"","src":"\/blog\/wp-content\/uploads\/2021\/05\/image-300x226.png","width":350,"height":200},"classes":[]},{"id":125,"url":"https:\/\/www.u-bahn-muenchen.de\/blog\/2010\/10\/auslegung-planunterlagen-martinsried\/","url_meta":{"origin":1040,"position":1},"title":"Auslegung Planunterlagen Martinsried","author":"Boris Merath","date":"11. Oktober 2010","format":false,"excerpt":"In zwei Monaten endet der seit 1965 bisher ununterbrochene U-Bahn-Ausbau in M\u00fcnchen mit der Er\u00f6ffnung der Strecke nach Moosach vorerst - doch das n\u00e4chste Projekt schreitet bereits voran: Noch bis Dienstag, 19.10. k\u00f6nnen die Planfeststellungsunterlagen f\u00fcr die Verl\u00e4ngerung der U6 nach Martinsried \u00f6ffentlich eingesehen werden. Die Auslegung ist Montag bis\u2026","rel":"","context":"In &quot;U-Bahnh\u00f6fe&quot;","block_context":{"text":"U-Bahnh\u00f6fe","link":"https:\/\/www.u-bahn-muenchen.de\/blog\/category\/u-bahnhofe\/"},"img":{"alt_text":"","src":"","width":0,"height":0},"classes":[]},{"id":424,"url":"https:\/\/www.u-bahn-muenchen.de\/blog\/2015\/02\/vor-50-jahren-baustart-fuer-die-muenchner-u-bahn\/","url_meta":{"origin":1040,"position":2},"title":"Vor 50 Jahren: Baustart f\u00fcr die M\u00fcnchner U-Bahn","author":"Frederik Buchleitner","date":"1. Februar 2015","format":false,"excerpt":"Heute vor 50 Jahren begann in M\u00fcnchen der U-Bahnbau. Ohne den Bau der U-Bahn w\u00e4re M\u00fcnchen heute sicherlich im Verkehrschaos erstickt. \u00dcber 380 Millionen Fahrg\u00e4ste transportieren die acht Linien derzeit j\u00e4hrlich. Vor exakt 50 Jahren erfolgte der Rammsto\u00df am heutigen U-Bahnhof Nordfriedhof. Der damalige Oberb\u00fcrgermeister Hans-Jochen Vogel begleitet das Ereignis\u2026","rel":"","context":"In &quot;Geschichte&quot;","block_context":{"text":"Geschichte","link":"https:\/\/www.u-bahn-muenchen.de\/blog\/category\/geschichte\/"},"img":{"alt_text":"","src":"","width":0,"height":0},"classes":[]},{"id":774,"url":"https:\/\/www.u-bahn-muenchen.de\/blog\/2021\/06\/gestaltungswettbewerb-u-bahnhof-martinsried-abgeschlossen\/","url_meta":{"origin":1040,"position":3},"title":"Gestaltungswettbewerb U-Bahnhof Martinsried abgeschlossen","author":"Florian Sch\u00fctz","date":"19. Juni 2021","format":false,"excerpt":"Im Wettbewerb zur Gestaltung des geplanten U-Bahnhofs Martinsried am s\u00fcdlichen Ende der Linie U6 auf dem Gebiet der Gemeinde Planegg hat das Preisgericht die Entw\u00fcrfe von Gruber + Popp Architekt:innen aus Berlin mit dem ersten Platz pr\u00e4miert. [img id=md_rendering_gruberpopp align=right size=mittel4 text=Rendering_Gruber_+_Popp_Architekt:innen]Der n\u00fcchterne Entwurf f\u00fcr den U-Bahnhof [bflink id=MD] beinhaltet\u2026","rel":"","context":"In &quot;St\u00f6rungen und Bauarbeiten&quot;","block_context":{"text":"St\u00f6rungen und Bauarbeiten","link":"https:\/\/www.u-bahn-muenchen.de\/blog\/category\/storungen-und-bauarbeiten\/"},"img":{"alt_text":"","src":"","width":0,"height":0},"classes":[]},{"id":1162,"url":"https:\/\/www.u-bahn-muenchen.de\/blog\/2026\/06\/u5-verlaengerung-durchstich-laimer-tunnel\/","url_meta":{"origin":1040,"position":4},"title":"U5-Verl\u00e4ngerung nach Pasing: Durchstich im Laimer Tunnel","author":"Florian Sch\u00fctz","date":"17. Juni 2026","format":false,"excerpt":"Am 17. Juni 2026 ist im Baulos 1 unter der Gotthardstra\u00dfe der Durchstich des 1,1 Kilometer langen U5-Tunnels erreicht \u2013 das Bauwerk ist nun auf seiner gesamten L\u00e4nge begehbar.","rel":"","context":"In &quot;Netz&quot;","block_context":{"text":"Netz","link":"https:\/\/www.u-bahn-muenchen.de\/blog\/category\/netz\/"},"img":{"alt_text":"","src":"","width":0,"height":0},"classes":[]},{"id":805,"url":"https:\/\/www.u-bahn-muenchen.de\/blog\/2021\/06\/u5-pasing-bund-sagt-foerdergelder-zu\/","url_meta":{"origin":1040,"position":5},"title":"U5 Pasing: Bund sagt F\u00f6rdergelder zu","author":"Florian Sch\u00fctz","date":"29. Juni 2021","format":false,"excerpt":"Die Verl\u00e4ngerung der U5 vom Laimer Platz nach Pasing ist einen Schritt n\u00e4her am Baubeginn: Das Bundesministerium f\u00fcr Verkehr und digitale Infrastruktur hat mit Schreiben vom 28. Juni an Oberb\u00fcrgermeister Dieter Reiter F\u00f6rdermittel des Bundes f\u00fcr die Verl\u00e4ngerung der U-Bahn-Linie U5 vom Laimer Platz bis Pasing zugesagt.\u00a0 [img id=netz-u5 align=right\u2026","rel":"","context":"In &quot;Netz&quot;","block_context":{"text":"Netz","link":"https:\/\/www.u-bahn-muenchen.de\/blog\/category\/netz\/"},"img":{"alt_text":"","src":"","width":0,"height":0},"classes":[]}],"jetpack_sharing_enabled":true,"jetpack_featured_media_url":"","_links":{"self":[{"href":"https:\/\/www.u-bahn-muenchen.de\/blog\/wp-json\/wp\/v2\/posts\/1040","targetHints":{"allow":["GET"]}}],"collection":[{"href":"https:\/\/www.u-bahn-muenchen.de\/blog\/wp-json\/wp\/v2\/posts"}],"about":[{"href":"https:\/\/www.u-bahn-muenchen.de\/blog\/wp-json\/wp\/v2\/types\/post"}],"author":[{"embeddable":true,"href":"https:\/\/www.u-bahn-muenchen.de\/blog\/wp-json\/wp\/v2\/users\/2"}],"replies":[{"embeddable":true,"href":"https:\/\/www.u-bahn-muenchen.de\/blog\/wp-json\/wp\/v2\/comments?post=1040"}],"version-history":[{"count":12,"href":"https:\/\/www.u-bahn-muenchen.de\/blog\/wp-json\/wp\/v2\/posts\/1040\/revisions"}],"predecessor-version":[{"id":1188,"href":"https:\/\/www.u-bahn-muenchen.de\/blog\/wp-json\/wp\/v2\/posts\/1040\/revisions\/1188"}],"wp:attachment":[{"href":"https:\/\/www.u-bahn-muenchen.de\/blog\/wp-json\/wp\/v2\/media?parent=1040"}],"wp:term":[{"taxonomy":"category","embeddable":true,"href":"https:\/\/www.u-bahn-muenchen.de\/blog\/wp-json\/wp\/v2\/categories?post=1040"},{"taxonomy":"post_tag","embeddable":true,"href":"https:\/\/www.u-bahn-muenchen.de\/blog\/wp-json\/wp\/v2\/tags?post=1040"}],"curies":[{"name":"wp","href":"https:\/\/api.w.org\/{rel}","templated":true}]}}