{"id":10,"date":"2007-03-31T19:08:29","date_gmt":"2007-03-31T18:08:29","guid":{"rendered":"http:\/\/www.muenchnerubahn.de\/blog\/2007\/03\/nuernberg\/"},"modified":"2024-10-07T13:28:17","modified_gmt":"2024-10-07T11:28:17","slug":"nuernberg","status":"publish","type":"post","link":"https:\/\/www.u-bahn-muenchen.de\/blog\/2007\/03\/nuernberg\/","title":{"rendered":"U-Bahn in N\u00fcrnberg und F\u00fcrth"},"content":{"rendered":"<p>Am vergangenen Donnerstag war ich mit zwei Freunden mal wieder in N\u00fcrnberg. Dieses Mal haben wir uns das ganze Netz mal am St\u00fcck angeschaut. Das schafft man ja bei nur zwei Linien in relativ kurzer Zeit.<\/p>\n<p>[img id=nbg_lorenzkirche align=right]Rein optisch ist in N\u00fcrnberg bei den meisten U-Bahnh\u00f6fen nicht viel geboten: Auf den alten U1-Bahnh\u00f6fen Richtung Langwasser ist es meistens Sanit\u00e4roptik mit einem farbigen, aufgeschraubten Linienband, sonst sehen die Bahnh\u00f6fe alle gleich (h\u00e4sslich) aus. Bei den etwas neueren Bahnh\u00f6fen dominiert dann grau in grau: Betonoptik, immerhin mit aufgerautem Sichtbeton. Gelegentlich mal ein bisschen Gestaltung, aber ansonsten dominiert dort die Langeweile. Die Sitzb\u00e4nke haben in der Regel nicht mal eine R\u00fcckenlehne. Bahnh\u00f6fe wie Lorenzkirche wirken an sich zwar ganz interessant, aber diese ewige Grau-in-Grau&#8230; Das macht richtig depressiv.<\/p>\n<p>[img id=nbg_fuerth_hbf align=right]Richtung F\u00fcrth wird es leider anfangs auch nicht interessanter, dazwischen liegen auf der U1 sogar noch einige f\u00fcrchterliche Schandtaten des \u00f6ffentlichen Hoch- und Tiefbaus. Dass Gostenhof Leben ist, wie das gleichnamige Plakat verspricht, bezweifle ich da fast ;)<br \/>\nDie neueren Bahnh\u00f6fe in F\u00fcrth hingegen sind optisch recht ansprechend, die farbigen Wandverzierungen in der Stadthalle wirken edel, auch der derzeitige Endbahnhof Klinikum ist ganz nett. Man hat also auch in N\u00fcrnberg gelernt, dass es auch anders geht.<br \/>\n[img id=nbg_plaerrer align=right]Architektonisch interessant ist hingegen der Pl\u00e4rrer, die hohen Pfeiler und die Oberlichter verliehen zumindest der oberen Ebene eine gewisse Eleganz. Die Betriebsgestaltung dort ist auch gut gel\u00f6st: die Linien U1 und U2 treffen sich am selben Bahnsteig und erm\u00f6glichen somit ein direktes Umsteigen, die anderen Richtungen sind in einer anderen Ebene angeordnet.<\/p>\n<p>Von der U2 habe ich leider keine Bilder, die meisten stammen ohnehin von meinem vorletzten N\u00fcrnberg Besuch im Sp\u00e4tsommer letzten Jahres. Auf der U2 hat man immerhin versucht, etwas aus dem Trott rauszukommen und etwas heiterere Farben und Motive zu verwenden. Gelungen ist das leider nicht \u00fcberall, gute Ideen wie der liegende Fernsehturm im U-Bahnhof Hohe Marter oder die offene Galerie zum Frauentorgraben hin am U-Bahnhof Opernhaus verm\u00f6gen es dennoch nicht, \u00fcber die teilweise recht tristen anderen Stationen hinwegzutr\u00f6sten.<\/p>\n<p>[img id=a_108_nbg align=right]Als M\u00fcnchner freut man sich nat\u00fcrlich dar\u00fcber, heimische Z\u00fcge dort zu erleben: aktuell sind in N\u00fcrnberg zehn A-Wagen aus M\u00fcnchen unterwegs, sechs davon hat die VAG ganz gekauft, vier weitere vor\u00fcbergehend gemietet. An sich sollte der Mietvertrag bis Ende M\u00e4rz gehen, bisher sind die Z\u00fcge aber noch in N\u00fcrnberg. Beim direkten Vergleich fallen einem dann auch kleine Unterschiede auf, z.B. \u00f6ffnen sich die T\u00fcren der DT1 lauter und die Z\u00fcge riechen anders.<\/p>\n<p>Abschlie\u00dfend noch zwei Tipps: <a title=\"www.cityverkehr.de\" href=\"http:\/\/www.cityverkehr.de\/\">www.cityverkehr.de<\/a> ist eine hervorragende Seite meines Kollegen Michael Schedel, die sich mit dem Nahverkehr in N\u00fcrnberg auseinandersetz und dabei besonders auch auf die N\u00fcrnberger U-Bahn eingeht. Auch zu empfehlen ist das Buch &#8222;<a title=\"N\u00fcrnberg U-Bahn Album\" href=\"http:\/\/www.amazon.de\/N%C3%BCrnberg-U-Bahn-Album-Michael-Schedel\/dp\/3936573115\/\">N\u00fcrnberg U-Bahn Album<\/a>&#8222;, ebenfalls von Michael Schedel. Es ist erst vor wenigen Wochen im Robert Schwandl Verlag erschienen und daher topaktuell.<\/p>\n","protected":false},"excerpt":{"rendered":"<p>Am vergangenen Donnerstag war ich mit zwei Freunden mal wieder in N\u00fcrnberg. Dieses Mal haben wir uns das ganze Netz mal am St\u00fcck angeschaut. Das schafft man ja bei nur zwei Linien in relativ kurzer Zeit. [img id=nbg_lorenzkirche align=right]Rein optisch ist in N\u00fcrnberg bei den meisten U-Bahnh\u00f6fen nicht viel geboten: Auf den alten U1-Bahnh\u00f6fen Richtung [&hellip;]<\/p>\n","protected":false},"author":2,"featured_media":0,"comment_status":"open","ping_status":"open","sticky":false,"template":"","format":"standard","meta":{"advanced_seo_description":"","jetpack_seo_html_title":"","jetpack_seo_noindex":false,"jetpack_seo_schema_type":"","_jetpack_newsletter_access":"","_jetpack_dont_email_post_to_subs":false,"_jetpack_newsletter_tier_id":0,"_jetpack_memberships_contains_paywalled_content":false,"_jetpack_feature_clip_id":0,"_jetpack_memberships_contains_paid_content":false,"footnotes":"","jetpack_post_was_ever_published":false},"categories":[5],"tags":[],"class_list":["post-10","post","type-post","status-publish","format-standard","hentry","category-blick-in-die-ferne"],"jetpack_shortlink":"https:\/\/wp.me\/p87CPJ-a","jetpack-related-posts":[{"id":20,"url":"https:\/\/www.u-bahn-muenchen.de\/blog\/2010\/05\/paolo-nestler\/","url_meta":{"origin":10,"position":0},"title":"Paolo Nestler &#8211; Ein Nachruf","author":"Florian Sch\u00fctz","date":"8. Mai 2010","format":false,"excerpt":"Vor wenigen Wochen ist einer der Pioniere der M\u00fcnchner U-Bahn im Alter von 89 Jahren gestorben: Professor Paolo Nestler. Obwohl der Name vermutlich wenigen etwas sagt, kennt jeder M\u00fcnchner zahlreiche seiner Bauwerke: Paolo Nestler zeichnet sich f\u00fcr eine Vielzahl an U-Bahnh\u00f6fen in M\u00fcnchen verantwortlich, darunter fast alle des 1971 er\u00f6ffneten\u2026","rel":"","context":"In &quot;Geschichte&quot;","block_context":{"text":"Geschichte","link":"https:\/\/www.u-bahn-muenchen.de\/blog\/category\/geschichte\/"},"img":{"alt_text":"","src":"","width":0,"height":0},"classes":[]},{"id":4,"url":"https:\/\/www.u-bahn-muenchen.de\/blog\/2007\/01\/munchens-schonster-u-bahnhof\/","url_meta":{"origin":10,"position":1},"title":"M\u00fcnchens sch\u00f6nster U-Bahnhof?","author":"Florian Sch\u00fctz","date":"15. Januar 2007","format":false,"excerpt":"Ich werde immer wieder gefragt, was ich f\u00fcr M\u00fcnchens sch\u00f6nsten U-Bahnhof halte. Aber ich bin ehrlich gesagt nicht in der Lage, darauf eine definitive Antwort zu geben. M\u00fcnchen hat einfach zu viele sch\u00f6ne U-Bahnh\u00f6fe! Ich versuche mich hier mal in einer kleinen Aufz\u00e4hlung. [img id=gb_5 align=right] Georg-Brauchle-Ring Die Abendzeitung hat\u2026","rel":"","context":"In &quot;U-Bahnh\u00f6fe&quot;","block_context":{"text":"U-Bahnh\u00f6fe","link":"https:\/\/www.u-bahn-muenchen.de\/blog\/category\/u-bahnhofe\/"},"img":{"alt_text":"","src":"","width":0,"height":0},"classes":[]},{"id":8,"url":"https:\/\/www.u-bahn-muenchen.de\/blog\/2007\/02\/nichts-ist-fur-die-ewigkeit\/","url_meta":{"origin":10,"position":2},"title":"Nichts ist f\u00fcr die Ewigkeit","author":"Ben","date":"18. Februar 2007","format":false,"excerpt":"Pl\u00e4doyer f\u00fcr die Umgestaltung \u00e4lterer U-Bahnh\u00f6fe In der S\u00fcddeutschen Zeitung war vor einigen Wochen zu lesen, da\u00df in den n\u00e4chsten Jahren einige U-Bahnh\u00f6fe zur Sanierung anst\u00fcnden. Es wurde in erster Linie von den 1971\/72 er\u00f6ffneten Bahnh\u00f6fen gesprochen, namentlich wurde, wenn ich das richtig im Kopf habe (ich finde den Artikel\u2026","rel":"","context":"In &quot;U-Bahnh\u00f6fe&quot;","block_context":{"text":"U-Bahnh\u00f6fe","link":"https:\/\/www.u-bahn-muenchen.de\/blog\/category\/u-bahnhofe\/"},"img":{"alt_text":"","src":"","width":0,"height":0},"classes":[]},{"id":590,"url":"https:\/\/www.u-bahn-muenchen.de\/blog\/2021\/04\/u5-nach-pasing-letzter-abschnitt-ist-genehmigt\/","url_meta":{"origin":10,"position":3},"title":"U5 nach Pasing: letzter Abschnitt ist genehmigt","author":"Florian Sch\u00fctz","date":"27. April 2021","format":false,"excerpt":"Seit vielen Jahren wird \u00fcber die Verl\u00e4ngerung der U5 nach Pasing diskutiert und gestritten, mehr als einige bauvorbereitende Ma\u00dfnahmen sind auch noch nicht erfolgt. In dieser Woche ist f\u00fcr den letzten noch ausstehenden Abschnitt vom Bahnhof [bflink id=KI] bis [bflink id=PG] die Planfeststellungsgenehmigung erteilt worden. F\u00fcr beide vorigen Abschnitte der\u2026","rel":"","context":"In &quot;Netz&quot;","block_context":{"text":"Netz","link":"https:\/\/www.u-bahn-muenchen.de\/blog\/category\/netz\/"},"img":{"alt_text":"","src":"","width":0,"height":0},"classes":[]},{"id":467,"url":"https:\/\/www.u-bahn-muenchen.de\/blog\/2016\/12\/u3-u6-behinderungen-poccistrasse\/","url_meta":{"origin":10,"position":4},"title":"U3\/U6: Behinderungen im Sp\u00e4tverkehr im Bahnhof Poccistra\u00dfe","author":"Florian Sch\u00fctz","date":"8. Dezember 2016","format":false,"excerpt":"Wegen Bauarbeiten durchfahren die Z\u00fcge der Linien U3 und U6 die Station [bflink id=pc] am Montag, 12. Dezember sowie am Dienstag, 13. Dezember, jeweils ab ca. 22 Uhr ohne Halt. Dann k\u00f6nnen Fahrg\u00e4ste dort also weder ein- noch aussteigen. Ersatzweise richtet die MVG einen Schienenersatzverkehr (SEV) mit Bussen ein. Diese\u2026","rel":"","context":"In &quot;St\u00f6rungen und Bauarbeiten&quot;","block_context":{"text":"St\u00f6rungen und Bauarbeiten","link":"https:\/\/www.u-bahn-muenchen.de\/blog\/category\/storungen-und-bauarbeiten\/"},"img":{"alt_text":"","src":"","width":0,"height":0},"classes":[]},{"id":17,"url":"https:\/\/www.u-bahn-muenchen.de\/blog\/2010\/03\/tunnel-tour-in-moosach\/","url_meta":{"origin":10,"position":5},"title":"Tunnel-Tour in Moosach","author":"Florian Sch\u00fctz","date":"25. M\u00e4rz 2010","format":false,"excerpt":"Heute war ich bei einer gef\u00fchrten Tour durch die Moosacher U-Bahn-Baustelle. Startschuss war mit Helm um 9 Uhr am Kiosk im Zwischengeschoss des U-Bahnhofs [bflink id=OE]. Schon witzig, wenn da 20 Leute mit Helm und \u00fcberwiegend Warnweste rumstehen. Anschlie\u00dfend ging es am Bahnsteigende des [bflink id=OK text=U3-Bahnhofs] runter auf die\u2026","rel":"","context":"In &quot;U-Bahnh\u00f6fe&quot;","block_context":{"text":"U-Bahnh\u00f6fe","link":"https:\/\/www.u-bahn-muenchen.de\/blog\/category\/u-bahnhofe\/"},"img":{"alt_text":"","src":"","width":0,"height":0},"classes":[]}],"jetpack_sharing_enabled":true,"jetpack_featured_media_url":"","_links":{"self":[{"href":"https:\/\/www.u-bahn-muenchen.de\/blog\/wp-json\/wp\/v2\/posts\/10","targetHints":{"allow":["GET"]}}],"collection":[{"href":"https:\/\/www.u-bahn-muenchen.de\/blog\/wp-json\/wp\/v2\/posts"}],"about":[{"href":"https:\/\/www.u-bahn-muenchen.de\/blog\/wp-json\/wp\/v2\/types\/post"}],"author":[{"embeddable":true,"href":"https:\/\/www.u-bahn-muenchen.de\/blog\/wp-json\/wp\/v2\/users\/2"}],"replies":[{"embeddable":true,"href":"https:\/\/www.u-bahn-muenchen.de\/blog\/wp-json\/wp\/v2\/comments?post=10"}],"version-history":[{"count":1,"href":"https:\/\/www.u-bahn-muenchen.de\/blog\/wp-json\/wp\/v2\/posts\/10\/revisions"}],"predecessor-version":[{"id":1098,"href":"https:\/\/www.u-bahn-muenchen.de\/blog\/wp-json\/wp\/v2\/posts\/10\/revisions\/1098"}],"wp:attachment":[{"href":"https:\/\/www.u-bahn-muenchen.de\/blog\/wp-json\/wp\/v2\/media?parent=10"}],"wp:term":[{"taxonomy":"category","embeddable":true,"href":"https:\/\/www.u-bahn-muenchen.de\/blog\/wp-json\/wp\/v2\/categories?post=10"},{"taxonomy":"post_tag","embeddable":true,"href":"https:\/\/www.u-bahn-muenchen.de\/blog\/wp-json\/wp\/v2\/tags?post=10"}],"curies":[{"name":"wp","href":"https:\/\/api.w.org\/{rel}","templated":true}]}}